

{"id":97837,"date":"2024-06-11T00:31:04","date_gmt":"2024-06-11T00:31:04","guid":{"rendered":"https:\/\/aavesa.com\/az-elegancia-es-a-hagyomanyok-megbecsulesenek-kronologiaja-a-szorme-es-boriparban\/"},"modified":"2024-06-11T00:31:04","modified_gmt":"2024-06-11T00:31:04","slug":"az-elegancia-es-a-hagyomanyok-megbecsulesenek-kronologiaja-a-szorme-es-boriparban","status":"publish","type":"post","link":"https:\/\/aavesa.com\/hu\/az-elegancia-es-a-hagyomanyok-megbecsulesenek-kronologiaja-a-szorme-es-boriparban\/","title":{"rendered":"Az elegancia \u00e9s a hagyom\u00e1nyok megbecs\u00fcl\u00e9s\u00e9nek kronol\u00f3gi\u00e1ja a sz\u0151rme- \u00e9s b\u0151riparban"},"content":{"rendered":"<p>30 \u00e9vvel ezel\u0151tti, 1994. \u00e1prilis 25-i alap\u00edt\u00e1sa \u00f3ta az A&amp;A Vesa a divatvil\u00e1g egyik meghat\u00e1roz\u00f3 neve, amely az elegancia \u00e9s a min\u0151s\u00e9g egyed\u00fcl\u00e1ll\u00f3 kombin\u00e1ci\u00f3j\u00e1t hozza l\u00e9tre minden egyes darabj\u00e1ban. A sz\u0151rme- \u00e9s b\u0151rruh\u00e1kt\u00f3l kezdve a min\u0151s\u00e9gi anyagokb\u00f3l k\u00e9sz\u00fclt kieg\u00e9sz\u00edt\u0151kig sz\u00e9les term\u00e9kpalett\u00e1val a gy\u00e1r tekint\u00e9lyes helyet v\u00edvott ki mag\u00e1nak a rom\u00e1niai \u00e9s eur\u00f3pai piacon, \u00e9s mindenhol siker\u00fclt kiel\u00e9g\u00edtenie a v\u00e1s\u00e1rl\u00f3k kifinomult \u00edzl\u00e9s\u00e9t. <\/p>\n<p><a href=\"http:\/\/www.aavesa.com\/wp-content\/uploads\/2023\/09\/Shearling-hooded-mink-fur-jacket-HM032-green-1.jpg\"><img fetchpriority=\"high\" decoding=\"async\" class=\"aligncenter wp-image-23957 size-full\" src=\"https:\/\/aavesa.com\/wp-content\/uploads\/2023\/09\/Shearling-hooded-mink-fur-jacket-HM032-green-1.jpg\" alt=\"nercbunda kab\u00e1t\" width=\"1000\" height=\"1500\" srcset=\"https:\/\/aavesa.com\/wp-content\/uploads\/2023\/09\/Shearling-hooded-mink-fur-jacket-HM032-green-1.jpg 1000w, https:\/\/aavesa.com\/wp-content\/uploads\/2023\/09\/Shearling-hooded-mink-fur-jacket-HM032-green-1-64x96.jpg 64w, https:\/\/aavesa.com\/wp-content\/uploads\/2023\/09\/Shearling-hooded-mink-fur-jacket-HM032-green-1-200x300.jpg 200w, https:\/\/aavesa.com\/wp-content\/uploads\/2023\/09\/Shearling-hooded-mink-fur-jacket-HM032-green-1-683x1024.jpg 683w, https:\/\/aavesa.com\/wp-content\/uploads\/2023\/09\/Shearling-hooded-mink-fur-jacket-HM032-green-1-768x1152.jpg 768w\" sizes=\"(max-width: 1000px) 100vw, 1000px\" \/><\/a><\/p>\n<p>Az A&amp;A Vesa 1994-es indul\u00e1s\u00e1t\u00f3l kezdve olyan term\u00e9kek k\u00edn\u00e1l\u00e1s\u00e1ra t\u00f6rekedett, amelyek min\u0151s\u00e9g \u00e9s formatervez\u00e9s tekintet\u00e9ben fel\u00fclm\u00falj\u00e1k az elv\u00e1r\u00e1sokat. Kiv\u00e9teles figyelmet ford\u00edtanak a r\u00e9szletekre \u00e9s a legmagasabb min\u0151s\u00e9g\u0171 anyagok ir\u00e1nti szenved\u00e9ly\u00fcknek k\u00f6sz\u00f6nhet\u0151en a m\u0171helyekben k\u00e9sz\u00fclt minden egyes darab a k\u00e9zm\u0171vess\u00e9g \u00e9s a kifinomults\u00e1g hiteles kifejez\u0151d\u00e9se. <\/p>\n<p><a href=\"http:\/\/www.aavesa.com\/wp-content\/uploads\/2023\/09\/Shearling-overcoat-with-raccoon-fur-390-brown-1.jpg\"><img decoding=\"async\" class=\"aligncenter wp-image-24065 size-full\" src=\"https:\/\/aavesa.com\/wp-content\/uploads\/2023\/09\/Shearling-overcoat-with-raccoon-fur-390-brown-1.jpg\" alt=\"f\u00e9rfi ny\u00edrbunda mos\u00f3medve sz\u0151rm\u00e9vel\" width=\"1000\" height=\"1500\" srcset=\"https:\/\/aavesa.com\/wp-content\/uploads\/2023\/09\/Shearling-overcoat-with-raccoon-fur-390-brown-1.jpg 1000w, https:\/\/aavesa.com\/wp-content\/uploads\/2023\/09\/Shearling-overcoat-with-raccoon-fur-390-brown-1-64x96.jpg 64w, https:\/\/aavesa.com\/wp-content\/uploads\/2023\/09\/Shearling-overcoat-with-raccoon-fur-390-brown-1-200x300.jpg 200w, https:\/\/aavesa.com\/wp-content\/uploads\/2023\/09\/Shearling-overcoat-with-raccoon-fur-390-brown-1-683x1024.jpg 683w, https:\/\/aavesa.com\/wp-content\/uploads\/2023\/09\/Shearling-overcoat-with-raccoon-fur-390-brown-1-768x1152.jpg 768w\" sizes=\"(max-width: 1000px) 100vw, 1000px\" \/><\/a><\/p>\n<p>A m\u00e1rka egyik meghat\u00e1roz\u00f3 jellemz\u0151je a leny\u0171g\u00f6z\u0151 anyagv\u00e1laszt\u00e9k. Az antilopsz\u0151rme, szarvasbunda, <a href=\"https:\/\/aavesa.com\/hu\/nok\/vidra-bundak-vidra-zsekik\/\">ny\u00e9rcbunda<\/a>, hi\u00fazbunda, b\u00e1r\u00e1nybunda, nutriabunda, mos\u00f3medvebunda, r\u00e9nszarvasbunda, marhab\u0151r, b\u00e1r\u00e1nyb\u0151r, r\u00e9nszarvasb\u0151r \u00e9s marhab\u0151r, az A&amp;A Vesa a lehet\u0151s\u00e9gek sz\u00e9les sk\u00e1l\u00e1j\u00e1t k\u00edn\u00e1lja az \u00fcgyfelek sz\u00e1m\u00e1ra, minden anyagot gondosan kiv\u00e1lasztva a kiv\u00e1l\u00f3 min\u0151s\u00e9g \u00e9s a hossz\u00fa \u00e9lettartam biztos\u00edt\u00e1sa \u00e9rdek\u00e9ben. <\/p>\n<p><a href=\"http:\/\/www.aavesa.com\/wp-content\/uploads\/2023\/09\/Leather-biker-jacket-3029-black-1.jpg\"><img decoding=\"async\" class=\"aligncenter wp-image-24030 size-full\" src=\"https:\/\/aavesa.com\/wp-content\/uploads\/2023\/09\/Leather-biker-jacket-3029-black-1.jpg\" alt=\"B\u0151rkab\u00e1t f\u00e9rfiaknak\" width=\"1000\" height=\"1500\" srcset=\"https:\/\/aavesa.com\/wp-content\/uploads\/2023\/09\/Leather-biker-jacket-3029-black-1.jpg 1000w, https:\/\/aavesa.com\/wp-content\/uploads\/2023\/09\/Leather-biker-jacket-3029-black-1-64x96.jpg 64w, https:\/\/aavesa.com\/wp-content\/uploads\/2023\/09\/Leather-biker-jacket-3029-black-1-200x300.jpg 200w, https:\/\/aavesa.com\/wp-content\/uploads\/2023\/09\/Leather-biker-jacket-3029-black-1-683x1024.jpg 683w, https:\/\/aavesa.com\/wp-content\/uploads\/2023\/09\/Leather-biker-jacket-3029-black-1-768x1152.jpg 768w\" sizes=\"(max-width: 1000px) 100vw, 1000px\" \/><\/a><\/p>\n<p>Az A&amp;A Vesa-t az k\u00fcl\u00f6nb\u00f6zteti meg m\u00e1s m\u00e1rk\u00e1kt\u00f3l, hogy k\u00e9pes \u00f6tv\u00f6zni a hagyom\u00e1nyt az innov\u00e1ci\u00f3val. M\u00edg egyes darabok klasszikus \u00e9s id\u0151tlen st\u00edlust t\u00fckr\u00f6znek, m\u00e1sok modernek \u00e9s \u00e9l\u00e9nkek, alkalmazkodva a v\u00e1s\u00e1rl\u00f3k v\u00e1ltoz\u00f3 ig\u00e9nyeihez \u00e9s preferenci\u00e1ihoz. Legyen sz\u00f3 ak\u00e1r egy eleg\u00e1ns nercbunda trencs\u00e9nr\u0151l vagy egy \u00e9l\u00e9nk \u00e1rnyalat\u00fa <a href=\"https:\/\/aavesa.com\/hu\/ferfiak\/shearling-kabatok-ferfiaknak\/\">b\u00e1r\u00e1nyb\u0151r kab\u00e1tr\u00f3l<\/a>, minden egyes darabot \u00fagy terveztek, hogy \u00f6r\u00f6met \u00e9s meglepet\u00e9st okozzon.  <\/p>\n<p><a href=\"http:\/\/www.aavesa.com\/wp-content\/uploads\/2023\/09\/Leather-oversized-trench-1040-black-1.jpg\"><img loading=\"lazy\" decoding=\"async\" class=\"aligncenter wp-image-23936 size-full\" src=\"https:\/\/aavesa.com\/wp-content\/uploads\/2023\/09\/Leather-oversized-trench-1040-black-1.jpg\" alt=\"trench coat n\u0151knek\" width=\"1000\" height=\"1500\" srcset=\"https:\/\/aavesa.com\/wp-content\/uploads\/2023\/09\/Leather-oversized-trench-1040-black-1.jpg 1000w, https:\/\/aavesa.com\/wp-content\/uploads\/2023\/09\/Leather-oversized-trench-1040-black-1-64x96.jpg 64w, https:\/\/aavesa.com\/wp-content\/uploads\/2023\/09\/Leather-oversized-trench-1040-black-1-200x300.jpg 200w, https:\/\/aavesa.com\/wp-content\/uploads\/2023\/09\/Leather-oversized-trench-1040-black-1-683x1024.jpg 683w, https:\/\/aavesa.com\/wp-content\/uploads\/2023\/09\/Leather-oversized-trench-1040-black-1-768x1152.jpg 768w\" sizes=\"(max-width: 1000px) 100vw, 1000px\" \/><\/a><\/p>\n<p>A m\u00e1rka m\u00e1sik megk\u00fcl\u00f6nb\u00f6ztet\u0151 eleme a r\u00e9szletekre val\u00f3 kiv\u00e9teles odafigyel\u00e9s. A finom varr\u00e1st\u00f3l a kifog\u00e1stalan kivitelez\u00e9sig minden darab a legnagyobb gondoss\u00e1ggal \u00e9s a min\u0151s\u00e9gre val\u00f3 odafigyel\u00e9ssel k\u00e9sz\u00fcl. <\/p>\n<p><a href=\"http:\/\/www.aavesa.com\/wp-content\/uploads\/2023\/09\/Shearling-jacket-386-cognac-1.jpg\"><img loading=\"lazy\" decoding=\"async\" class=\"aligncenter wp-image-23812 size-full\" src=\"https:\/\/aavesa.com\/wp-content\/uploads\/2023\/09\/Shearling-jacket-386-cognac-1.jpg\" alt=\"b\u00e1r\u00e1nyb\u0151r kab\u00e1t f\u00e9rfiaknak\" width=\"1000\" height=\"1500\" srcset=\"https:\/\/aavesa.com\/wp-content\/uploads\/2023\/09\/Shearling-jacket-386-cognac-1.jpg 1000w, https:\/\/aavesa.com\/wp-content\/uploads\/2023\/09\/Shearling-jacket-386-cognac-1-64x96.jpg 64w, https:\/\/aavesa.com\/wp-content\/uploads\/2023\/09\/Shearling-jacket-386-cognac-1-200x300.jpg 200w, https:\/\/aavesa.com\/wp-content\/uploads\/2023\/09\/Shearling-jacket-386-cognac-1-683x1024.jpg 683w, https:\/\/aavesa.com\/wp-content\/uploads\/2023\/09\/Shearling-jacket-386-cognac-1-768x1152.jpg 768w\" sizes=\"(max-width: 1000px) 100vw, 1000px\" \/><\/a><\/p>\n<p>Az A&amp;A Vesa 30 \u00e9ves kiv\u00e1l\u00f3s\u00e1ggal a h\u00e1ta m\u00f6g\u00f6tt tov\u00e1bbra is a sz\u0151rme- \u00e9s term\u00e9szetes b\u0151rruh\u00e1zat vil\u00e1g\u00e1nak meghat\u00e1roz\u00f3 neve marad. A gy\u00e1rnak minden egyes \u00faj kollekci\u00f3val siker\u00fcl meglepnie \u00e9s inspir\u00e1lnia, friss \u00e9s innovat\u00edv leveg\u0151t hozva a sz\u0151rme- \u00e9s b\u0151rszakm\u00e1ba. <\/p>\n<p><a href=\"http:\/\/www.aavesa.com\/wp-content\/uploads\/2023\/09\/Mink-fur-cape-620-taupe-1.jpg\"><img loading=\"lazy\" decoding=\"async\" class=\"aligncenter wp-image-23702 size-full\" src=\"https:\/\/aavesa.com\/wp-content\/uploads\/2023\/09\/Mink-fur-cape-620-taupe-1.jpg\" alt=\"ny\u00e9rcbunda\" width=\"1000\" height=\"1500\" srcset=\"https:\/\/aavesa.com\/wp-content\/uploads\/2023\/09\/Mink-fur-cape-620-taupe-1.jpg 1000w, https:\/\/aavesa.com\/wp-content\/uploads\/2023\/09\/Mink-fur-cape-620-taupe-1-64x96.jpg 64w, https:\/\/aavesa.com\/wp-content\/uploads\/2023\/09\/Mink-fur-cape-620-taupe-1-200x300.jpg 200w, https:\/\/aavesa.com\/wp-content\/uploads\/2023\/09\/Mink-fur-cape-620-taupe-1-683x1024.jpg 683w, https:\/\/aavesa.com\/wp-content\/uploads\/2023\/09\/Mink-fur-cape-620-taupe-1-768x1152.jpg 768w\" sizes=\"(max-width: 1000px) 100vw, 1000px\" \/><\/a><\/p>\n<p>\u00d6sszefoglalva, az A&amp;A Vesa sokkal t\u00f6bb, mint egy ruhagy\u00e1r &#8211; ez egy sikert\u00f6rt\u00e9net, az elegancia \u00e9s a hagyom\u00e1nyok kr\u00f3nik\u00e1ja egy folyamatosan v\u00e1ltoz\u00f3 vil\u00e1gban. A sz\u00e9ps\u00e9g ir\u00e1nti szenved\u00e9llyel \u00e9s a min\u0151s\u00e9g ir\u00e1nti elk\u00f6telezetts\u00e9ggel a m\u00e1rka tov\u00e1bbra is m\u00e9rc\u00e9t \u00e1ll\u00edt az ipar\u00e1gban, \u00e9s arra inspir\u00e1lja v\u00e1s\u00e1rl\u00f3it, hogy st\u00edlusosan \u00e9s kifinomultan \u00e9ljenek. <\/p>\n","protected":false},"excerpt":{"rendered":"<p>30 \u00e9vvel ezel\u0151tti, 1994. \u00e1prilis 25-i alap\u00edt\u00e1sa \u00f3ta az A&amp;A Vesa a divatvil\u00e1g egyik meghat\u00e1roz\u00f3 neve, amely az elegancia \u00e9s a min\u0151s\u00e9g egyed\u00fcl\u00e1ll\u00f3 kombin\u00e1ci\u00f3j\u00e1t hozza l\u00e9tre minden egyes darabj\u00e1ban. A sz\u0151rme- \u00e9s b\u0151rruh\u00e1kt\u00f3l kezdve a min\u0151s\u00e9gi anyagokb\u00f3l k\u00e9sz\u00fclt kieg\u00e9sz\u00edt\u0151kig sz\u00e9les term\u00e9kpalett\u00e1val a gy\u00e1r tekint\u00e9lyes helyet v\u00edvott ki mag\u00e1nak a rom\u00e1niai \u00e9s eur\u00f3pai piacon, \u00e9s mindenhol [&hellip;]<\/p>\n","protected":false},"author":11,"featured_media":96222,"comment_status":"closed","ping_status":"open","sticky":false,"template":"","format":"standard","meta":{"_acf_changed":false,"om_disable_all_campaigns":false,"inline_featured_image":false,"_monsterinsights_skip_tracking":false,"_monsterinsights_sitenote_active":false,"_monsterinsights_sitenote_note":"","_monsterinsights_sitenote_category":0,"footnotes":""},"categories":[917],"tags":[],"class_list":["post-97837","post","type-post","status-publish","format-standard","has-post-thumbnail","hentry","category-blog-hu"],"acf":[],"aioseo_notices":[],"_links":{"self":[{"href":"https:\/\/aavesa.com\/hu\/wp-json\/wp\/v2\/posts\/97837","targetHints":{"allow":["GET"]}}],"collection":[{"href":"https:\/\/aavesa.com\/hu\/wp-json\/wp\/v2\/posts"}],"about":[{"href":"https:\/\/aavesa.com\/hu\/wp-json\/wp\/v2\/types\/post"}],"author":[{"embeddable":true,"href":"https:\/\/aavesa.com\/hu\/wp-json\/wp\/v2\/users\/11"}],"replies":[{"embeddable":true,"href":"https:\/\/aavesa.com\/hu\/wp-json\/wp\/v2\/comments?post=97837"}],"version-history":[{"count":0,"href":"https:\/\/aavesa.com\/hu\/wp-json\/wp\/v2\/posts\/97837\/revisions"}],"wp:featuredmedia":[{"embeddable":true,"href":"https:\/\/aavesa.com\/hu\/wp-json\/wp\/v2\/media\/96222"}],"wp:attachment":[{"href":"https:\/\/aavesa.com\/hu\/wp-json\/wp\/v2\/media?parent=97837"}],"wp:term":[{"taxonomy":"category","embeddable":true,"href":"https:\/\/aavesa.com\/hu\/wp-json\/wp\/v2\/categories?post=97837"},{"taxonomy":"post_tag","embeddable":true,"href":"https:\/\/aavesa.com\/hu\/wp-json\/wp\/v2\/tags?post=97837"}],"curies":[{"name":"wp","href":"https:\/\/api.w.org\/{rel}","templated":true}]}}