

{"id":97838,"date":"2024-02-06T21:55:21","date_gmt":"2024-02-06T21:55:21","guid":{"rendered":"https:\/\/aavesa.com\/az-aa-vesa-jelen-lesz-a-milanoi-the-one-kiallitason-es-a-londoni-pure-london-kiallitason\/"},"modified":"2024-02-06T21:55:21","modified_gmt":"2024-02-06T21:55:21","slug":"az-aa-vesa-jelen-lesz-a-milanoi-the-one-kiallitason-es-a-londoni-pure-london-kiallitason","status":"publish","type":"post","link":"https:\/\/aavesa.com\/hu\/az-aa-vesa-jelen-lesz-a-milanoi-the-one-kiallitason-es-a-londoni-pure-london-kiallitason\/","title":{"rendered":"Az A&amp;A Vesa jelen lesz a mil\u00e1n\u00f3i The One ki\u00e1ll\u00edt\u00e1son \u00e9s a londoni Pure London ki\u00e1ll\u00edt\u00e1son."},"content":{"rendered":"<p>A divatvil\u00e1g a legfontosabb divatrendezv\u00e9nyek kezdet\u00e9re k\u00e9sz\u00fcl. Ebben a cikkben megtudhatod, hol tal\u00e1lkozhatsz ebben a h\u00f3napban a legfontosabb divatkeresked\u0151kkel. <\/p>\n<p><strong>The One Milano ki\u00e1ll\u00edt\u00e1s<\/strong><br \/>\nA The One Milano a term\u00e9szetes sz\u0151rm\u00e9k, ruh\u00e1k \u00e9s kieg\u00e9sz\u00edt\u0151k egyik legfontosabb nemzetk\u00f6zi szint\u0171 ki\u00e1ll\u00edt\u00e1sa. Az esem\u00e9ny a n\u0151i ready-to-wear cs\u00facsdivatot k\u00e9pviseli. A k\u00f6vetkez\u0151 kiad\u00e1sra 2024. febru\u00e1r 18. \u00e9s 21. k\u00f6z\u00f6tt ker\u00fcl sor a Fiera Milano RHO-ban. Az esem\u00e9nyt a kreativit\u00e1s \u00e9s az \u00fczlet fontos \u00f6sszek\u00f6t\u0151 kapocsk\u00e9nt tervezt\u00e9k, platformot biztos\u00edtva a magas sz\u00ednvonal\u00fa n\u0151i divattervez\u0151knek \u00e9s m\u00e1rk\u00e1knak.<br \/>\nAz esem\u00e9ny lehet\u0151s\u00e9get ny\u00fajt a ki\u00e1ll\u00edt\u00f3knak, hogy bemutass\u00e1k kre\u00e1ci\u00f3ikat a nemzetk\u00f6zi k\u00f6z\u00f6ns\u00e9gnek, \u00e9s kapcsolatba l\u00e9pjenek a v\u00e1s\u00e1rl\u00f3kkal \u00e9s az ipar\u00e1g szakembereivel.   <\/p>\n<p><strong>A Pure London Exhibition<\/strong><br \/>\n<a href=\"http:\/\/www.aavesa.com\/wp-content\/uploads\/2024\/02\/image001.png\"><img fetchpriority=\"high\" decoding=\"async\" class=\"aligncenter wp-image-24455 size-full\" src=\"https:\/\/aavesa.com\/wp-content\/uploads\/2024\/02\/image001-1.png\" alt=\"tiszta london\" width=\"438\" height=\"311\" srcset=\"https:\/\/aavesa.com\/wp-content\/uploads\/2024\/02\/image001-1.png 438w, https:\/\/aavesa.com\/wp-content\/uploads\/2024\/02\/image001-1-64x45.png 64w, https:\/\/aavesa.com\/wp-content\/uploads\/2024\/02\/image001-1-300x213.png 300w\" sizes=\"(max-width: 438px) 100vw, 438px\" \/><\/a><br \/>\nA Pure London egy divatki\u00e1ll\u00edt\u00e1s, amelyet 2024. febru\u00e1r 11-13. k\u00f6z\u00f6tt rendeznek meg a londoni Olympia ki\u00e1ll\u00edt\u00e1si k\u00f6zpontban. Az esem\u00e9nyen neves nemzetk\u00f6zi divattervez\u0151k, vezet\u0151 m\u00e1rk\u00e1k \u00e9s az ipar\u00e1g rajong\u00f3i tal\u00e1lkoznak. <\/p>\n<p>Itt is \u00e9lvezheti a divat vil\u00e1g\u00e1nak szakemberei \u00e1ltal t\u00e1mogatott oktat\u00e1si szemin\u00e1riumok el\u0151nyeit, amelyek a 2024-es \u00e9v \u00f6sszes divatir\u00e1nyzat\u00e1t \u00e9s a vezet\u0151 m\u00e1rk\u00e1k \u00e1ltal k\u00e9sz\u00edtett innov\u00e1ci\u00f3kat mutatj\u00e1k be.<\/p>\n<p>A rendezv\u00e9ny nemzetk\u00f6zi platformot biztos\u00edt a term\u00e9szetes sz\u0151rme szegmensb\u0151l \u00e9s azon t\u00falr\u00f3l \u00e9rkez\u0151 t\u00f6bb sz\u00e1z m\u00e1rka sz\u00e1m\u00e1ra, akik akt\u00edv szerepet j\u00e1tszanak a divatir\u00e1nyzatok alak\u00edt\u00e1s\u00e1ban, \u00e9s besz\u00e9lget\u00e9st nyitnak a legfontosabb elemekr\u0151l, a ruh\u00e1kt\u00f3l kezdve a kieg\u00e9sz\u00edt\u0151k\u00f6n \u00e9s \u00e9kszereken \u00e1t a legfontosabb sz\u00ednekig, form\u00e1kig \u00e9s anyagokig.<br \/>\nA ki\u00e1ll\u00edt\u00e1s nyolc k\u00fcl\u00f6nb\u00f6z\u0151 v\u00e1s\u00e1rl\u00e1si ter\u00fcletet foglal mag\u00e1ban, mintegy 500 ki\u00e1ll\u00edt\u00f3val. Az esem\u00e9nyre hatalmas l\u00e1togat\u00f3sz\u00e1mot v\u00e1rnak, a szervez\u0151k eml\u00e9kezetes divatbemutat\u00f3t \u00edg\u00e9rnek. <\/p>\n<p><strong>Vesa term\u00e9szetes sz\u0151rm\u00e9k, jelen a ki\u00e1ll\u00edt\u00e1son<\/strong><\/p>\n<p>Az A&amp;A Vesa a k\u00e9t nemzetk\u00f6zi ki\u00e1ll\u00edt\u00e1son a luxussz\u0151rme szegmens legfontosabb ki\u00e1ll\u00edt\u00f3i k\u00f6z\u00f6tt van jelen.<\/p>\n<p>A Vesa egy rom\u00e1niai m\u00e1rka, amely kiv\u00e1l\u00f3 min\u0151s\u00e9g\u0171 sz\u0151rme- \u00e9s b\u0151rruh\u00e1zat\u00e1r\u00f3l h\u00edres. A Vesa m\u00e1rka t\u00f6bb mint 20 \u00e9ves tapasztalattal rendelkezik az ipar\u00e1gban, \u00e9s a nemzetk\u00f6zi piacon megb\u00edzhat\u00f3 gy\u00e1rt\u00f3nak sz\u00e1m\u00edt, sz\u00e1mos innov\u00e1ci\u00f3val az ipar\u00e1gban. A term\u00e9szetes anyagok haszn\u00e1lat\u00e1r\u00f3l \u00e9s a min\u0151s\u00e9gi el\u0151\u00edr\u00e1sok tiszteletben tart\u00e1s\u00e1r\u00f3l ismert Vesa tart\u00f3s \u00e9s st\u00edlusos ruh\u00e1zatot k\u00e9sz\u00edt f\u00e9rfiak \u00e9s n\u0151k sz\u00e1m\u00e1ra egyar\u00e1nt.  <\/p>\n<p>A Vesa term\u00e9keket egyedi tervez\u00e9s\u00fck \u00e9s a r\u00e9szletekre val\u00f3 odafigyel\u00e9s jellemzi, minden egyes darab a tervez\u0151csapat szenved\u00e9ly\u00e9t \u00e9s k\u00e9szs\u00e9g\u00e9t t\u00fckr\u00f6zi. A kollekci\u00f3k a ruh\u00e1zati cikkek sz\u00e9les v\u00e1laszt\u00e9k\u00e1t tartalmazz\u00e1k, a <a href=\"https:\/\/aavesa.com\/hu\/nok\/bundas-kabatok-es-bundas-dzsekik-noknek\/\">term\u00e9szetes sz\u0151rme kab\u00e1tokt\u00f3l<\/a> \u00e9s kab\u00e1tk\u00e1kt\u00f3l, kab\u00e1tokon \u00e9s kab\u00e1tokon \u00e1t a kieg\u00e9sz\u00edt\u0151kig, mint p\u00e9ld\u00e1ul sapk\u00e1k, keszty\u0171k, \u00f6vek \u00e9s p\u00e9nzt\u00e1rc\u00e1k, amelyek mind a saj\u00e1t rom\u00e1niai gy\u00e1runkban k\u00e9sz\u00fclnek. <\/p>\n<p>A Vesa a nemzetk\u00f6zi piacon val\u00f3 jelenl\u00e9t\u00e9t er\u0151s\u00edti a rangos divatki\u00e1ll\u00edt\u00e1sokon val\u00f3 r\u00e9szv\u00e9tellel, t\u00f6bbek k\u00f6z\u00f6tt a The One Milano \u00e9s a Pure London ki\u00e1ll\u00edt\u00e1sokon. Ezek az esem\u00e9nyek ide\u00e1lis platformot jelentenek a Vesa sz\u00e1m\u00e1ra, hogy bemutassa kollekci\u00f3it, \u00e9s \u00faj \u00fcgyfeleket \u00e9s partnereket vonzzon a vil\u00e1g minden t\u00e1j\u00e1r\u00f3l. A m\u00e1rka c\u00e9lja, hogy ne csak <a href=\"https:\/\/www.aavesa.com\/\">kiv\u00e1l\u00f3 min\u0151s\u00e9g\u0171 term\u00e9szetes sz\u0151rm\u00e9ket<\/a>, hanem egyedi \u00e9lm\u00e9nyt is k\u00edn\u00e1ljon v\u00e1s\u00e1rl\u00f3inak, \u00f6tv\u00f6zve a hagyom\u00e1nyos elemeket a modern divatir\u00e1nyzatokkal.  <\/p>\n","protected":false},"excerpt":{"rendered":"<p>A divatvil\u00e1g a legfontosabb divatrendezv\u00e9nyek kezdet\u00e9re k\u00e9sz\u00fcl. Ebben a cikkben megtudhatod, hol tal\u00e1lkozhatsz ebben a h\u00f3napban a legfontosabb divatkeresked\u0151kkel. The One Milano ki\u00e1ll\u00edt\u00e1s A The One Milano a term\u00e9szetes sz\u0151rm\u00e9k, ruh\u00e1k \u00e9s kieg\u00e9sz\u00edt\u0151k egyik legfontosabb nemzetk\u00f6zi szint\u0171 ki\u00e1ll\u00edt\u00e1sa. Az esem\u00e9ny a n\u0151i ready-to-wear cs\u00facsdivatot k\u00e9pviseli. A k\u00f6vetkez\u0151 kiad\u00e1sra 2024. febru\u00e1r 18. \u00e9s 21. k\u00f6z\u00f6tt ker\u00fcl [&hellip;]<\/p>\n","protected":false},"author":11,"featured_media":96221,"comment_status":"closed","ping_status":"open","sticky":false,"template":"","format":"standard","meta":{"_acf_changed":false,"om_disable_all_campaigns":false,"inline_featured_image":false,"_monsterinsights_skip_tracking":false,"_monsterinsights_sitenote_active":false,"_monsterinsights_sitenote_note":"","_monsterinsights_sitenote_category":0,"footnotes":""},"categories":[917],"tags":[],"class_list":["post-97838","post","type-post","status-publish","format-standard","has-post-thumbnail","hentry","category-blog-hu"],"acf":[],"aioseo_notices":[],"_links":{"self":[{"href":"https:\/\/aavesa.com\/hu\/wp-json\/wp\/v2\/posts\/97838","targetHints":{"allow":["GET"]}}],"collection":[{"href":"https:\/\/aavesa.com\/hu\/wp-json\/wp\/v2\/posts"}],"about":[{"href":"https:\/\/aavesa.com\/hu\/wp-json\/wp\/v2\/types\/post"}],"author":[{"embeddable":true,"href":"https:\/\/aavesa.com\/hu\/wp-json\/wp\/v2\/users\/11"}],"replies":[{"embeddable":true,"href":"https:\/\/aavesa.com\/hu\/wp-json\/wp\/v2\/comments?post=97838"}],"version-history":[{"count":0,"href":"https:\/\/aavesa.com\/hu\/wp-json\/wp\/v2\/posts\/97838\/revisions"}],"wp:featuredmedia":[{"embeddable":true,"href":"https:\/\/aavesa.com\/hu\/wp-json\/wp\/v2\/media\/96221"}],"wp:attachment":[{"href":"https:\/\/aavesa.com\/hu\/wp-json\/wp\/v2\/media?parent=97838"}],"wp:term":[{"taxonomy":"category","embeddable":true,"href":"https:\/\/aavesa.com\/hu\/wp-json\/wp\/v2\/categories?post=97838"},{"taxonomy":"post_tag","embeddable":true,"href":"https:\/\/aavesa.com\/hu\/wp-json\/wp\/v2\/tags?post=97838"}],"curies":[{"name":"wp","href":"https:\/\/api.w.org\/{rel}","templated":true}]}}