

{"id":97842,"date":"2024-01-18T13:41:27","date_gmt":"2024-01-18T13:41:27","guid":{"rendered":"https:\/\/aavesa.com\/termeszetes-szorme-a-2023-2024-es-hideg-evszakhoz\/"},"modified":"2024-01-18T13:41:27","modified_gmt":"2024-01-18T13:41:27","slug":"termeszetes-szorme-a-2023-2024-es-hideg-evszakhoz","status":"publish","type":"post","link":"https:\/\/aavesa.com\/hu\/termeszetes-szorme-a-2023-2024-es-hideg-evszakhoz\/","title":{"rendered":"Term\u00e9szetes sz\u0151rme a 2023-2024-es hideg \u00e9vszakhoz"},"content":{"rendered":"<p><a href=\"http:\/\/www.aavesa.com\/wp-content\/uploads\/2024\/01\/Reversible-merino-fur-overcoat-2082-yellow-1.jpg\"><img fetchpriority=\"high\" decoding=\"async\" class=\"alignnone wp-image-24428 size-full\" src=\"https:\/\/aavesa.com\/wp-content\/uploads\/2024\/01\/Reversible-merino-fur-overcoat-2082-yellow-1.jpg\" alt=\"ny\u00edrbunda Term\u00e9szetes sz\u0151rme kab\u00e1t\" width=\"1000\" height=\"1500\" srcset=\"https:\/\/aavesa.com\/wp-content\/uploads\/2024\/01\/Reversible-merino-fur-overcoat-2082-yellow-1.jpg 1000w, https:\/\/aavesa.com\/wp-content\/uploads\/2024\/01\/Reversible-merino-fur-overcoat-2082-yellow-1-64x96.jpg 64w, https:\/\/aavesa.com\/wp-content\/uploads\/2024\/01\/Reversible-merino-fur-overcoat-2082-yellow-1-200x300.jpg 200w, https:\/\/aavesa.com\/wp-content\/uploads\/2024\/01\/Reversible-merino-fur-overcoat-2082-yellow-1-683x1024.jpg 683w, https:\/\/aavesa.com\/wp-content\/uploads\/2024\/01\/Reversible-merino-fur-overcoat-2082-yellow-1-768x1152.jpg 768w\" sizes=\"(max-width: 1000px) 100vw, 1000px\" \/><\/a><\/p>\n<p>A hideg \u00e9vszak \u00e9rdekes javaslatokkal \u00e9rkezik a term\u00e9szetes sz\u0151rm\u00e9k visel\u00e9s\u00e9re. Amikor a hideg id\u0151j\u00e1r\u00e1s besz\u00e9lni kezd, a ruhat\u00e1rat ennek megfelel\u0151en friss\u00edteni kell, de an\u00e9lk\u00fcl, hogy a v\u00e9geredm\u00e9ny eleganci\u00e1j\u00e1t befoly\u00e1soln\u00e1. A finom anyagokb\u00f3l k\u00e9sz\u00fclt darabok garant\u00e1lj\u00e1k a sokoldal\u00fa, k\u00e9nyelmes \u00e9s j\u00f3l szigetel\u0151 ruh\u00e1kat &#8211; az ide\u00e1lis lehet\u0151s\u00e9geket a hideg t\u00e9li napokra. A helyesen megv\u00e1lasztott sz\u0151rmebunda minden k\u00f6rnyezetben j\u00f3l mutat, \u00e9s harmonikusan kiemel minden egyes alakot. Az \u00faj 2023-2024-es kollekci\u00f3 azonban a leg\u00fajabb trendeknek megfelel\u0151 modelleket, de eredeti illeszked\u00e9si \u00f6tleteket is k\u00edn\u00e1l.    <\/p>\n<p>K\u00e9szen \u00e1llsz arra, hogy felfedezd a legegyedibb term\u00e9szetes sz\u0151rm\u00e9ket, amelyeket kipr\u00f3b\u00e1lhatsz, hogy kit\u0171nj? Maradj a v\u00e9g\u00e9ig, ha t\u00f6k\u00e9letes megjelen\u00e9st szeretn\u00e9l el\u00e9rni, \u00f6sszhangban a szem\u00e9lyis\u00e9geddel. <\/p>\n<p><strong>Term\u00e9szetes sz\u0151rme<\/strong><\/p>\n<p>Ha nincs legal\u00e1bb egy <a href=\"https:\/\/aavesa.com\/hu\/nok\/vidra-bundak-vidra-zsekik\/\">n\u0151i bunda<\/a> a szekr\u00e9nyedben, itt az ideje a v\u00e1ltoz\u00e1snak. Funkcion\u00e1lis \u00e9s eszt\u00e9tikai szempontb\u00f3l egyar\u00e1nt \u00e9rezhet\u0151ek az \u00e1ltaluk k\u00edn\u00e1lt el\u0151ny\u00f6k &#8211; \u00edme, csak n\u00e9h\u00e1ny ezek k\u00f6z\u00fcl: <\/p>\n<p>\u25cf A term\u00e9szetes sz\u00f6vetek fokozott l\u00e9g\u00e1tereszt\u0151 k\u00e9pess\u00e9get, de magas h\u0151\u00e9rzetet is biztos\u00edtanak. Emellett kellemes tapint\u00e1s\u00fa \u00e9rzetet \u00e9s magas szint\u0171 szigetel\u00e9st biztos\u00edt. K\u00e9pes lesz sikeresen ellen\u00e1llni a sz\u00e9ls\u0151s\u00e9ges h\u0151\u00e9rt\u00e9keknek.  <\/p>\n<p>\u25cf A term\u00e9szetes sz\u0151rm\u00e9kre jellemz\u0151 elegancia k\u00fcl\u00f6nleges var\u00e1zsa van. Nem unod a t\u00fals\u00e1gosan hideg napokat, amikor minden divatir\u00e1nyzat elt\u0171nik a gyors felmeleged\u00e9s ig\u00e9nye el\u0151tt? Az \u00faj sz\u0151rme ruhakollekci\u00f3 k\u00fcl\u00f6nb\u00f6z\u0151, k\u00f6nnyen \u00f6sszeilleszthet\u0151 modelleket k\u00edn\u00e1l, amelyek t\u00f6k\u00e9letesen illeszkednek a t\u00e9li ruh\u00e1khoz.  <\/p>\n<p>\u25cf A megfelel\u0151en karbantartott sz\u0151rmebund\u00e1k tart\u00f3s, hossz\u00fa t\u00e1v\u00fa v\u00e1laszt\u00e1snak sz\u00e1m\u00edtanak. A sz\u00f6vetek ellen\u00e1ll\u00f3ak, ugyanakkor rugalmasak. A szintetikus anyagokb\u00f3l k\u00e9sz\u00fclt modellekhez k\u00e9pest id\u0151vel meg\u0151rzik alakjukat \u00e9s saj\u00e1tos tulajdons\u00e1gaikat.  <\/p>\n<p><strong>Term\u00e9szetes sz\u0151rme szezon 2023-2024<\/strong><br \/>\n<a href=\"http:\/\/www.aavesa.com\/wp-content\/uploads\/2023\/09\/Mink-fur-jacket-HM033-light-borwn-1.jpg\"><img decoding=\"async\" class=\"alignnone wp-image-24123 size-full\" src=\"https:\/\/aavesa.com\/wp-content\/uploads\/2023\/09\/Mink-fur-jacket-HM033-light-borwn-1.jpg\" alt=\"Term\u00e9szetes sz\u0151rme kab\u00e1t\" width=\"1000\" height=\"1500\" srcset=\"https:\/\/aavesa.com\/wp-content\/uploads\/2023\/09\/Mink-fur-jacket-HM033-light-borwn-1.jpg 1000w, https:\/\/aavesa.com\/wp-content\/uploads\/2023\/09\/Mink-fur-jacket-HM033-light-borwn-1-64x96.jpg 64w, https:\/\/aavesa.com\/wp-content\/uploads\/2023\/09\/Mink-fur-jacket-HM033-light-borwn-1-200x300.jpg 200w, https:\/\/aavesa.com\/wp-content\/uploads\/2023\/09\/Mink-fur-jacket-HM033-light-borwn-1-683x1024.jpg 683w, https:\/\/aavesa.com\/wp-content\/uploads\/2023\/09\/Mink-fur-jacket-HM033-light-borwn-1-768x1152.jpg 768w\" sizes=\"(max-width: 1000px) 100vw, 1000px\" \/><\/a><\/p>\n<p>Szeretn\u00e9 felfedezni a hideg \u00e9vszak szt\u00e1rjait? \u00cdme a legn\u00e9pszer\u0171bb modellek, amelyeket kipr\u00f3b\u00e1lhat: <\/p>\n<p>\u25cf Term\u00e9szetes sz\u0151rmebund\u00e1k &#8211; A nagy divath\u00e1zak \u00fajra\u00e9rtelmezt\u00e9k a klasszikus bund\u00e1t, \u00e9s extravag\u00e1nsabb kont\u00farokat adtak neki. A 2023-as szezonban a t\u00falm\u00e9retezett v\u00e1ll\u00fa modellek, valamint a textur\u00e1lt v\u00e1ltozatok nagy keresletnek \u00f6rvendenek. Ha szeretsz kit\u00f6rni a mint\u00e1kb\u00f3l \u00e9s minden tekintetet magadra vonzani, ne habozz, v\u00e1lassz egy mer\u00e9sz \u00e9s fiatalos sz\u00edn\u0171 sz\u0151rmebund\u00e1t.  <\/p>\n<p>\u25cf B\u00e1r\u00e1ny-, nerc- vagy r\u00f3kabund\u00e1b\u00f3l k\u00e9sz\u00fclt kab\u00e1tok &#8211; \u00d6n a pezsg\u00e9st \u00e9s j\u00f3 hangulatot \u00e1raszt\u00f3 utcai st\u00edlus\u00fa ruh\u00e1k rajong\u00f3ja? V\u00e1lasszon magabiztosan olyan kab\u00e1tot, amelyet farmerrel, magas csizm\u00e1val vagy finom anyag\u00fa pul\u00f3verrel kombin\u00e1lhat. Ide\u00e1lis esetben olyan modellt keresel, amely kiemeli az alakodat, de ugyanakkor minden megjelen\u00e9sedhez b\u00f3kol. Ez lehet egy oldalzsebekkel, aszimmetrikus cipz\u00e1rakkal vagy szokatlan text\u00far\u00e1kkal ell\u00e1tott alternat\u00edva.   <\/p>\n<p>\u25cf <a href=\"https:\/\/aavesa.com\/hu\/nok\/bundas-kabatok-es-bundas-dzsekik-noknek\/\">Hossz\u00fa sz\u0151rmebund\u00e1k<\/a> &#8211; Sokkal alkalmasabbak arra, hogy megadj\u00e1k a v\u00e1rt h\u0151komfortot. V\u00e1lassza a megford\u00edthat\u00f3 modelleket, ha zsongl\u0151rk\u00f6dni szeretne a vizu\u00e1lis hat\u00e1sokkal, de a figyelmet is felh\u00edvja mag\u00e1ra. Ne felejtse el kifejezni kreativit\u00e1s\u00e1t az \u00e1rnyalat kiv\u00e1laszt\u00e1sakor is. Egy semleges, ugyanakkor n\u0151ies \u00e9s j\u00e1t\u00e9kos sz\u00edn ide\u00e1lis v\u00e1laszt\u00e1ss\u00e1 v\u00e1lik ilyen helyzetekben.   <\/p>\n<p><strong>Hogyan viselj\u00fck a term\u00e9szetes sz\u0151rm\u00e9t ebben a szezonban<\/strong><\/p>\n<p>A n\u0151i term\u00e9szetes sz\u0151rm\u00e9k kiv\u00e1laszt\u00e1sa sor\u00e1n nemcsak a modell sz\u00e1m\u00edt, hanem a viselet \u00e9s a p\u00e1ros\u00edt\u00e1s m\u00f3dja is.<\/p>\n<p>Nem akarsz kudarcot vallani, ha szem\u00e9lyis\u00e9ggel teli ruh\u00e1k megalkot\u00e1s\u00e1r\u00f3l van sz\u00f3? \u00cdme n\u00e9h\u00e1ny hasznos tipp, amelyek seg\u00edtenek a vizu\u00e1lis hat\u00e1sok jav\u00edt\u00e1s\u00e1ban: <\/p>\n<p>\u25cf El\u0151sz\u00f6r is, fontolja meg az \u00d6nt k\u00e9pvisel\u0151 st\u00edlust. A sz\u0151rme ruh\u00e1zat k\u00fcl\u00f6nb\u00f6z\u0151 lehet\u0151s\u00e9gei vannak, a kab\u00e1tokt\u00f3l a kab\u00e1tokig \u00e9s a kab\u00e1tokig. D\u00f6nts\u00f6n a szem\u00e9lyes preferenci\u00e1k szerint az eszt\u00e9tika \u00e9s a megfelel\u0151s\u00e9g szempontj\u00e1b\u00f3l. Konzult\u00e1ljon szakemberek v\u00e9lem\u00e9ny\u00e9vel, ha optimizmussal \u00e9s magabiztosan szeretne m\u00e1sok el\u0151tt megjelenni.   <\/p>\n<p>\u25cf V\u00e1lasszon megfelel\u0151 l\u00e1bbelit a hideg id\u0151j\u00e1r\u00e1shoz. A meleg csizma vagy a magas csizma kieg\u00e9sz\u00edtheti a ruh\u00e1zatot, \u00e9s hat\u00e9kony v\u00e9delmet ny\u00fajthat a hideg \u00e9s a h\u00f3 ellen. <\/p>\n<p>\u25cf Ne habozzon a k\u00fcl\u00f6nb\u00f6z\u0151 \u00e1rnyalatok kever\u00e9s\u00e9vel. Fedezzen fel t\u00f6bb term\u00e9szetes sz\u0151rme lehet\u0151s\u00e9get. Ne f\u00e9ljen felfedezni a szokatlan st\u00edluster\u00fcleteket. A fekete val\u00f3ban az elegancia \u00e9s a titokzatoss\u00e1g z\u00e1szlaja. Ne habozzon azonban, hogy kipr\u00f3b\u00e1ljon aktu\u00e1lisabb lehet\u0151s\u00e9geket. Az \u00e9l\u00e9nk z\u00f6ld, sz\u00fcrke vagy barna sz\u00ednek nagy keresletnek \u00f6rvendenek &#8211; ne habozzon, hogy ezekkel is megbirk\u00f3zzon.     <\/p>\n<p>\u25cf A hozz\u00e1\u00e1ll\u00e1s a legfontosabb. M\u00e9g ha a bunda egyedi diz\u00e1jnnal is rendelkezik, nem b\u00edzhatsz mindent a ruhadarabra. V\u00e1llaljon magabiztos hozz\u00e1\u00e1ll\u00e1st, amely kieg\u00e9sz\u00edti a kont\u00faros ruhadarab st\u00edlus\u00e1t. Viselje az \u00f6lt\u00f6z\u00e9ket energi\u00e1val \u00e9s \u00e9letkedvvel. V\u00e9g\u00fcl is &#8211; a ruhadarab sz\u00e9ps\u00e9ge elt\u0171nik megfelel\u0151 viselked\u00e9s n\u00e9lk\u00fcl.    <\/p>\n<p>\u25cf Vegye figyelembe az anyagi specifik\u00e1ci\u00f3kat. Ha ig\u00e9nyesebb anyagokb\u00f3l k\u00e9sz\u00fclt n\u0151i term\u00e9szetes sz\u0151rm\u00e9ket v\u00e1lasztott, legyen \u00f3vatos, hogyan viseli \u0151ket. Ne tegye ki \u0151ket sz\u00e9ls\u0151s\u00e9ges id\u0151j\u00e1r\u00e1si k\u00f6r\u00fclm\u00e9nyeknek, \u00e9s ne t\u00e1rolja \u0151ket b\u00e1rhol.  <\/p>\n<p>N\u0151ies, eleg\u00e1ns \u00e9s tart\u00f3s &#8211; r\u00f6viden \u00edgy jellemezhetj\u00fck a term\u00e9szetes sz\u0151rme ruh\u00e1kat.<br \/>\nDe ha id\u0151tlen megjelen\u00e9st szeretn\u00e9l el\u00e9rni, ne habozz, \u00e9s konzult\u00e1lj az \u00faj trendekkel!<\/p>\n","protected":false},"excerpt":{"rendered":"<p>A hideg \u00e9vszak \u00e9rdekes javaslatokkal \u00e9rkezik a term\u00e9szetes sz\u0151rm\u00e9k visel\u00e9s\u00e9re. Amikor a hideg id\u0151j\u00e1r\u00e1s besz\u00e9lni kezd, a ruhat\u00e1rat ennek megfelel\u0151en friss\u00edteni kell, de an\u00e9lk\u00fcl, hogy a v\u00e9geredm\u00e9ny eleganci\u00e1j\u00e1t befoly\u00e1soln\u00e1. A finom anyagokb\u00f3l k\u00e9sz\u00fclt darabok garant\u00e1lj\u00e1k a sokoldal\u00fa, k\u00e9nyelmes \u00e9s j\u00f3l szigetel\u0151 ruh\u00e1kat &#8211; az ide\u00e1lis lehet\u0151s\u00e9geket a hideg t\u00e9li napokra. A helyesen megv\u00e1lasztott sz\u0151rmebunda minden [&hellip;]<\/p>\n","protected":false},"author":11,"featured_media":96217,"comment_status":"closed","ping_status":"open","sticky":false,"template":"","format":"standard","meta":{"_acf_changed":false,"om_disable_all_campaigns":false,"inline_featured_image":false,"_monsterinsights_skip_tracking":false,"_monsterinsights_sitenote_active":false,"_monsterinsights_sitenote_note":"","_monsterinsights_sitenote_category":0,"footnotes":""},"categories":[917],"tags":[],"class_list":["post-97842","post","type-post","status-publish","format-standard","has-post-thumbnail","hentry","category-blog-hu"],"acf":[],"aioseo_notices":[],"_links":{"self":[{"href":"https:\/\/aavesa.com\/hu\/wp-json\/wp\/v2\/posts\/97842","targetHints":{"allow":["GET"]}}],"collection":[{"href":"https:\/\/aavesa.com\/hu\/wp-json\/wp\/v2\/posts"}],"about":[{"href":"https:\/\/aavesa.com\/hu\/wp-json\/wp\/v2\/types\/post"}],"author":[{"embeddable":true,"href":"https:\/\/aavesa.com\/hu\/wp-json\/wp\/v2\/users\/11"}],"replies":[{"embeddable":true,"href":"https:\/\/aavesa.com\/hu\/wp-json\/wp\/v2\/comments?post=97842"}],"version-history":[{"count":0,"href":"https:\/\/aavesa.com\/hu\/wp-json\/wp\/v2\/posts\/97842\/revisions"}],"wp:featuredmedia":[{"embeddable":true,"href":"https:\/\/aavesa.com\/hu\/wp-json\/wp\/v2\/media\/96217"}],"wp:attachment":[{"href":"https:\/\/aavesa.com\/hu\/wp-json\/wp\/v2\/media?parent=97842"}],"wp:term":[{"taxonomy":"category","embeddable":true,"href":"https:\/\/aavesa.com\/hu\/wp-json\/wp\/v2\/categories?post=97842"},{"taxonomy":"post_tag","embeddable":true,"href":"https:\/\/aavesa.com\/hu\/wp-json\/wp\/v2\/tags?post=97842"}],"curies":[{"name":"wp","href":"https:\/\/api.w.org\/{rel}","templated":true}]}}