

{"id":97843,"date":"2023-08-30T17:56:50","date_gmt":"2023-08-30T19:56:50","guid":{"rendered":"https:\/\/aavesa.com\/mivel-parosithatod-a-bundat-az-egyeni-stilusodnak-megfeleloen\/"},"modified":"2026-04-11T08:55:26","modified_gmt":"2026-04-11T10:55:26","slug":"mivel-parosithatod-a-bundat-az-egyeni-stilusodnak-megfeleloen","status":"publish","type":"post","link":"https:\/\/aavesa.com\/hu\/mivel-parosithatod-a-bundat-az-egyeni-stilusodnak-megfeleloen\/","title":{"rendered":"Mivel p\u00e1ros\u00edthatod a bund\u00e1t az egy\u00e9ni st\u00edlusodnak megfelel\u0151en?"},"content":{"rendered":"<p>A sz\u0151rmebunda olyan statement darab, amely k\u00f6r\u00e9 sz\u00e1mos \u00f6lt\u00f6zet kialak\u00edthat\u00f3. Az elegancia, a j\u00f3 \u00edzl\u00e9s \u00e9s a sokoldal\u00fas\u00e1g m\u00e9rc\u00e9je. Ha azonban egyedi divatst\u00edlust szeretne meghat\u00e1rozni, akkor k\u00fcl\u00f6n\u00f6s figyelmet kell ford\u00edtania arra, hogyan illeszti \u00f6ssze.<br \/>\nK\u00edv\u00e1ncsi, melyek azok a legfontosabb szab\u00e1lyok, amelyek seg\u00edts\u00e9g\u00e9vel vizu\u00e1lis harm\u00f3ni\u00e1t \u00e9s egy\u00fattal szem\u00e9lyre szabott megjelen\u00e9st \u00e9rhet el? Fedezz fel mindent, amit tudnod kell a k\u00f6vetkez\u0151 sorokban!   <\/p>\n<p><strong>Sz\u0151rmebunda kiv\u00e1laszt\u00e1sa \u00e9letkor alapj\u00e1n<\/strong><\/p>\n<p>A f\u0151 szempont, amit figyelembe kell venni, az \u00e9letkor. Val\u00f3ban, am\u00edg j\u00f3l \u00e9rzi mag\u00e1t a saj\u00e1t b\u0151r\u00e9ben, b\u00e1rmit viselhet. A st\u00edlusodnak azonban ki kell eg\u00e9sz\u00edtenie a korodat, k\u00e9pviselnie kell a szem\u00e9lyis\u00e9gedet, \u00e9s ki kell emelnie a von\u00e1saidat.  <\/p>\n<p>\u00cdme n\u00e9h\u00e1ny tipp, amely seg\u00edt a megfelel\u0151 v\u00e1laszt\u00e1s meghozatal\u00e1ban, ha sz\u0151rme ruh\u00e1zatr\u00f3l van sz\u00f3:<\/p>\n<p>&#8211; Amikor fiatal vagy, k\u00fcl\u00f6nb\u00f6z\u0151 st\u00edlusokkal akarsz k\u00eds\u00e9rletezni. Ez\u00e9rt k\u00f6nnyed\u00e9n keverhetsz mer\u00e9sz elemeket, az egyedi text\u00far\u00e1kt\u00f3l a szokatlan sz\u00ednekig. A sz\u00fcrke vagy a k\u00e9k vil\u00e1gos \u00e1rnyalatai nagyon aj\u00e1nlottak.  <\/p>\n<p>&#8211; Ha elm\u00falt\u00e1l 30 \u00e9ves, \u00e9s m\u00e1r meghat\u00e1roztad a st\u00edlusodat, v\u00e1lassz olyan mint\u00e1kat, amelyek kiemelik a szem\u00e9lyis\u00e9gedet. V\u00e1lasszon n\u0151ies, kifinomult lehet\u0151s\u00e9geket s\u00f6t\u00e9tebb \u00e1rnyalatokban, amelyek k\u00f6nnyen p\u00e1ros\u00edthat\u00f3k b\u00e1rmilyen \u00f6lt\u00f6z\u00e9kkel. <\/p>\n<p>&#8211; Az 50 \u00e9ves \u00e9s id\u0151sebb n\u0151k sz\u00e1m\u00e1ra a k\u00e9nyelem minden helyzetben els\u0151bbs\u00e9get \u00e9lvez. Ilyen esetekben a hossz\u00fa, laza szab\u00e1s\u00fa, j\u00f3 h\u0151szigetel\u0151 k\u00e9pess\u00e9g\u0171 <a href=\"https:\/\/aavesa.com\/hu\/nok\/bundas-kabatok-es-bundas-dzsekik-noknek\/\">sz\u0151rmekab\u00e1tok<\/a> aj\u00e1nlottak. <\/p>\n<p><strong>Milyen sz\u0151rme ruh\u00e1zatot v\u00e1lasszon a szem\u00e9lyes st\u00edlus\u00e1t\u00f3l f\u00fcgg\u0151en?<\/strong><\/p>\n<p>Az \u00e9letkor mellett nagyon fontos, hogy a sz\u0151rm\u00e9s ruhadarab mint\u00e1zat\u00e1t a szem\u00e9lyis\u00e9gjegyeidhez igaz\u00edtsd.<\/p>\n<p><strong>Alkalmi sz\u0151rme ruh\u00e1zat<\/strong><br \/>\n<a href=\"http:\/\/www.aavesa.com\/wp-content\/uploads\/2022\/09\/Hooded-mink-fur-coat-2058-black-1.jpg\"><img fetchpriority=\"high\" decoding=\"async\" class=\"wp-image-23220 size-medium aligncenter\" src=\"https:\/\/aavesa.com\/wp-content\/uploads\/2022\/09\/Hooded-mink-fur-coat-2058-black-1-200x300.jpg\" alt=\"nercbunda bunda n\u0151knek\" width=\"200\" height=\"300\" srcset=\"https:\/\/aavesa.com\/wp-content\/uploads\/2022\/09\/Hooded-mink-fur-coat-2058-black-1-200x300.jpg 200w, https:\/\/aavesa.com\/wp-content\/uploads\/2022\/09\/Hooded-mink-fur-coat-2058-black-1-64x96.jpg 64w, https:\/\/aavesa.com\/wp-content\/uploads\/2022\/09\/Hooded-mink-fur-coat-2058-black-1-683x1024.jpg 683w, https:\/\/aavesa.com\/wp-content\/uploads\/2022\/09\/Hooded-mink-fur-coat-2058-black-1-768x1152.jpg 768w, https:\/\/aavesa.com\/wp-content\/uploads\/2022\/09\/Hooded-mink-fur-coat-2058-black-1.jpg 1000w\" sizes=\"(max-width: 200px) 100vw, 200px\" \/><\/a><\/p>\n<p>A v\u00e1rosi \u00e9s modern st\u00edlushoz v\u00e1laszthat r\u00f6vid sz\u0151rme ruhadarabot, p\u00e9ld\u00e1ul <a href=\"https:\/\/aavesa.com\/hu\/nok\/vidra-bundak-vidra-zsekik\/\">kab\u00e1tot<\/a>. V\u00e1lasszon \u00e9rdekes text\u00far\u00e1j\u00fa vagy mer\u00e9sz mint\u00e1zat\u00fa anyagokat, p\u00e9ld\u00e1ul \u00e1llatmint\u00e1kat. Egy ilyen v\u00e1laszt\u00e1ssal nagy val\u00f3sz\u00edn\u0171s\u00e9ggel egy kis eredetis\u00e9get k\u00f6lcs\u00f6n\u00f6zhet az \u00f6lt\u00f6z\u00e9k\u00e9nek&#8230;  <\/p>\n<p><strong>Sz\u0151rme ruh\u00e1zat eleg\u00e1ns st\u00edlusban<\/strong><br \/>\n<a href=\"http:\/\/www.aavesa.com\/wp-content\/uploads\/2020\/09\/Sheepskin-coat-with-raccoon-or-polar-fox-fur-2027-beige-1.jpg\"><img decoding=\"async\" class=\"aligncenter wp-image-21969 size-medium\" src=\"https:\/\/aavesa.com\/wp-content\/uploads\/2020\/09\/Sheepskin-coat-with-raccoon-or-polar-fox-fur-2027-beige-1-200x300.jpg\" alt=\"mos\u00f3medve sz\u0151rme kab\u00e1t n\u0151knek\" width=\"200\" height=\"300\" srcset=\"https:\/\/aavesa.com\/wp-content\/uploads\/2020\/09\/Sheepskin-coat-with-raccoon-or-polar-fox-fur-2027-beige-1-200x300.jpg 200w, https:\/\/aavesa.com\/wp-content\/uploads\/2020\/09\/Sheepskin-coat-with-raccoon-or-polar-fox-fur-2027-beige-1-64x96.jpg 64w, https:\/\/aavesa.com\/wp-content\/uploads\/2020\/09\/Sheepskin-coat-with-raccoon-or-polar-fox-fur-2027-beige-1-683x1024.jpg 683w, https:\/\/aavesa.com\/wp-content\/uploads\/2020\/09\/Sheepskin-coat-with-raccoon-or-polar-fox-fur-2027-beige-1-768x1152.jpg 768w, https:\/\/aavesa.com\/wp-content\/uploads\/2020\/09\/Sheepskin-coat-with-raccoon-or-polar-fox-fur-2027-beige-1.jpg 880w\" sizes=\"(max-width: 200px) 100vw, 200px\" \/><\/a><\/p>\n<p>Ha a klasszikus \u00e9s eleg\u00e1ns st\u00edlust kedveli, v\u00e1laszthat hossz\u00fa sz\u0151rme ruhadarabot, p\u00e9ld\u00e1ul sz\u0151rmekab\u00e1tot vagy sz\u0151rmekab\u00e1tot. V\u00e1lasszon semleges sz\u00edneket, p\u00e9ld\u00e1ul feket\u00e9t, barn\u00e1t vagy sz\u00fcrk\u00e9t, amelyek sokoldal\u00faak, \u00e9s m\u00e1s ruhadarabokkal is p\u00e1ros\u00edthat\u00f3k. <\/p>\n<p><strong>Sz\u0151rme ruh\u00e1zat az irodai st\u00edlushoz<\/strong><br \/>\n<a href=\"http:\/\/www.aavesa.com\/wp-content\/uploads\/2022\/09\/Shearling-jacket-2043-grey-1.jpg\"><img decoding=\"async\" class=\"wp-image-23160 size-medium aligncenter\" src=\"https:\/\/aavesa.com\/wp-content\/uploads\/2022\/09\/Shearling-jacket-2043-grey-1-200x300.jpg\" alt=\"bund\u00e1s kab\u00e1t n\u0151knek\" width=\"200\" height=\"300\" srcset=\"https:\/\/aavesa.com\/wp-content\/uploads\/2022\/09\/Shearling-jacket-2043-grey-1-200x300.jpg 200w, https:\/\/aavesa.com\/wp-content\/uploads\/2022\/09\/Shearling-jacket-2043-grey-1-64x96.jpg 64w, https:\/\/aavesa.com\/wp-content\/uploads\/2022\/09\/Shearling-jacket-2043-grey-1-683x1024.jpg 683w, https:\/\/aavesa.com\/wp-content\/uploads\/2022\/09\/Shearling-jacket-2043-grey-1-768x1152.jpg 768w, https:\/\/aavesa.com\/wp-content\/uploads\/2022\/09\/Shearling-jacket-2043-grey-1.jpg 1000w\" sizes=\"(max-width: 200px) 100vw, 200px\" \/><\/a><\/p>\n<p>Ha az irodai st\u00edlus h\u00edve vagy, \u00e9s gyakran j\u00e1rsz \u00fczleti megbesz\u00e9l\u00e9sekre, v\u00e1lassz egy egyszer\u0171, tiszta \u00e9s harmonikus szab\u00e1s\u00fa sz\u0151rme ruhadarabot. A semleges sz\u00ednek \u00e9s a pasztellsz\u00ednek megfelel\u0151 v\u00e1laszt\u00e1sok lehetnek a minimalista \u00e9s kifinomult megjelen\u00e9s megteremt\u00e9s\u00e9hez. <\/p>\n<p><strong>Hogyan illessz\u00fck \u00f6ssze a sz\u0151rme ruh\u00e1zatot?<\/strong><\/p>\n<p>A sz\u0151rme ruhadarabok \u00f6sszep\u00e1ros\u00edt\u00e1sa igazi kih\u00edv\u00e1ss\u00e1 v\u00e1lhat, ha nem veszi figyelembe a k\u00f6vetkez\u0151 tippeket:<\/p>\n<p>&#8211; A sz\u0151rme ruhadarabodat a rendezv\u00e9nynek megfelel\u0151en igaz\u00edtsd a ruhadarabhoz, amelyen r\u00e9szt veszel. Ha hivatalos alkalomr\u00f3l van sz\u00f3, v\u00e1laszthatsz eleg\u00e1nsabb term\u00e9szetes sz\u0151rme ruh\u00e1t. Alkalmi alkalmakra laz\u00e1bb ruhadarabokkal, p\u00e9ld\u00e1ul farmerrel \u00e9s egyszer\u0171 inggel p\u00e1ros\u00edthatja sz\u0151rme ruhadarabj\u00e1t.  <\/p>\n<p>&#8211; Adja hozz\u00e1 a megfelel\u0151 kieg\u00e9sz\u00edt\u0151ket. A j\u00f3l megv\u00e1lasztott kieg\u00e9sz\u00edt\u0151k b\u00e1rmilyen ruh\u00e1t feldobhatnak. V\u00e1lasszon kalapokat, t\u00e1sk\u00e1kat vagy finom s\u00e1lakat, amelyek fel\u00e9rt\u00e9kelhetik megjelen\u00e9s\u00e9t.  <\/p>\n<p>&#8211; Hozzon l\u00e9tre \u00e9rdekes kontrasztokat. Ha az egyszer\u0171bb n\u0151i sz\u0151rme diz\u00e1jnokat kedveled, ne habozz, hogy egy kis sz\u00ednt adj az \u00f6lt\u00f6z\u00e9kedhez. Keverj olyan text\u00far\u00e1kat \u00e9s \u00e1rnyalatokat, amelyek mindenkinek megragadj\u00e1k a tekintet\u00e9t, \u00e9s h\u00edzelegnek a sziluettednek.  <\/p>\n<p><strong>Hogyan viselj\u00fcnk sz\u0151rmebund\u00e1t k\u00fcl\u00f6nb\u00f6z\u0151 st\u00edlusokban?<\/strong><\/p>\n<p>Annak ellen\u00e9re, hogy az egyik legfinomabb \u00e9s legkifinomultabb ruhadarabnak sz\u00e1m\u00edt, a term\u00e9szetes sz\u0151rm\u00e9b\u0151l k\u00e9sz\u00fclt ruh\u00e1kat k\u00fcl\u00f6nb\u00f6z\u0151 st\u00edlusokban lehet megk\u00f6zel\u00edteni.<\/p>\n<p><strong>Mer\u00e9sz sz\u00edn\u0171 sz\u0151rmebunda<\/strong><br \/>\n<a href=\"http:\/\/www.aavesa.com\/wp-content\/uploads\/2021\/10\/Mink-fur-coat-HT001-olive-3.jpg\"><img loading=\"lazy\" decoding=\"async\" class=\"aligncenter wp-image-22760 size-medium\" src=\"https:\/\/aavesa.com\/wp-content\/uploads\/2021\/10\/Mink-fur-coat-HT001-olive-3-200x300.jpg\" alt=\"nercbunda bunda n\u0151knek\" width=\"200\" height=\"300\" srcset=\"https:\/\/aavesa.com\/wp-content\/uploads\/2021\/10\/Mink-fur-coat-HT001-olive-3-200x300.jpg 200w, https:\/\/aavesa.com\/wp-content\/uploads\/2021\/10\/Mink-fur-coat-HT001-olive-3-64x96.jpg 64w, https:\/\/aavesa.com\/wp-content\/uploads\/2021\/10\/Mink-fur-coat-HT001-olive-3-683x1024.jpg 683w, https:\/\/aavesa.com\/wp-content\/uploads\/2021\/10\/Mink-fur-coat-HT001-olive-3-768x1152.jpg 768w, https:\/\/aavesa.com\/wp-content\/uploads\/2021\/10\/Mink-fur-coat-HT001-olive-3.jpg 1000w\" sizes=\"(max-width: 200px) 100vw, 200px\" \/><\/a><\/p>\n<p>Ha extravag\u00e1ns szem\u00e9lyis\u00e9g vagy, ne habozz, \u00e9s v\u00e1lassz term\u00e9szetes sz\u0151rme ruh\u00e1kat a piros, k\u00e9k vagy z\u00f6ld vibr\u00e1l\u00f3 \u00e1rnyalataiban. \u00d6lt\u00f6z\u00e9ked t\u00f6bbi r\u00e9sz\u00e9hez vizu\u00e1lisan kiegyens\u00falyozott elemeket v\u00e1lassz. Ez lehet egy s\u00f6t\u00e9tebb \u00e1rnyalat\u00fa overall vagy szoknya, t\u00fal sok hozz\u00e1adott nyomat vagy text\u00fara n\u00e9lk\u00fcl.  <\/p>\n<p><strong>Bunda minimalista st\u00edlusban<\/strong><br \/>\n<a href=\"http:\/\/www.aavesa.com\/wp-content\/uploads\/2019\/09\/Haina-de-blana-296-negru-1.jpg\"><img loading=\"lazy\" decoding=\"async\" class=\"wp-image-20504 size-medium aligncenter\" src=\"https:\/\/aavesa.com\/wp-content\/uploads\/2019\/09\/Haina-de-blana-296-negru-1-200x300.jpg\" alt=\"nercbunda bund\u00e1k\" width=\"200\" height=\"300\" srcset=\"https:\/\/aavesa.com\/wp-content\/uploads\/2019\/09\/Haina-de-blana-296-negru-1-200x300.jpg 200w, https:\/\/aavesa.com\/wp-content\/uploads\/2019\/09\/Haina-de-blana-296-negru-1-64x96.jpg 64w, https:\/\/aavesa.com\/wp-content\/uploads\/2019\/09\/Haina-de-blana-296-negru-1-683x1024.jpg 683w, https:\/\/aavesa.com\/wp-content\/uploads\/2019\/09\/Haina-de-blana-296-negru-1-768x1152.jpg 768w, https:\/\/aavesa.com\/wp-content\/uploads\/2019\/09\/Haina-de-blana-296-negru-1.jpg 840w\" sizes=\"(max-width: 200px) 100vw, 200px\" \/><\/a><\/p>\n<p>Ha \u00e9rt\u00e9keli az egyszer\u0171s\u00e9get, \u00e9s minimalista hat\u00e1s\u00fa megjelen\u00e9sre v\u00e1gyik, v\u00e1laszthat egy irodai \u00f6lt\u00f6nyt a bund\u00e1j\u00e1val azonos sz\u00ednben. Ez az \u00f6lt\u00f6z\u00e9k t\u00f6k\u00e9letes viselet munkahelyi vagy \u00fczleti megbesz\u00e9l\u00e9sekre. Emellett v\u00e1laszthatsz egy k\u00e9zit\u00e1sk\u00e1t \u00e9s egy rakott szokny\u00e1t kieg\u00e9sz\u00edt\u0151 sz\u00ednekben, ha szeretn\u00e9d megmutatni n\u0151iess\u00e9gedet.  <\/p>\n<p><strong>Sz\u0151rmekab\u00e1t farmerrel egy alkalmi megjelen\u00e9shez<\/strong><br \/>\n<a href=\"http:\/\/www.aavesa.com\/wp-content\/uploads\/2019\/09\/Haina-de-blana-2015-gri-1-1.jpg\"><img loading=\"lazy\" decoding=\"async\" class=\"wp-image-20701 size-medium aligncenter\" src=\"http:\/\/www.aavesa.com\/wp-content\/uploads\/2019\/09\/Haina-de-blana-2015-gri-1-1-200x300.jpg\" alt=\"asztrak\u00e1n bunda\" width=\"200\" height=\"300\" srcset=\"https:\/\/aavesa.com\/wp-content\/uploads\/2019\/09\/Haina-de-blana-2015-gri-1-1-200x300.jpg 200w, https:\/\/aavesa.com\/wp-content\/uploads\/2019\/09\/Haina-de-blana-2015-gri-1-1-64x96.jpg 64w, https:\/\/aavesa.com\/wp-content\/uploads\/2019\/09\/Haina-de-blana-2015-gri-1-1-682x1024.jpg 682w, https:\/\/aavesa.com\/wp-content\/uploads\/2019\/09\/Haina-de-blana-2015-gri-1-1-768x1152.jpg 768w, https:\/\/aavesa.com\/wp-content\/uploads\/2019\/09\/Haina-de-blana-2015-gri-1-1.jpg 859w\" sizes=\"(max-width: 200px) 100vw, 200px\" \/><\/a><\/p>\n<p>Ha a term\u00e9szetes sz\u0151rm\u00e9s ruh\u00e1kat szeretn\u00e9d be\u00e9p\u00edteni a streetstyle kombin\u00e1ci\u00f3kba, a farmer elengedhetetlen az egyenletben. Az 1970-es \u00e9vek ihlette megjelen\u00e9shez v\u00e1lassz egy kiv\u00e1gott farmert, cowboy st\u00edlus\u00fa csizm\u00e1t \u00e9s egy hossz\u00fa sz\u0151rmebund\u00e1t. V\u00e1laszthatsz modernebb lehet\u0151s\u00e9geket is. A kab\u00e1tot p\u00e1ros\u00edtsd egy boyfriend farmerrel, tornacip\u0151vel \u00e9s egy semleges sz\u00edn\u0171 p\u00f3l\u00f3val.   <\/p>\n<p>V\u00e1lassza ki a megfelel\u0151 sz\u0151rme ruhadarabot, \u00e9s t\u0171nj\u00f6n ki, b\u00e1rhov\u00e1 is megy!<\/p>\n","protected":false},"excerpt":{"rendered":"<p>A sz\u0151rmebunda olyan statement darab, amely k\u00f6r\u00e9 sz\u00e1mos \u00f6lt\u00f6zet kialak\u00edthat\u00f3. Az elegancia, a j\u00f3 \u00edzl\u00e9s \u00e9s a sokoldal\u00fas\u00e1g m\u00e9rc\u00e9je. Ha azonban egyedi divatst\u00edlust szeretne meghat\u00e1rozni, akkor k\u00fcl\u00f6n\u00f6s figyelmet kell ford\u00edtania arra, hogyan illeszti \u00f6ssze. K\u00edv\u00e1ncsi, melyek azok a legfontosabb szab\u00e1lyok, amelyek seg\u00edts\u00e9g\u00e9vel vizu\u00e1lis harm\u00f3ni\u00e1t \u00e9s egy\u00fattal szem\u00e9lyre szabott megjelen\u00e9st \u00e9rhet el? Fedezz fel mindent, amit [&hellip;]<\/p>\n","protected":false},"author":11,"featured_media":95911,"comment_status":"closed","ping_status":"open","sticky":false,"template":"","format":"standard","meta":{"_acf_changed":false,"om_disable_all_campaigns":false,"inline_featured_image":false,"_monsterinsights_skip_tracking":false,"_monsterinsights_sitenote_active":false,"_monsterinsights_sitenote_note":"","_monsterinsights_sitenote_category":0,"footnotes":""},"categories":[917],"tags":[],"class_list":["post-97843","post","type-post","status-publish","format-standard","has-post-thumbnail","hentry","category-blog-hu"],"acf":[],"aioseo_notices":[],"_links":{"self":[{"href":"https:\/\/aavesa.com\/hu\/wp-json\/wp\/v2\/posts\/97843","targetHints":{"allow":["GET"]}}],"collection":[{"href":"https:\/\/aavesa.com\/hu\/wp-json\/wp\/v2\/posts"}],"about":[{"href":"https:\/\/aavesa.com\/hu\/wp-json\/wp\/v2\/types\/post"}],"author":[{"embeddable":true,"href":"https:\/\/aavesa.com\/hu\/wp-json\/wp\/v2\/users\/11"}],"replies":[{"embeddable":true,"href":"https:\/\/aavesa.com\/hu\/wp-json\/wp\/v2\/comments?post=97843"}],"version-history":[{"count":1,"href":"https:\/\/aavesa.com\/hu\/wp-json\/wp\/v2\/posts\/97843\/revisions"}],"predecessor-version":[{"id":98553,"href":"https:\/\/aavesa.com\/hu\/wp-json\/wp\/v2\/posts\/97843\/revisions\/98553"}],"wp:featuredmedia":[{"embeddable":true,"href":"https:\/\/aavesa.com\/hu\/wp-json\/wp\/v2\/media\/95911"}],"wp:attachment":[{"href":"https:\/\/aavesa.com\/hu\/wp-json\/wp\/v2\/media?parent=97843"}],"wp:term":[{"taxonomy":"category","embeddable":true,"href":"https:\/\/aavesa.com\/hu\/wp-json\/wp\/v2\/categories?post=97843"},{"taxonomy":"post_tag","embeddable":true,"href":"https:\/\/aavesa.com\/hu\/wp-json\/wp\/v2\/tags?post=97843"}],"curies":[{"name":"wp","href":"https:\/\/api.w.org\/{rel}","templated":true}]}}