

{"id":97845,"date":"2024-01-18T13:32:37","date_gmt":"2024-01-18T13:32:37","guid":{"rendered":"https:\/\/aavesa.com\/hogyan-viselj-termeszetes-szormet-a-mindennapi-ruhaidban\/"},"modified":"2024-01-18T13:32:37","modified_gmt":"2024-01-18T13:32:37","slug":"hogyan-viselj-termeszetes-szormet-a-mindennapi-ruhaidban","status":"publish","type":"post","link":"https:\/\/aavesa.com\/hu\/hogyan-viselj-termeszetes-szormet-a-mindennapi-ruhaidban\/","title":{"rendered":"Hogyan viselj term\u00e9szetes sz\u0151rm\u00e9t a mindennapi ruh\u00e1idban"},"content":{"rendered":"<p>A term\u00e9szetes sz\u0151rm\u00e9b\u0151l k\u00e9sz\u00fclt ruh\u00e1k m\u00e1r r\u00e9g\u00f3ta a luxus \u00e9s az elegancia szinonim\u00e1i. Az 1920-as \u00e9vek t\u00e1voli, eleg\u00e1ns korszakait\u00f3l napjaink folyamatosan v\u00e1ltoz\u00f3 divatir\u00e1nyzatait\u00f3l kezdve, ezeket a ruhadarabokat az id\u0151k sor\u00e1n n\u0151k \u00e9s f\u00e9rfiak egyar\u00e1nt b\u00fcszk\u00e9n viselt\u00e9k. Puha text\u00far\u00e1juk, h\u0151szigetel\u0151 k\u00e9pess\u00e9g\u00fck \u00e9s kifinomult megjelen\u00e9s\u00fck miatt csod\u00e1lt\u00e1k \u0151ket, \u00e9s a st\u00edlus \u00e9vtizedek \u00f3ta meg\u0151rz\u00f6tt defin\u00edci\u00f3j\u00e1t jelentik.  <\/p>\n<p>\u00c9ppen a rendk\u00edv\u00fcl eleg\u00e1ns st\u00edlusnak ezek a jellemz\u0151i azok, amelyek sokakat g\u00e1tolnak \u00e9s visszatartanak att\u00f3l, hogy ezt az ikonikus ruhadarabot a ruhat\u00e1rukba illessz\u00e9k. Fontos azonban megjegyezni, hogy a divat \u00e9ppen az\u00e9rt l\u00e9tezik, hogy megk\u00e9rd\u0151jelezze \u00e9s legy\u0151zze az akad\u00e1lyokat \u00e9s el\u0151\u00edt\u00e9leteket. <a href=\"http:\/\/www.aavesa.com\/wp-content\/uploads\/2024\/01\/How-to-wear-natural-fur-in-your-everyday-outfits.jpg\"><img fetchpriority=\"high\" decoding=\"async\" class=\"wp-image-24423 size-full aligncenter\" src=\"https:\/\/aavesa.com\/wp-content\/uploads\/2024\/01\/How-to-wear-natural-fur-in-your-everyday-outfits.jpg\" alt=\"term\u00e9szetes sz\u0151rme r\u00f3ka kab\u00e1t\" width=\"1000\" height=\"1500\" srcset=\"https:\/\/aavesa.com\/wp-content\/uploads\/2024\/01\/How-to-wear-natural-fur-in-your-everyday-outfits.jpg 1000w, https:\/\/aavesa.com\/wp-content\/uploads\/2024\/01\/How-to-wear-natural-fur-in-your-everyday-outfits-64x96.jpg 64w, https:\/\/aavesa.com\/wp-content\/uploads\/2024\/01\/How-to-wear-natural-fur-in-your-everyday-outfits-200x300.jpg 200w, https:\/\/aavesa.com\/wp-content\/uploads\/2024\/01\/How-to-wear-natural-fur-in-your-everyday-outfits-683x1024.jpg 683w, https:\/\/aavesa.com\/wp-content\/uploads\/2024\/01\/How-to-wear-natural-fur-in-your-everyday-outfits-768x1152.jpg 768w\" sizes=\"(max-width: 1000px) 100vw, 1000px\" \/><\/a><\/p>\n<p>Ez\u00e9rt a bunda ma m\u00e1r sz\u00e1mos modern \u00f6lt\u00f6z\u00e9kbe integr\u00e1lhat\u00f3, amelyet egyszerre jellemez az elegancia \u00e9s a k\u00e9nyelem, valamint a h\u00e9tk\u00f6znapi \u00f6lt\u00f6z\u00e9kekre jellemz\u0151 alkalmi megk\u00f6zel\u00edt\u00e9s. A term\u00e9szetes sz\u0151rme integr\u00e1l\u00e1sa a mindennapi \u00f6lt\u00f6z\u00e9kekbe nem kell, hogy kih\u00edv\u00e1st jelentsen. Ebben a cikkben ezt a leny\u0171g\u00f6z\u0151 ruhadarabot t\u00e1rgyaljuk, \u00e9s adunk n\u00e9h\u00e1ny tippet, amelyek seg\u00edtenek \u00e1tgondolni a <a href=\"https:\/\/aavesa.com\/hu\/nok\/bundas-kabatok-es-bundas-dzsekik-noknek\/\">sz\u0151rmebund\u00e1ba<\/a> val\u00f3 befektet\u00e9st, amely b\u00e1rmilyen st\u00edlushoz \u00e9s a ruhat\u00e1r b\u00e1rmely darabj\u00e1hoz igaz\u00edthat\u00f3.  <\/p>\n<p><strong>Term\u00e9szetes sz\u0151rme ruh\u00e1k<\/strong><\/p>\n<p>A term\u00e9szetes sz\u0151rm\u00e9b\u0151l k\u00e9sz\u00fclt ruh\u00e1k olyan \u00e1llatok b\u0151r\u00e9b\u0151l \u00e9s sz\u0151r\u00e9b\u0151l k\u00e9sz\u00fclnek, mint a nyulak, r\u00f3k\u00e1k, nyestek, csincsill\u00e1k, borzok \u00e9s m\u00e1s, a textilipar sz\u00e1m\u00e1ra k\u00fcl\u00f6nleges fajok. Az anyag eredet\u00e9t\u0151l f\u00fcgg\u0151en olyan el\u0151ny\u00f6k v\u00e1laszthat\u00f3k, mint a v\u00edzhatlans\u00e1gi szint, a sz\u00edn, a text\u00fara \u00e9s az alacsony h\u0151m\u00e9rs\u00e9klet elleni v\u00e9delem k\u00e9pess\u00e9ge. A term\u00e9szetes sz\u0151rme ruh\u00e1zati kollekci\u00f3 egyik legnagyobb el\u0151nye az \u00e1ltala biztos\u00edtott h\u0151szigetel\u00e9s. A finom sz\u00e1lak \u00e9s szerkezet\u00fck lehet\u0151v\u00e9 teszik a h\u0151 megtart\u00e1s\u00e1t, \u00edgy hat\u00e9kony v\u00e9delmet ny\u00fajtanak a hideg ellen.   <\/p>\n<p>Ezek a ruhadarabok a legtart\u00f3sabbak k\u00f6z\u00e9 tartoznak a ruhat\u00e1radban, ha megfelel\u0151en \u00e1polod \u0151ket. Ker\u00fclje a t\u00falzott naps\u00fct\u00e9st \u00e9s es\u0151t, \u00e9s ink\u00e1bb h\u0171v\u00f6s, sz\u00e1raz helyen t\u00e1rolja. A sz\u0151rm\u00e9k \u00e9rintetlen \u00e1llapotban tart\u00e1s\u00e1hoz gyakran professzion\u00e1lis \u00e1pol\u00e1sra van sz\u00fcks\u00e9g.  <\/p>\n<p>A term\u00e9szetes sz\u0151rm\u00e9t gyakran a luxushoz \u00e9s az eleganci\u00e1hoz t\u00e1rs\u00edtj\u00e1k, \u00e9s ha egy kis kifinomults\u00e1got szeretne adni a mindennapi \u00f6lt\u00f6z\u00e9k\u00e9nek, a stylistok tan\u00e1csai k\u00f6z\u00f6tt biztosan szerepel egy ilyen kab\u00e1tba val\u00f3 befektet\u00e9s. A mai divatban, amely harmonikusan \u00e9s hat\u00e9konyan \u00f6tv\u00f6zi az alkalmi \u00e9s az eleg\u00e1ns st\u00edlusokat, a sz\u0151rmebunda visel\u00e9se m\u00e1r nem felt\u00e9tel egy operai est\u00e9n, amelyen hossz\u00fa b\u00e1li ruh\u00e1t visel. \u00c9ppen ellenkez\u0151leg, a sz\u0151rme ide\u00e1lis v\u00e1laszt\u00e1s a klasszikus farmerhez vagy ak\u00e1r <a href=\"https:\/\/aavesa.com\/hu\/nok\/bor-nadragok-noknek\/\">a b\u0151rnadr\u00e1ghoz<\/a>.  <\/p>\n<p><strong>Hogyan v\u00e1lasszunk bund\u00e1t a mindennapi viselethez<\/strong><\/p>\n<p>A sz\u00ednek \u00e9s text\u00far\u00e1k sz\u00e9les sk\u00e1l\u00e1j\u00e1t k\u00edn\u00e1l\u00f3 term\u00e9szetes sz\u0151rmebund\u00e1k k\u00fcl\u00f6nb\u00f6z\u0151 ruh\u00e1kba illeszthet\u0151k. A maxim\u00e1lis sokoldal\u00fas\u00e1g \u00e9rdek\u00e9ben v\u00e1lasszon semleges sz\u00edneket, p\u00e9ld\u00e1ul feket\u00e9t, barn\u00e1t vagy sz\u00fcrk\u00e9t, amelyek b\u00e1rmilyen \u00f6lt\u00f6z\u00e9khez \u00e9s k\u00fcl\u00f6nb\u00f6z\u0151 kieg\u00e9sz\u00edt\u0151kh\u00f6z illenek. A v\u00e1ltoz\u00f3 text\u00far\u00e1k mer\u00e9sz elemet adhatnak b\u00e1rmely \u00f6lt\u00f6z\u00e9khez. Ha gazdag text\u00far\u00e1j\u00fa sz\u0151rmebund\u00e1t v\u00e1lasztasz, viseld egy minimalista \u00f6lt\u00f6z\u00e9k f\u00f6l\u00f6tt, hogy hangs\u00falyt adj hozz\u00e1, \u00e9s kiemeld kifinomult st\u00edlusodat. Fedezze fel a b\u0151r \u00e9s sz\u0151rme ruh\u00e1k \u00faj kollekci\u00f3j\u00e1t, amelyek feldobhatj\u00e1k st\u00edlus\u00e1t ebben a hideg \u00e9vszakban.    <\/p>\n<p>Ha \u00fagy \u00e9rzi, hogy a sz\u0151rmebunda nem illik a st\u00edlus\u00e1hoz, vagy m\u00e9g mindig nem \u00e9rzi j\u00f3l mag\u00e1t a st\u00edlusv\u00e1lt\u00e1sn\u00e1l, akkor lehet\u0151s\u00e9g van arra, hogy m\u00e1s term\u00e9keket v\u00e1lasszon ebb\u0151l az anyagb\u00f3l. A sz\u0151rmemell\u00e9nyt egy farmerrel kombin\u00e1lva alkalmi-sikkes megjelen\u00e9st \u00e9rhet el. Egy egyszer\u0171 bl\u00fazzal \u00e9s egy p\u00e1r t\u00e9rdig \u00e9r\u0151 csizm\u00e1val eg\u00e9sz\u00edtheti ki az \u00f6lt\u00f6z\u00e9ket.  <\/p>\n<p>Ha nem tudod, hogyan illesztheted a sz\u0151rm\u00e9t a ruh\u00e1dba, kezdd a kieg\u00e9sz\u00edt\u0151kkel. Egy sz\u0151rm\u00e9s gall\u00e9r eleganci\u00e1t k\u00f6lcs\u00f6n\u00f6zhet an\u00e9lk\u00fcl, hogy t\u00falz\u00e1sba vinn\u00e9 a viseletet. <\/p>\n<p><a href=\"http:\/\/www.aavesa.com\/wp-content\/uploads\/2024\/01\/How-to-wear-natural-fur-in-your-everyday-outfits-3.jpg\"><img decoding=\"async\" class=\"wp-image-24424 size-full aligncenter\" src=\"https:\/\/aavesa.com\/wp-content\/uploads\/2024\/01\/How-to-wear-natural-fur-in-your-everyday-outfits-3.jpg\" alt=\"term\u00e9szetes sz\u0151rme bunda n\u0151knek\" width=\"1000\" height=\"1500\" srcset=\"https:\/\/aavesa.com\/wp-content\/uploads\/2024\/01\/How-to-wear-natural-fur-in-your-everyday-outfits-3.jpg 1000w, https:\/\/aavesa.com\/wp-content\/uploads\/2024\/01\/How-to-wear-natural-fur-in-your-everyday-outfits-3-64x96.jpg 64w, https:\/\/aavesa.com\/wp-content\/uploads\/2024\/01\/How-to-wear-natural-fur-in-your-everyday-outfits-3-200x300.jpg 200w, https:\/\/aavesa.com\/wp-content\/uploads\/2024\/01\/How-to-wear-natural-fur-in-your-everyday-outfits-3-683x1024.jpg 683w, https:\/\/aavesa.com\/wp-content\/uploads\/2024\/01\/How-to-wear-natural-fur-in-your-everyday-outfits-3-768x1152.jpg 768w\" sizes=\"(max-width: 1000px) 100vw, 1000px\" \/><\/a><\/p>\n<p>K\u00eds\u00e9rletezzen a sz\u0151rme m\u00e1s text\u00far\u00e1kkal, p\u00e9ld\u00e1ul b\u0151rrel, selyemmel vagy farmerrel val\u00f3 kombin\u00e1l\u00e1s\u00e1val. Ezek a mer\u00e9sz v\u00e1ltoztat\u00e1sok \u00f6sszetettebb\u00e9 \u00e9s egyedibb\u00e9 teszik a ruh\u00e1dat a vizu\u00e1lis hat\u00e1son kereszt\u00fcl. <\/p>\n<p><a href=\"http:\/\/www.aavesa.com\/wp-content\/uploads\/2024\/01\/How-to-wear-natural-fur-in-your-everyday-outfits-1.jpg\"><img decoding=\"async\" class=\"aligncenter wp-image-24425 size-full\" src=\"https:\/\/aavesa.com\/wp-content\/uploads\/2024\/01\/How-to-wear-natural-fur-in-your-everyday-outfits-1.jpg\" alt=\"term\u00e9szetes sz\u0151rme nerc kab\u00e1t b\u0151rszokny\u00e1val\" width=\"1000\" height=\"1500\" srcset=\"https:\/\/aavesa.com\/wp-content\/uploads\/2024\/01\/How-to-wear-natural-fur-in-your-everyday-outfits-1.jpg 1000w, https:\/\/aavesa.com\/wp-content\/uploads\/2024\/01\/How-to-wear-natural-fur-in-your-everyday-outfits-1-64x96.jpg 64w, https:\/\/aavesa.com\/wp-content\/uploads\/2024\/01\/How-to-wear-natural-fur-in-your-everyday-outfits-1-200x300.jpg 200w, https:\/\/aavesa.com\/wp-content\/uploads\/2024\/01\/How-to-wear-natural-fur-in-your-everyday-outfits-1-683x1024.jpg 683w, https:\/\/aavesa.com\/wp-content\/uploads\/2024\/01\/How-to-wear-natural-fur-in-your-everyday-outfits-1-768x1152.jpg 768w\" sizes=\"(max-width: 1000px) 100vw, 1000px\" \/><\/a><\/p>\n<p>A ruh\u00e1k vagy szokny\u00e1k szint\u00e9n olyan darabok, amelyeket k\u00f6zponti elemk\u00e9nt haszn\u00e1lhatsz, amelyek k\u00f6r\u00e9 fel\u00e9p\u00edtheted az \u00f6lt\u00f6z\u00e9kedet. Egy kicsit eleg\u00e1nsabb megjelen\u00e9s\u00e9rt v\u00e1lasszon miniszokny\u00e1t \u00e9s egy v\u00e9kony \u00e9s finom anyagb\u00f3l, p\u00e9ld\u00e1ul kasm\u00edrb\u00f3l k\u00e9sz\u00fclt pul\u00f3vert, amely f\u00f6l\u00e9 felveheti kedvenc bund\u00e1j\u00e1t. <\/p>\n<p>A term\u00e9szetes sz\u0151rme kateg\u00f3ri\u00e1ba tartoz\u00f3 term\u00e9kek nem csak k\u00fcl\u00f6nleges alkalmakra val\u00f3k. A r\u00e9szletekre val\u00f3 odafigyel\u00e9ssel \u00e9s kreativit\u00e1ssal ezeket a darabokat a mindennapi \u00f6lt\u00f6zk\u00f6d\u00e9sbe is beillesztheti, egy csipetnyi eleganci\u00e1t \u00e9s k\u00e9nyelmet adva hozz\u00e1. V\u00e1lasszon min\u0151s\u00e9gi sz\u0151rm\u00e9ket, \u00e1polja \u0151ket megfelel\u0151en, \u00e9s \u00e9lvezze a sokoldal\u00fas\u00e1got, amelyet ruhat\u00e1r\u00e1ba var\u00e1zsolhat. A sz\u0151rmebund\u00e1k luxusa \u00e9s kifinomults\u00e1ga szem\u00e9lyes st\u00edlusod szerves r\u00e9sz\u00e9v\u00e9 v\u00e1lhat, amelyet kedved \u00e9s hangulatod szerint alak\u00edthatsz \u00e1t.   <\/p>\n","protected":false},"excerpt":{"rendered":"<p>A term\u00e9szetes sz\u0151rm\u00e9b\u0151l k\u00e9sz\u00fclt ruh\u00e1k m\u00e1r r\u00e9g\u00f3ta a luxus \u00e9s az elegancia szinonim\u00e1i. Az 1920-as \u00e9vek t\u00e1voli, eleg\u00e1ns korszakait\u00f3l napjaink folyamatosan v\u00e1ltoz\u00f3 divatir\u00e1nyzatait\u00f3l kezdve, ezeket a ruhadarabokat az id\u0151k sor\u00e1n n\u0151k \u00e9s f\u00e9rfiak egyar\u00e1nt b\u00fcszk\u00e9n viselt\u00e9k. Puha text\u00far\u00e1juk, h\u0151szigetel\u0151 k\u00e9pess\u00e9g\u00fck \u00e9s kifinomult megjelen\u00e9s\u00fck miatt csod\u00e1lt\u00e1k \u0151ket, \u00e9s a st\u00edlus \u00e9vtizedek \u00f3ta meg\u0151rz\u00f6tt defin\u00edci\u00f3j\u00e1t jelentik. \u00c9ppen [&hellip;]<\/p>\n","protected":false},"author":11,"featured_media":96216,"comment_status":"closed","ping_status":"open","sticky":false,"template":"","format":"standard","meta":{"_acf_changed":false,"om_disable_all_campaigns":false,"inline_featured_image":false,"_monsterinsights_skip_tracking":false,"_monsterinsights_sitenote_active":false,"_monsterinsights_sitenote_note":"","_monsterinsights_sitenote_category":0,"footnotes":""},"categories":[917],"tags":[],"class_list":["post-97845","post","type-post","status-publish","format-standard","has-post-thumbnail","hentry","category-blog-hu"],"acf":[],"aioseo_notices":[],"_links":{"self":[{"href":"https:\/\/aavesa.com\/hu\/wp-json\/wp\/v2\/posts\/97845","targetHints":{"allow":["GET"]}}],"collection":[{"href":"https:\/\/aavesa.com\/hu\/wp-json\/wp\/v2\/posts"}],"about":[{"href":"https:\/\/aavesa.com\/hu\/wp-json\/wp\/v2\/types\/post"}],"author":[{"embeddable":true,"href":"https:\/\/aavesa.com\/hu\/wp-json\/wp\/v2\/users\/11"}],"replies":[{"embeddable":true,"href":"https:\/\/aavesa.com\/hu\/wp-json\/wp\/v2\/comments?post=97845"}],"version-history":[{"count":0,"href":"https:\/\/aavesa.com\/hu\/wp-json\/wp\/v2\/posts\/97845\/revisions"}],"wp:featuredmedia":[{"embeddable":true,"href":"https:\/\/aavesa.com\/hu\/wp-json\/wp\/v2\/media\/96216"}],"wp:attachment":[{"href":"https:\/\/aavesa.com\/hu\/wp-json\/wp\/v2\/media?parent=97845"}],"wp:term":[{"taxonomy":"category","embeddable":true,"href":"https:\/\/aavesa.com\/hu\/wp-json\/wp\/v2\/categories?post=97845"},{"taxonomy":"post_tag","embeddable":true,"href":"https:\/\/aavesa.com\/hu\/wp-json\/wp\/v2\/tags?post=97845"}],"curies":[{"name":"wp","href":"https:\/\/api.w.org\/{rel}","templated":true}]}}