

{"id":97852,"date":"2023-02-14T14:31:58","date_gmt":"2023-02-14T16:31:58","guid":{"rendered":"https:\/\/aavesa.com\/az-aa-vesa-bemutatja-alkotasait-a-the-one-milano-kiallitason\/"},"modified":"2026-04-13T04:45:43","modified_gmt":"2026-04-13T06:45:43","slug":"az-aa-vesa-bemutatja-alkotasait-a-the-one-milano-kiallitason","status":"publish","type":"post","link":"https:\/\/aavesa.com\/hu\/az-aa-vesa-bemutatja-alkotasait-a-the-one-milano-kiallitason\/","title":{"rendered":"Az A&amp;A Vesa bemutatja alkot\u00e1sait a The One Milano ki\u00e1ll\u00edt\u00e1son"},"content":{"rendered":"<p data-path-to-node=\"8\">Nagy \u00f6r\u00f6mmel jelentj\u00fck be r\u00e9szv\u00e9tel\u00fcnket a rangos <b data-path-to-node=\"8\" data-index-in-node=\"65\">The One Milano ki\u00e1ll\u00edt\u00e1son<\/b>. Az A&amp;A Vesa 2023. febru\u00e1r 19-22. k\u00f6z\u00f6tt Olaszorsz\u00e1g divatf\u0151v\u00e1ros\u00e1ban mutatja be leg\u00fajabb luxusterveit. Ez az esem\u00e9ny jelent\u0151s m\u00e9rf\u00f6ldk\u00f6vet jelent m\u00e1rk\u00e1nk sz\u00e1m\u00e1ra a nemzetk\u00f6zi sz\u00ednt\u00e9ren.  <\/p>\n<p><img fetchpriority=\"high\" decoding=\"async\" class=\"aligncenter wp-image-23529 size-large\" title=\"A&amp;A Vesa luxus sz\u0151rmekre\u00e1ci\u00f3k a The One Milano ki\u00e1ll\u00edt\u00e1si standj\u00e1n.\" src=\"https:\/\/aavesa.com\/wp-content\/uploads\/2023\/02\/Senzanomeone-1-1024x367.png\" alt=\"A&amp;A Vesa luxus sz\u0151rmekre\u00e1ci\u00f3k a The One Milano ki\u00e1ll\u00edt\u00e1si standj\u00e1n.\" width=\"800\" height=\"287\" srcset=\"https:\/\/aavesa.com\/wp-content\/uploads\/2023\/02\/Senzanomeone-1-1024x367.png 1024w, https:\/\/aavesa.com\/wp-content\/uploads\/2023\/02\/Senzanomeone-1-64x23.png 64w, https:\/\/aavesa.com\/wp-content\/uploads\/2023\/02\/Senzanomeone-1-300x107.png 300w, https:\/\/aavesa.com\/wp-content\/uploads\/2023\/02\/Senzanomeone-1-768x275.png 768w, https:\/\/aavesa.com\/wp-content\/uploads\/2023\/02\/Senzanomeone-1.png 1500w\" sizes=\"(max-width: 800px) 100vw, 800px\" \/><\/p>\n<h2 data-path-to-node=\"9\">Egy rangos bemutat\u00f3 a divat f\u0151v\u00e1ros\u00e1ban<\/h2>\n<p data-path-to-node=\"10\"><b data-path-to-node=\"10\" data-index-in-node=\"0\">A One Milano<\/b> egy vil\u00e1gh\u00edr\u0171 esem\u00e9ny, amely exkluz\u00edv m\u00e1rk\u00e1kat \u00e9s divattervez\u0151ket hoz \u00f6ssze. Kifejezetten a term\u00e9szetes anyagokb\u00f3l k\u00e9sz\u00fclt high-end <b data-path-to-node=\"10\" data-index-in-node=\"139\">kre\u00e1ci\u00f3kat<\/b> helyezi a k\u00f6z\u00e9ppontba. A divatrajong\u00f3k az\u00e9rt l\u00e1togatnak el erre a <b data-path-to-node=\"10\" data-index-in-node=\"209\">ki\u00e1ll\u00edt\u00e1sra<\/b>, hogy eredeti luxuskollekci\u00f3kat \u00e9s kiv\u00e1l\u00f3 min\u0151s\u00e9g\u0171 alkalmi darabokat fedezzenek fel. Ez\u00e9rt ez a t\u00f6k\u00e9letes helysz\u00edn a mi k\u00e9zm\u0171ves k\u00e9zm\u0171ves term\u00e9keink sz\u00e1m\u00e1ra.   <\/p>\n<h2 data-path-to-node=\"11\">Mire sz\u00e1m\u00edthat az A&amp;A Vesa a The One Milano sz\u00e1llod\u00e1ban?<\/h2>\n<p data-path-to-node=\"12\">Csapatunk \u00f6ssze\u00e1ll\u00edtott egy v\u00e1logat\u00e1st a legn\u00e9pszer\u0171bb modelljeinkb\u0151l. Ennek k\u00f6vetkezt\u00e9ben a l\u00e1togat\u00f3k els\u0151 k\u00e9zb\u0151l tapasztalhatj\u00e1k meg anyagaink min\u0151s\u00e9g\u00e9t. A tart\u00f3ss\u00e1gra, az eleganci\u00e1ra \u00e9s a mai trendeknek megfelel\u0151en moderniz\u00e1lt hagyom\u00e1nyos technik\u00e1kra \u00f6sszpontos\u00edtunk.  <\/p>\n<h3 data-path-to-node=\"13\">Exkluz\u00edv kollekci\u00f3k \u00e9s al\u00e1\u00edrt sz\u0151rme mint\u00e1k<\/h3>\n<p data-path-to-node=\"14\">Az idei <b data-path-to-node=\"14\" data-index-in-node=\"15\">ki\u00e1ll\u00edt\u00e1son<\/b> juh- \u00e9s r\u00f3kab\u0151rb\u0151l k\u00e9sz\u00fclt ruh\u00e1kb\u00f3l mutatunk be v\u00e1logat\u00e1st. Emellett bemutatjuk leg\u00fajabb k\u00fcl\u00f6nleges b\u0151rkab\u00e1tjainkat is. Minden egyes darab a min\u0151s\u00e9g ir\u00e1nti szenved\u00e9ly\u00fcnket \u00e9s a mesters\u00e9g ir\u00e1nti elk\u00f6telezetts\u00e9g\u00fcnket k\u00e9pviseli. Tov\u00e1bb\u00e1 ezek a <b data-path-to-node=\"14\" data-index-in-node=\"251\">kre\u00e1ci\u00f3k<\/b> bizony\u00edtj\u00e1k, hogy az A&amp;A Vesa tov\u00e1bbra is vezet\u0151 szerepet t\u00f6lt be a term\u00e9szetes sz\u0151rme divatban.   <\/p>\n<p data-path-to-node=\"15\"><a href=\"https:\/\/aavesa.com\/hu\/nok\/bundas-kabatok-es-bundas-dzsekik-noknek\/\">Fedezze fel jelenlegi r\u00f3kabunda-kollekci\u00f3nkat<\/a>, hogy megn\u00e9zze, milyen terveket hozunk Olaszorsz\u00e1gba.<\/p>\n<h2 data-path-to-node=\"16\">Csatlakozz hozz\u00e1nk: L\u00e1togasson el standunkra a One Milano ki\u00e1ll\u00edt\u00e1son<\/h2>\n<p data-path-to-node=\"17\">Megh\u00edvjuk a divat szerelmeseit \u00e9s az ipar\u00e1g szakembereit, hogy l\u00e1togassanak el hozz\u00e1nk. Az A&amp;A Vesa-t a 7. pavilonban, az 1. csarnokban, a 7. standon tal\u00e1lja. R26. Alig v\u00e1rjuk, hogy tal\u00e1lkozzunk a nemzetk\u00f6zi k\u00f6z\u00f6ns\u00e9ggel \u00e9s megosszuk a term\u00e9szetes sz\u0151rme diz\u00e1jnnal kapcsolatos elk\u00e9pzel\u00e9seinket. \u00d6sszefoglalva, ez az esem\u00e9ny a min\u0151s\u00e9g \u00fcnnepe, amelyet nem szabad kihagyni.    <\/p>\n<p data-path-to-node=\"18\"><a href=\"https:\/\/aavesa.com\/hu\/ferfi-es-noi-pehelypaplan-dzsekik-a-luxus-es-a-melegseg-vegso-kevereke\/\">N\u00e9zze meg luxus b\u00e1r\u00e1nyb\u0151rkab\u00e1tjainkat<\/a>, hogy megismerje pr\u00e9mium anyagainkat.<\/p>\n<hr data-path-to-node=\"19\">\n<h2 data-path-to-node=\"20\">Gyakran ism\u00e9telt k\u00e9rd\u00e9sek (GYIK)<\/h2>\n<p data-path-to-node=\"21\"><b data-path-to-node=\"21\" data-index-in-node=\"0\">1. Mi a The One Milano ki\u00e1ll\u00edt\u00e1s?<\/b>  Ez egy h\u00edres nemzetk\u00f6zi divatrendezv\u00e9ny Mil\u00e1n\u00f3ban, amely a term\u00e9szetes anyagokb\u00f3l k\u00e9sz\u00fclt cs\u00facskateg\u00f3ri\u00e1s ruh\u00e1knak \u00e9s kieg\u00e9sz\u00edt\u0151knek van szentelve.<\/p>\n<p data-path-to-node=\"22\"><b data-path-to-node=\"22\" data-index-in-node=\"0\">2. Hol tal\u00e1lom az A&amp;A Vesa-t a rendezv\u00e9nyen?<\/b>  L\u00e1togasson el standunkra az 1. csarnok 7. pavilonj\u00e1ban, az R26-os standon.<\/p>\n<p data-path-to-node=\"23\"><b data-path-to-node=\"23\" data-index-in-node=\"0\">3. Milyen t\u00edpus\u00fa alkot\u00e1sokat mutat be az A&amp;A Vesa?<\/b>  Bemutatunk b\u00e1r\u00e1nyb\u0151r ruhadarabokat, r\u00f3kabund\u00e1kat \u00e9s exkluz\u00edv b\u0151rdzsekiket.<\/p>\n<p data-path-to-node=\"24\"><b data-path-to-node=\"24\" data-index-in-node=\"0\">4. Mikor ker\u00fcl sor a ki\u00e1ll\u00edt\u00e1sra?<\/b>  Az esem\u00e9nyt 2023. febru\u00e1r 19. \u00e9s febru\u00e1r 22. k\u00f6z\u00f6tt rendezik meg.<\/p>\n<p data-path-to-node=\"25\"><b data-path-to-node=\"25\" data-index-in-node=\"0\">5. Nyitva \u00e1ll a ki\u00e1ll\u00edt\u00e1s a nagyk\u00f6z\u00f6ns\u00e9g el\u0151tt?<\/b>  Az esem\u00e9ny els\u0151sorban a divatiparban dolgoz\u00f3 szakembereket, a v\u00e1s\u00e1rl\u00f3kat \u00e9s a luxus kollekci\u00f3kat keres\u0151 elk\u00f6telezett divatrajong\u00f3kat c\u00e9lozza meg.<\/p>\n<p data-path-to-node=\"26\"><b data-path-to-node=\"26\" data-index-in-node=\"0\">6. V\u00e1s\u00e1rolhatok k\u00f6zvetlen\u00fcl a ki\u00e1ll\u00edt\u00e1son?<\/b>  A ki\u00e1ll\u00edt\u00e1sok \u00e1ltal\u00e1ban az \u00faj kollekci\u00f3k bemutat\u00e1s\u00e1ra \u00f6sszpontos\u00edtanak a v\u00e1s\u00e1rl\u00f3k sz\u00e1m\u00e1ra, de a hivatalos weboldalunkon kereszt\u00fcl b\u00e1rmikor megrendelheti kedvenc darabjait.<\/p>\n","protected":false},"excerpt":{"rendered":"<p>Nagy \u00f6r\u00f6mmel jelentj\u00fck be r\u00e9szv\u00e9tel\u00fcnket a rangos The One Milano ki\u00e1ll\u00edt\u00e1son. Az A&amp;A Vesa 2023. febru\u00e1r 19-22. k\u00f6z\u00f6tt Olaszorsz\u00e1g divatf\u0151v\u00e1ros\u00e1ban mutatja be leg\u00fajabb luxusterveit. Ez az esem\u00e9ny jelent\u0151s m\u00e9rf\u00f6ldk\u00f6vet jelent m\u00e1rk\u00e1nk sz\u00e1m\u00e1ra a nemzetk\u00f6zi sz\u00ednt\u00e9ren. Egy rangos bemutat\u00f3 a divat f\u0151v\u00e1ros\u00e1ban A One Milano egy vil\u00e1gh\u00edr\u0171 esem\u00e9ny, amely exkluz\u00edv m\u00e1rk\u00e1kat \u00e9s divattervez\u0151ket hoz \u00f6ssze. Kifejezetten [&hellip;]<\/p>\n","protected":false},"author":11,"featured_media":96184,"comment_status":"closed","ping_status":"open","sticky":false,"template":"","format":"standard","meta":{"_acf_changed":false,"om_disable_all_campaigns":false,"inline_featured_image":false,"_monsterinsights_skip_tracking":false,"_monsterinsights_sitenote_active":false,"_monsterinsights_sitenote_note":"","_monsterinsights_sitenote_category":0,"footnotes":""},"categories":[917],"tags":[],"class_list":["post-97852","post","type-post","status-publish","format-standard","has-post-thumbnail","hentry","category-blog-hu"],"acf":[],"aioseo_notices":[],"_links":{"self":[{"href":"https:\/\/aavesa.com\/hu\/wp-json\/wp\/v2\/posts\/97852","targetHints":{"allow":["GET"]}}],"collection":[{"href":"https:\/\/aavesa.com\/hu\/wp-json\/wp\/v2\/posts"}],"about":[{"href":"https:\/\/aavesa.com\/hu\/wp-json\/wp\/v2\/types\/post"}],"author":[{"embeddable":true,"href":"https:\/\/aavesa.com\/hu\/wp-json\/wp\/v2\/users\/11"}],"replies":[{"embeddable":true,"href":"https:\/\/aavesa.com\/hu\/wp-json\/wp\/v2\/comments?post=97852"}],"version-history":[{"count":1,"href":"https:\/\/aavesa.com\/hu\/wp-json\/wp\/v2\/posts\/97852\/revisions"}],"predecessor-version":[{"id":98580,"href":"https:\/\/aavesa.com\/hu\/wp-json\/wp\/v2\/posts\/97852\/revisions\/98580"}],"wp:featuredmedia":[{"embeddable":true,"href":"https:\/\/aavesa.com\/hu\/wp-json\/wp\/v2\/media\/96184"}],"wp:attachment":[{"href":"https:\/\/aavesa.com\/hu\/wp-json\/wp\/v2\/media?parent=97852"}],"wp:term":[{"taxonomy":"category","embeddable":true,"href":"https:\/\/aavesa.com\/hu\/wp-json\/wp\/v2\/categories?post=97852"},{"taxonomy":"post_tag","embeddable":true,"href":"https:\/\/aavesa.com\/hu\/wp-json\/wp\/v2\/tags?post=97852"}],"curies":[{"name":"wp","href":"https:\/\/api.w.org\/{rel}","templated":true}]}}