

{"id":97856,"date":"2024-11-01T15:54:22","date_gmt":"2024-11-01T17:54:22","guid":{"rendered":"https:\/\/aavesa.com\/miert-valasszon-szormebundat-a-hideg-evszakra\/"},"modified":"2026-04-13T05:02:30","modified_gmt":"2026-04-13T07:02:30","slug":"miert-valasszon-szormebundat-a-hideg-evszakra","status":"publish","type":"post","link":"https:\/\/aavesa.com\/hu\/miert-valasszon-szormebundat-a-hideg-evszakra\/","title":{"rendered":"Mi\u00e9rt v\u00e1lasszon sz\u0151rmebund\u00e1t a hideg \u00e9vszakra?"},"content":{"rendered":"<p>A <b data-path-to-node=\"8\" data-index-in-node=\"4\">sz\u0151rmebunda<\/b> az \u00f3kor \u00f3ta a ruhat\u00e1r egyik legfontosabb alapdarabja, mivel p\u00e1ratlan funkcionalit\u00e1ssal \u00e9s preszt\u00edzzsel rendelkezik. T\u00f6rt\u00e9nelmileg term\u00e9szetes b\u00e1r\u00e1nyb\u0151rb\u0151l k\u00e9sz\u00fclt, az emberek ezeket a ruhadarabokat az \u00e9let jelent\u0151s ritu\u00e1l\u00e9i \u00e9s a mindennapi munka sor\u00e1n egyar\u00e1nt viselt\u00e9k. Ma egy kiv\u00e1l\u00f3 min\u0151s\u00e9g\u0171 kab\u00e1t t\u00f6bbet k\u00e9pvisel a hagyom\u00e1nyokn\u00e1l; a hiteles, tart\u00f3s luxus szimb\u00f3luma. Annak \u00e9rdek\u00e9ben, hogy pr\u00e9mium min\u0151s\u00e9g\u0171 term\u00e9ket kapjon, mindig olyan gy\u00e1rt\u00f3kt\u00f3l v\u00e1s\u00e1roljon, akiknek nagy hagyom\u00e1nya van a sz\u0151rmefeldolgoz\u00e1sban.   <\/p>\n<p data-path-to-node=\"8\"><a href=\"http:\/\/www.aavesa.com\/wp-content\/uploads\/2023\/01\/image1.jpeg\"><img fetchpriority=\"high\" decoding=\"async\" class=\"alignnone wp-image-23503 size-full\" title=\"K\u00e9t n\u0151 ny\u00edrbund\u00e1ban \u00e9s egy f\u00e9rfi ny\u00edrbund\u00e1ban\" src=\"https:\/\/aavesa.com\/wp-content\/uploads\/2023\/01\/image1-2.jpeg\" alt=\"K\u00e9t n\u0151 ny\u00edrbund\u00e1ban \u00e9s egy f\u00e9rfi ny\u00edrbund\u00e1ban\" width=\"2000\" height=\"1499\" srcset=\"https:\/\/aavesa.com\/wp-content\/uploads\/2023\/01\/image1-2.jpeg 2000w, https:\/\/aavesa.com\/wp-content\/uploads\/2023\/01\/image1-2-64x48.jpeg 64w, https:\/\/aavesa.com\/wp-content\/uploads\/2023\/01\/image1-2-300x225.jpeg 300w, https:\/\/aavesa.com\/wp-content\/uploads\/2023\/01\/image1-2-1024x767.jpeg 1024w, https:\/\/aavesa.com\/wp-content\/uploads\/2023\/01\/image1-2-768x576.jpeg 768w, https:\/\/aavesa.com\/wp-content\/uploads\/2023\/01\/image1-2-1536x1151.jpeg 1536w\" sizes=\"(max-width: 2000px) 100vw, 2000px\" \/><\/a><\/p>\n<h2 data-path-to-node=\"9\">A term\u00e9szetes sz\u0151rmebunda id\u0151t\u00e1ll\u00f3 el\u0151nyei<\/h2>\n<p data-path-to-node=\"10\">A term\u00e9szetes darabba val\u00f3 befektet\u00e9s olyan el\u0151ny\u00f6ket k\u00edn\u00e1l, amelyekkel a szintetikus alternat\u00edv\u00e1k egyszer\u0171en nem \u00e9rnek fel. Ak\u00e1r \u0151szi hideggel, ak\u00e1r fagyos t\u00e9llel n\u00e9z szembe, ez a ruhadarab tov\u00e1bbra is a legmelegebb darab, amit birtokolhat. <\/p>\n<h3 data-path-to-node=\"11\">Kiv\u00e1l\u00f3 h\u0151szigetel\u00e9s \u00e9s k\u00e9nyelem<\/h3>\n<p data-path-to-node=\"12\">A b\u00e1r\u00e1nysz\u0151rme h\u00edres hihetetlen szigetel\u0151 tulajdons\u00e1gair\u00f3l. Hat\u00e9konyan meg\u0151rzi a testh\u0151t, mik\u00f6zben lehet\u0151v\u00e9 teszi a b\u0151r sz\u00e1m\u00e1ra a l\u00e9gz\u00e9st. Ez\u00e9rt t\u00f6k\u00e9letes h\u0151komfortot \u00e9lvezhet t\u00falmeleged\u00e9s n\u00e9lk\u00fcl. Emellett a term\u00e9szetes <b data-path-to-node=\"12\" data-index-in-node=\"223\">sz\u0151rmebunda<\/b> kifinomult, m\u00e9gis laza k\u00fcls\u0151t k\u00f6lcs\u00f6n\u00f6z, k\u00fcl\u00f6n\u00f6sen, ha klasszikus, egyszer\u0171 vonalakkal tervezt\u00e9k.   <\/p>\n<h3 data-path-to-node=\"13\">Tart\u00f3ss\u00e1g: Hossz\u00fa t\u00e1v\u00fa divatbefektet\u00e9s<\/h3>\n<p data-path-to-node=\"14\">A term\u00e9szetes anyagok leny\u0171g\u00f6z\u0151 szil\u00e1rds\u00e1ggal \u00e9s rugalmass\u00e1ggal b\u00fcszk\u00e9lkedhetnek. B\u00e1r a kezdeti beszerz\u00e9si \u00e1r magasabb lehet, a kop\u00e1sonk\u00e9nti k\u00f6lts\u00e9g rendk\u00edv\u00fcl alacsony. K\u00f6vetkez\u00e9sk\u00e9ppen egy j\u00f3l karbantartott kab\u00e1t \u00e9vtizedekig tart. Ez a tart\u00f3ss\u00e1g nagyon okos befektet\u00e9ss\u00e9 teszi a <b data-path-to-node=\"14\" data-index-in-node=\"262\">hideg \u00e9vszak<\/b> ruhat\u00e1r\u00e1ba.   <\/p>\n<p data-path-to-node=\"15\"><a href=\"https:\/\/aavesa.com\/hu\/nok\/bundas-kabatok-es-bundas-dzsekik-noknek\/\">Fedezze fel a k\u00e9zzel k\u00e9sz\u00edtett term\u00e9szetes sz\u0151rme ruhadarabok kollekci\u00f3j\u00e1t<\/a>, hogy megtapasztalja, milyen k\u00fcl\u00f6nbs\u00e9get jelentenek a hagyom\u00e1nyok.<\/p>\n<h2 data-path-to-node=\"16\">Hogyan stiliz\u00e1ljuk a sz\u0151rm\u00e9t a hideg \u00e9vszakban<\/h2>\n<p data-path-to-node=\"17\">A sokoldal\u00fas\u00e1g a term\u00e9szetes sz\u0151rme egyik f\u0151 er\u0151ss\u00e9ge. Z\u00f6kken\u0151mentesen illeszkedik b\u00e1rmilyen ruh\u00e1zati st\u00edlusba, kiemelve az \u00d6n egyedi szem\u00e9lyis\u00e9g\u00e9t \u00e9s eleganci\u00e1j\u00e1t. <\/p>\n<h3 data-path-to-node=\"18\">Eleg\u00e1ns Shearling kab\u00e1t n\u0151knek<\/h3>\n<p data-path-to-node=\"19\">A modern n\u0151 sz\u00e1m\u00e1ra t\u00f6rt\u00e9n\u0151 tervez\u00e9s mag\u00e1ban foglalja a forma \u00e9s a melegs\u00e9g egyens\u00faly\u00e1t. Napjainkban n\u00e9pszer\u0171 v\u00e1laszt\u00e1s a hossz\u00fa, der\u00e9kszor\u00edt\u00f3 zsin\u00f3rral ell\u00e1tott <a href=\"https:\/\/aavesa.com\/hu\/nok\/noi-shearling-kabatok\/\">n\u0151i ny\u00edrbunda<\/a>. Ez a st\u00edlus hangs\u00falyozza a n\u0151iess\u00e9get, mik\u00f6zben maxim\u00e1lis v\u00e9delmet biztos\u00edt az id\u0151j\u00e1r\u00e1s viszontags\u00e1gaival szemben. Alternat\u00edvak\u00e9nt az akt\u00edv n\u0151k gyakran a r\u00f6vid kab\u00e1tokat r\u00e9szes\u00edtik el\u0151nyben a napi ing\u00e1z\u00e1s k\u00f6zbeni k\u00f6nny\u0171 mozg\u00e1s miatt.   <\/p>\n<p data-path-to-node=\"19\"><a href=\"http:\/\/www.aavesa.com\/wp-content\/uploads\/2023\/01\/image2.jpeg\"><img decoding=\"async\" class=\"alignnone wp-image-23504 size-full\" title=\"Egy n\u0151 visel egy luxus hossz\u00fa n\u0151i ny\u00edrbund\u00e1t\" src=\"https:\/\/aavesa.com\/wp-content\/uploads\/2023\/01\/image2-2.jpeg\" alt=\"Egy n\u0151 visel egy luxus hossz\u00fa n\u0151i ny\u00edrbund\u00e1t\" width=\"1200\" height=\"628\" srcset=\"https:\/\/aavesa.com\/wp-content\/uploads\/2023\/01\/image2-2.jpeg 1200w, https:\/\/aavesa.com\/wp-content\/uploads\/2023\/01\/image2-2-64x33.jpeg 64w, https:\/\/aavesa.com\/wp-content\/uploads\/2023\/01\/image2-2-300x157.jpeg 300w, https:\/\/aavesa.com\/wp-content\/uploads\/2023\/01\/image2-2-1024x536.jpeg 1024w, https:\/\/aavesa.com\/wp-content\/uploads\/2023\/01\/image2-2-768x402.jpeg 768w\" sizes=\"(max-width: 1200px) 100vw, 1200px\" \/><\/a><\/p>\n<h3 data-path-to-node=\"20\">Modern Shearling kab\u00e1t f\u00e9rfiaknak<\/h3>\n<p data-path-to-node=\"21\">A hib\u00e1tlan megjelen\u00e9s \u00e9rdek\u00e9ben a f\u00e9rfiaknak egy klasszikus, f\u00e9rfias vonalvezet\u00e9s\u0171 trencsekkab\u00e1tot kell v\u00e1lasztaniuk. Tov\u00e1bb\u00e1, egy megford\u00edthat\u00f3 <b data-path-to-node=\"21\" data-index-in-node=\"116\">f\u00e9rfi shearling kab\u00e1t<\/b> hihetetlen sokoldal\u00fas\u00e1got k\u00edn\u00e1l. P\u00e1ros\u00edthatja \u00fczleti \u00f6lt\u00f6ny\u00f6kkel vagy h\u00e9tv\u00e9gi alkalmi \u00f6lt\u00f6z\u00e9kekkel. A kiv\u00e1l\u00f3 min\u0151s\u00e9g\u0171 b\u0151r \u00e9s a puha sz\u0151rme hat\u00e1rozott, impoz\u00e1ns megjelen\u00e9st k\u00f6lcs\u00f6n\u00f6z visel\u0151j\u00e9nek.   <\/p>\n<p data-path-to-node=\"22\">Tov\u00e1bbi inspir\u00e1ci\u00f3\u00e9rt tekintse meg a <a href=\"https:\/\/aavesa.com\/hu\/ferfiak\/shearling-kabatok-ferfiaknak\/\">f\u00e9rfiaknak sz\u00e1nt ny\u00edrbunda st\u00edlus\u00e1r\u00f3l<\/a>sz\u00f3l\u00f3 \u00fatmutat\u00f3nkat.<\/p>\n<h2 data-path-to-node=\"23\">Alapvet\u0151 karbantart\u00e1si tippek a hossz\u00fa \u00e9lettartam\u00e9rt<\/h2>\n<p data-path-to-node=\"24\">Kedvenc kab\u00e1tod karbantart\u00e1sa egyszer\u0171, ha betartasz n\u00e9h\u00e1ny alapvet\u0151 szab\u00e1lyt. A kab\u00e1tot mindig sz\u00e1raz, k\u00f6zvetlen napf\u00e9nyt\u0151l v\u00e9dett helyen t\u00e1rolja. Ez megakad\u00e1lyozza, hogy az anyag kifakuljon, \u00e9s f\u00e9nyes maradjon a bunda.  <\/p>\n<p data-path-to-node=\"25\">Ha es\u0151 vagy h\u00f3 fogadja, soha ne haszn\u00e1ljon hajsz\u00e1r\u00edt\u00f3t vagy radi\u00e1tort. Ehelyett r\u00e1zza le a felesleges vizet, \u00e9s hagyja term\u00e9szetes m\u00f3don megsz\u00e1radni egy sz\u00e9les fogason. Rendszeresen vigye el a ruhadarabot egy sz\u0151rm\u00e9kre szakosodott, professzion\u00e1lis vegytiszt\u00edt\u00f3ba. Ker\u00fclje a durva kef\u00e9ket vagy a vegyi oldatokat, mivel ezek maradand\u00f3 k\u00e1rosod\u00e1st okozhatnak a k\u00e9nyes bund\u00e1ban.   <\/p>\n<hr data-path-to-node=\"26\">\n<h2 data-path-to-node=\"27\">Gyakran ism\u00e9telt k\u00e9rd\u00e9sek (GYIK)<\/h2>\n<p data-path-to-node=\"28\"><b data-path-to-node=\"28\" data-index-in-node=\"0\">1. A term\u00e9szetes sz\u0151rmebunda melegebb, mint a szintetikus v\u00e1ltozatok?<\/b>  Igen, a term\u00e9szetes sz\u0151rme jobb szigetel\u00e9st biztos\u00edt, mivel a szerves sz\u00e1lak hat\u00e9konyabban tartj\u00e1k meg a leveg\u0151t a testh\u0151 meg\u0151rz\u00e9se \u00e9rdek\u00e9ben.<\/p>\n<p data-path-to-node=\"29\"><b data-path-to-node=\"29\" data-index-in-node=\"0\">2. Mennyi ideig tart jellemz\u0151en egy n\u0151i shearling kab\u00e1t?<\/b>  Megfelel\u0151 \u00e1pol\u00e1s mellett egy j\u00f3 min\u0151s\u00e9g\u0171 b\u00e1r\u00e1nyb\u0151r vagy sz\u0151rme ruhadarab 20-30 \u00e9vig vagy m\u00e9g tov\u00e1bb is eltarthat.<\/p>\n<p data-path-to-node=\"30\"><b data-path-to-node=\"30\" data-index-in-node=\"0\">3. Felvehetem a f\u00e9rfi pehelykab\u00e1tot es\u0151ben?<\/b>  Az enyhe nedvess\u00e9g j\u00f3, de hagyni kell, hogy term\u00e9szetes m\u00f3don sz\u00e1radjon. Ker\u00fclje az er\u0151s felh\u0151szakad\u00e1st, hogy meg\u00f3vja a b\u0151r text\u00far\u00e1j\u00e1t. <\/p>\n<p data-path-to-node=\"31\"><b data-path-to-node=\"31\" data-index-in-node=\"0\">4. Mi\u00e9rt \u00e9rdemes hagyom\u00e1nyos gy\u00e1rt\u00f3t\u00f3l v\u00e1s\u00e1rolni?<\/b>  A hagyom\u00e1nyos gy\u00e1rt\u00f3k \u00e9rtik a cserz\u00e9si \u00e9s varr\u00e1si technik\u00e1kat, amelyek a sz\u0151rme tart\u00f3ss\u00e1 \u00e9s a b\u0151r rugalmass\u00e1 t\u00e9tel\u00e9hez sz\u00fcks\u00e9gesek.<\/p>\n<p data-path-to-node=\"32\"><b data-path-to-node=\"32\" data-index-in-node=\"0\">5. J\u00f3 befektet\u00e9s-e a ford\u00edthat\u00f3 kab\u00e1t?<\/b>  Abszol\u00fat. A ford\u00edthat\u00f3 modellek k\u00e9t st\u00edlust k\u00edn\u00e1lnak egyben, \u00edgy a <b data-path-to-node=\"32\" data-index-in-node=\"144\">hideg \u00e9vszak<\/b> legsokoldal\u00fabb darabjai. <\/p>\n<p data-path-to-node=\"33\"><b data-path-to-node=\"33\" data-index-in-node=\"0\">6. Milyen gyakran kell tiszt\u00edtanom a sz\u0151rzetemet?<\/b>  A haszn\u00e1lat f\u00fcggv\u00e9ny\u00e9ben \u00e9vente vagy k\u00e9t\u00e9vente egyszer vigye el a bund\u00e1j\u00e1t egy profi sz\u0151rmek\u00e9sz\u00edt\u0151h\u00f6z &#8222;felfriss\u00edt\u00e9sre&#8221;.<\/p>\n","protected":false},"excerpt":{"rendered":"<p>A sz\u0151rmebunda az \u00f3kor \u00f3ta a ruhat\u00e1r egyik legfontosabb alapdarabja, mivel p\u00e1ratlan funkcionalit\u00e1ssal \u00e9s preszt\u00edzzsel rendelkezik. T\u00f6rt\u00e9nelmileg term\u00e9szetes b\u00e1r\u00e1nyb\u0151rb\u0151l k\u00e9sz\u00fclt, az emberek ezeket a ruhadarabokat az \u00e9let jelent\u0151s ritu\u00e1l\u00e9i \u00e9s a mindennapi munka sor\u00e1n egyar\u00e1nt viselt\u00e9k. Ma egy kiv\u00e1l\u00f3 min\u0151s\u00e9g\u0171 kab\u00e1t t\u00f6bbet k\u00e9pvisel a hagyom\u00e1nyokn\u00e1l; a hiteles, tart\u00f3s luxus szimb\u00f3luma. Annak \u00e9rdek\u00e9ben, hogy pr\u00e9mium min\u0151s\u00e9g\u0171 [&hellip;]<\/p>\n","protected":false},"author":11,"featured_media":96178,"comment_status":"closed","ping_status":"open","sticky":false,"template":"","format":"standard","meta":{"_acf_changed":false,"om_disable_all_campaigns":false,"inline_featured_image":false,"_monsterinsights_skip_tracking":false,"_monsterinsights_sitenote_active":false,"_monsterinsights_sitenote_note":"","_monsterinsights_sitenote_category":0,"footnotes":""},"categories":[917],"tags":[],"class_list":["post-97856","post","type-post","status-publish","format-standard","has-post-thumbnail","hentry","category-blog-hu"],"acf":[],"aioseo_notices":[],"_links":{"self":[{"href":"https:\/\/aavesa.com\/hu\/wp-json\/wp\/v2\/posts\/97856","targetHints":{"allow":["GET"]}}],"collection":[{"href":"https:\/\/aavesa.com\/hu\/wp-json\/wp\/v2\/posts"}],"about":[{"href":"https:\/\/aavesa.com\/hu\/wp-json\/wp\/v2\/types\/post"}],"author":[{"embeddable":true,"href":"https:\/\/aavesa.com\/hu\/wp-json\/wp\/v2\/users\/11"}],"replies":[{"embeddable":true,"href":"https:\/\/aavesa.com\/hu\/wp-json\/wp\/v2\/comments?post=97856"}],"version-history":[{"count":1,"href":"https:\/\/aavesa.com\/hu\/wp-json\/wp\/v2\/posts\/97856\/revisions"}],"predecessor-version":[{"id":98587,"href":"https:\/\/aavesa.com\/hu\/wp-json\/wp\/v2\/posts\/97856\/revisions\/98587"}],"wp:featuredmedia":[{"embeddable":true,"href":"https:\/\/aavesa.com\/hu\/wp-json\/wp\/v2\/media\/96178"}],"wp:attachment":[{"href":"https:\/\/aavesa.com\/hu\/wp-json\/wp\/v2\/media?parent=97856"}],"wp:term":[{"taxonomy":"category","embeddable":true,"href":"https:\/\/aavesa.com\/hu\/wp-json\/wp\/v2\/categories?post=97856"},{"taxonomy":"post_tag","embeddable":true,"href":"https:\/\/aavesa.com\/hu\/wp-json\/wp\/v2\/tags?post=97856"}],"curies":[{"name":"wp","href":"https:\/\/api.w.org\/{rel}","templated":true}]}}