

{"id":97857,"date":"2022-04-01T13:46:10","date_gmt":"2022-04-01T15:46:10","guid":{"rendered":"https:\/\/aavesa.com\/hogyan-tunjunk-ki-tavasszal-egy-noi-borkabattal\/"},"modified":"2026-04-13T07:45:08","modified_gmt":"2026-04-13T09:45:08","slug":"hogyan-tunjunk-ki-tavasszal-egy-noi-borkabattal","status":"publish","type":"post","link":"https:\/\/aavesa.com\/hu\/hogyan-tunjunk-ki-tavasszal-egy-noi-borkabattal\/","title":{"rendered":"Hogyan t\u0171nj\u00fcnk ki tavasszal egy n\u0151i b\u0151rkab\u00e1ttal?"},"content":{"rendered":"<p data-path-to-node=\"8\">A tavasz egy egyed\u00fcl\u00e1ll\u00f3 \u00e9vszak, amikor a term\u00e9szet \u00e9bredezik, \u00e9s a divatir\u00e1nyzatok meghat\u00e1rozz\u00e1k az \u00e9v h\u00e1tral\u00e9v\u0151 r\u00e9sz\u00e9re az alaphangot. Ha ebben az id\u0151szakban befektet egy kiv\u00e1l\u00f3 min\u0151s\u00e9g\u0171 <a href=\"https:\/\/aavesa.com\/hu\/nok\/borkabatok-es-borkabatok\/\">n\u0151i b\u0151rkab\u00e1tba<\/a>, akkor a h\u0151m\u00e9rs\u00e9klet v\u00e1ltoz\u00e1s\u00e1val st\u00edlusos \u00e9s k\u00e9nyelmes maradhat. Elemezt\u00fck az aktu\u00e1lis piaci adatokat, hogy megmutassuk, hogyan viselheted id\u00e9n a legjobban a b\u0151rt.  <\/p>\n<h2 data-path-to-node=\"9\">2026 tavasza Trendek: Szabads\u00e1g \u00e9s mer\u00e9sz sz\u00ednek<\/h2>\n<p data-path-to-node=\"10\">A tervez\u0151k minden tavasszal \u00faj kollekci\u00f3kat mutatnak be a legnagyobb divatrendezv\u00e9nyeken vil\u00e1gszerte. A jelenlegi trendek a merev szab\u00e1lyok helyett a kreativit\u00e1st \u00e9s a szabads\u00e1got hangs\u00falyozz\u00e1k. A z\u00f6ld tov\u00e1bbra is domin\u00e1ns sz\u00edn, k\u00fcl\u00f6n\u00f6sen a l\u00e1bbelik \u00e9s a kieg\u00e9sz\u00edt\u0151k ter\u00e9n.  <\/p>\n<p data-path-to-node=\"11\">A tart\u00f3ss\u00e1g \u00e9s a st\u00edlus tekintet\u00e9ben a <a href=\"https:\/\/aavesa.com\/hu\/\">term\u00e9szetes b\u0151r<\/a> \u00e9s a farmer tov\u00e1bbra is vezet\u0151 szerepet t\u00f6lt be a piacon. V\u00e1laszthat teljes b\u0151r megjelen\u00e9st, vagy keverheti ezeket az anyagokat a felt\u0171n\u0151 kontraszt \u00e9rdek\u00e9ben. F\u00fcggetlen\u00fcl att\u00f3l, hogy mit szeretne, egy j\u00f3l illeszked\u0151 kab\u00e1t minden sikeres tavaszi \u00f6lt\u00f6z\u00e9k alapj\u00e1ul szolg\u00e1l.  <\/p>\n<p><img fetchpriority=\"high\" decoding=\"async\" class=\"aligncenter wp-image-22931 size-full\" title=\"K\u00f6zelk\u00e9p egy Rom\u00e1ni\u00e1ban k\u00e9sz\u00fclt, k\u00e9zzel k\u00e9sz\u00edtett term\u00e9szetes b\u0151rkab\u00e1t varr\u00e1s\u00e1r\u00f3l.\" src=\"https:\/\/aavesa.com\/wp-content\/uploads\/2022\/04\/Leather-coats-for-women.jpg\" alt=\"K\u00f6zelk\u00e9p egy Rom\u00e1ni\u00e1ban k\u00e9sz\u00fclt, k\u00e9zzel k\u00e9sz\u00edtett term\u00e9szetes b\u0151rkab\u00e1t varr\u00e1s\u00e1r\u00f3l.\" width=\"600\" height=\"441\" srcset=\"https:\/\/aavesa.com\/wp-content\/uploads\/2022\/04\/Leather-coats-for-women.jpg 600w, https:\/\/aavesa.com\/wp-content\/uploads\/2022\/04\/Leather-coats-for-women-64x47.jpg 64w, https:\/\/aavesa.com\/wp-content\/uploads\/2022\/04\/Leather-coats-for-women-300x221.jpg 300w\" sizes=\"(max-width: 600px) 100vw, 600px\" \/><\/p>\n<h2 data-path-to-node=\"12\">5 m\u00f3dja a n\u0151i b\u0151rkab\u00e1t st\u00edlus\u00e1nak kialak\u00edt\u00e1s\u00e1ra<\/h2>\n<p data-path-to-node=\"13\">Mivel a <b data-path-to-node=\"13\" data-index-in-node=\"6\">term\u00e9szetes b\u0151r<\/b> most nagyon n\u00e9pszer\u0171, itt az ideje, hogy egy alapdarabbal b\u0151v\u00edtse ruhat\u00e1r\u00e1t. \u00cdme, hogyan integr\u00e1lhatod a kab\u00e1tot a mindennapi megjelen\u00e9sedbe: <\/p>\n<ol start=\"1\" data-path-to-node=\"14\">\n<li>\n<p data-path-to-node=\"14,0,0\"><b data-path-to-node=\"14,0,0\" data-index-in-node=\"0\">Denim \u00e9s csizma:<\/b> Kombin\u00e1lja a kab\u00e1tot farmerszokny\u00e1val \u00e9s hozz\u00e1 ill\u0151 csizm\u00e1val. Ez k\u00f6veti a tervez\u0151k kontrasztos javaslat\u00e1t, mik\u00f6zben nagyon k\u00e9nyelmes marad. <\/p>\n<\/li>\n<li>\n<p data-path-to-node=\"14,1,0\"><b data-path-to-node=\"14,1,0\" data-index-in-node=\"0\">Az \u00fczleti \u00f6lt\u00f6ny:<\/b> A <b data-path-to-node=\"14,1,0\" data-index-in-node=\"30\">n\u0151i b\u0151rkab\u00e1tot<\/b> szabott \u00f6lt\u00f6nnyel \u00e9s t\u0171sark\u00fa cip\u0151vel p\u00e1ros\u00edtsa. V\u00e1lasszon z\u00f6ld vagy mer\u00e9sz sz\u00edn\u0171 \u00f6lt\u00f6nyt, hogy az irodai napokon mag\u00e1ra vonja a figyelmet. <\/p>\n<\/li>\n<li>\n<p data-path-to-node=\"14,2,0\"><b data-path-to-node=\"14,2,0\" data-index-in-node=\"0\">Az eleg\u00e1ns &#8222;teljes b\u0151r&#8221; megjelen\u00e9s:<\/b> A kab\u00e1tot b\u0151rnadr\u00e1ggal \u00e9s bokacsizm\u00e1val p\u00e1ros\u00edtsd. Ez a mer\u00e9sz kombin\u00e1ci\u00f3 t\u00f6k\u00e9letes egy bar\u00e1ti est\u00e9hez. <\/p>\n<\/li>\n<li>\n<p data-path-to-node=\"14,3,0\"><b data-path-to-node=\"14,3,0\" data-index-in-node=\"0\">N\u0151i elegancia:<\/b> Viseljen r\u00f6vid ruh\u00e1t \u00e9s hossz\u00fa csizm\u00e1t a b\u0151rkab\u00e1tja alatt. Ez kiemeli a sziluettedet, \u00e9s t\u00f6k\u00e9letesen m\u0171k\u00f6dik a tavaszi partikon. <\/p>\n<\/li>\n<li>\n<p data-path-to-node=\"14,4,0\"><b data-path-to-node=\"14,4,0\" data-index-in-node=\"0\">Casual Chic:<\/b> Keverj\u00fck \u00f6ssze a mom-fit farmert, a tornacip\u0151t \u00e9s egy <a href=\"https:\/\/aavesa.com\/hu\/nok\/borkabatok-noknek\/\"><b data-path-to-node=\"14,4,0\" data-index-in-node=\"48\">n\u0151i b\u0151rdzseki<\/b><\/a>. Adj hozz\u00e1 egy sz\u00ednes fels\u0151t, hogy az \u00f6lt\u00f6z\u00e9knek extra szem\u00e9lyis\u00e9get adj. <\/p>\n<\/li>\n<\/ol>\n<h2 data-path-to-node=\"16\">Mi\u00e9rt \u00e9rdemes a Rom\u00e1ni\u00e1ban k\u00e9sz\u00fclt term\u00e9szetes b\u0151rt v\u00e1lasztani<\/h2>\n<p data-path-to-node=\"17\">Rom\u00e1ni\u00e1ban gazdag hagyom\u00e1nya van a pr\u00e9mium min\u0151s\u00e9g\u0171 <b data-path-to-node=\"17\" data-index-in-node=\"50\">term\u00e9szetes b\u0151rb\u0151l<\/b> k\u00e9sz\u00fclt ruh\u00e1zati cikkek gy\u00e1rt\u00e1s\u00e1nak. A helyi v\u00e1s\u00e1rl\u00e1s t\u00e1mogatja a gazdas\u00e1got \u00e9s biztos\u00edtja, hogy magas sz\u00ednvonal\u00fa term\u00e9ket kapjon. Ha m\u00e9g nem d\u00f6nt\u00f6tt, fontolja meg ezt a n\u00e9gy gyakorlati okot, ami\u00e9rt a rom\u00e1n k\u00e9zm\u0171vess\u00e9get v\u00e1lassza:  <\/p>\n<ul data-path-to-node=\"18\">\n<li>\n<p data-path-to-node=\"18,0,0\"><b data-path-to-node=\"18,0,0\" data-index-in-node=\"0\">K\u00e9zm\u0171ves kiv\u00e1l\u00f3s\u00e1g:<\/b> A legt\u00f6bb m\u0171hely nem haszn\u00e1l teljesen automatiz\u00e1lt folyamatokat. Ez lehet\u0151v\u00e9 teszi a k\u00e9zm\u0171vesek sz\u00e1m\u00e1ra, hogy minden egyes varratra \u00e9s r\u00e9szletre nagy figyelmet ford\u00edtsanak. <\/p>\n<\/li>\n<li>\n<p data-path-to-node=\"18,1,0\"><b data-path-to-node=\"18,1,0\" data-index-in-node=\"0\">Pr\u00e9mium nyersanyagok:<\/b> A gy\u00e1rt\u00f3k a b\u0151rt enged\u00e9lyezett gy\u00e1rt\u00f3kt\u00f3l szerzik be, akik szigor\u00fa feldolgoz\u00e1si szabv\u00e1nyokat k\u00f6vetnek. Ez garant\u00e1lja a tart\u00f3s, luxusterm\u00e9ket. <\/p>\n<\/li>\n<li>\n<p data-path-to-node=\"18,2,0\"><b data-path-to-node=\"18,2,0\" data-index-in-node=\"0\">Szabv\u00e1nyos\u00edtott m\u00e9retez\u00e9s:<\/b> Nem kell agg\u00f3dnia a szokatlan m\u00e9retez\u00e9s miatt. Mint\u00e1ink a helyi szabv\u00e1nyokat k\u00f6vetik a t\u00f6k\u00e9letes illeszked\u00e9s \u00e9rdek\u00e9ben. <\/p>\n<\/li>\n<li>\n<p data-path-to-node=\"18,3,0\"><b data-path-to-node=\"18,3,0\" data-index-in-node=\"0\">Tisztess\u00e9ges \u00e1rk\u00e9pz\u00e9s:<\/b> Az alacsonyabb rom\u00e1niai gy\u00e1rt\u00e1si k\u00f6lts\u00e9gek azt jelentik, hogy a nemzetk\u00f6zi m\u00e1rk\u00e1khoz k\u00e9pest versenyk\u00e9pes \u00e1ron kaphat pr\u00e9mium kateg\u00f3ri\u00e1s <b data-path-to-node=\"18,3,0\" data-index-in-node=\"71\">n\u0151i b\u0151rdzsekit<\/b>.<\/p>\n<\/li>\n<\/ul>\n<hr data-path-to-node=\"20\">\n<h2 data-path-to-node=\"21\">Gyakran ism\u00e9telt k\u00e9rd\u00e9sek (GYIK)<\/h2>\n<p data-path-to-node=\"22\"><b data-path-to-node=\"22\" data-index-in-node=\"0\">1. Alkalmas-e a n\u0151i b\u0151rkab\u00e1t es\u0151s tavaszi napokra?<\/b> Igen, a <b data-path-to-node=\"22\" data-index-in-node=\"66\">term\u00e9szetes b\u0151r<\/b> j\u00f3 v\u00e9delmet ny\u00fajt a sz\u00e9l \u00e9s az enyhe es\u0151 ellen. Azonban mindig hagyja term\u00e9szetes m\u00f3don megsz\u00e1radni, h\u0151forr\u00e1sokt\u00f3l t\u00e1vol. <\/p>\n<p data-path-to-node=\"23\"><b data-path-to-node=\"23\" data-index-in-node=\"0\">2. Honnan tudom, hogy a b\u0151r val\u00f3di?<\/b>  A val\u00f3di b\u0151rnek jellegzetes illata \u00e9s egyedi szemcsemint\u00e1zata van. Emellett meleg tapint\u00e1s\u00fa, \u00e9s kis mennyis\u00e9g\u0171 vizet sz\u00edv mag\u00e1ba. <\/p>\n<p data-path-to-node=\"24\"><b data-path-to-node=\"24\" data-index-in-node=\"0\">3. Mi a legjobb sz\u00edn egy tavaszi b\u0151rkab\u00e1thoz?<\/b>  M\u00edg a fekete klasszikus, a b\u00e9zs, a kr\u00e9msz\u00edn\u0171 \u00e9s a z\u00f6ld a legjobb v\u00e1laszt\u00e1s az idei szezon trendjei k\u00f6z\u00fcl.<\/p>\n<p data-path-to-node=\"25\"><b data-path-to-node=\"25\" data-index-in-node=\"0\">4. Viselhetek n\u0151i b\u0151rdzsekit hivatalos ruh\u00e1hoz?<\/b>  Abszol\u00fat. Egy eleg\u00e1ns b\u0151rdzseki modern \u00e9l\u00e9t adja egy eleg\u00e1ns ruh\u00e1nak esk\u00fcv\u0151k\u00f6n vagy esti rendezv\u00e9nyeken. <\/p>\n<p data-path-to-node=\"26\"><b data-path-to-node=\"26\" data-index-in-node=\"0\">5. Mi\u00e9rt tekinthet\u0151 a rom\u00e1n b\u0151r kiv\u00e1l\u00f3 min\u0151s\u00e9g\u0171nek?<\/b>  A rom\u00e1niai cserz\u00e9s \u00e9s k\u00e9zi varr\u00e1s hagyom\u00e1nya biztos\u00edtja, hogy a b\u0151r sok \u00e9ven \u00e1t rugalmas \u00e9s tart\u00f3s maradjon.<\/p>\n<p data-path-to-node=\"27\"><b data-path-to-node=\"27\" data-index-in-node=\"0\">6. Hogyan t\u00e1roljam a kab\u00e1tomat ny\u00e1ron?<\/b>  Haszn\u00e1ljon sz\u00e9les akaszt\u00f3t \u00e9s l\u00e9g\u00e1tereszt\u0151 pamutzs\u00e1kot. Tartsa h\u0171v\u00f6s, sz\u00e1raz helyen, hogy az anyag ne repedezzen. <\/p>\n<p>&nbsp;<\/p>\n","protected":false},"excerpt":{"rendered":"<p>A tavasz egy egyed\u00fcl\u00e1ll\u00f3 \u00e9vszak, amikor a term\u00e9szet \u00e9bredezik, \u00e9s a divatir\u00e1nyzatok meghat\u00e1rozz\u00e1k az \u00e9v h\u00e1tral\u00e9v\u0151 r\u00e9sz\u00e9re az alaphangot. Ha ebben az id\u0151szakban befektet egy kiv\u00e1l\u00f3 min\u0151s\u00e9g\u0171 n\u0151i b\u0151rkab\u00e1tba, akkor a h\u0151m\u00e9rs\u00e9klet v\u00e1ltoz\u00e1s\u00e1val st\u00edlusos \u00e9s k\u00e9nyelmes maradhat. Elemezt\u00fck az aktu\u00e1lis piaci adatokat, hogy megmutassuk, hogyan viselheted id\u00e9n a legjobban a b\u0151rt. 2026 tavasza Trendek: Szabads\u00e1g [&hellip;]<\/p>\n","protected":false},"author":11,"featured_media":96158,"comment_status":"closed","ping_status":"open","sticky":false,"template":"","format":"standard","meta":{"_acf_changed":false,"om_disable_all_campaigns":false,"inline_featured_image":false,"_monsterinsights_skip_tracking":false,"_monsterinsights_sitenote_active":false,"_monsterinsights_sitenote_note":"","_monsterinsights_sitenote_category":0,"footnotes":""},"categories":[917],"tags":[],"class_list":["post-97857","post","type-post","status-publish","format-standard","has-post-thumbnail","hentry","category-blog-hu"],"acf":[],"aioseo_notices":[],"_links":{"self":[{"href":"https:\/\/aavesa.com\/hu\/wp-json\/wp\/v2\/posts\/97857","targetHints":{"allow":["GET"]}}],"collection":[{"href":"https:\/\/aavesa.com\/hu\/wp-json\/wp\/v2\/posts"}],"about":[{"href":"https:\/\/aavesa.com\/hu\/wp-json\/wp\/v2\/types\/post"}],"author":[{"embeddable":true,"href":"https:\/\/aavesa.com\/hu\/wp-json\/wp\/v2\/users\/11"}],"replies":[{"embeddable":true,"href":"https:\/\/aavesa.com\/hu\/wp-json\/wp\/v2\/comments?post=97857"}],"version-history":[{"count":1,"href":"https:\/\/aavesa.com\/hu\/wp-json\/wp\/v2\/posts\/97857\/revisions"}],"predecessor-version":[{"id":98606,"href":"https:\/\/aavesa.com\/hu\/wp-json\/wp\/v2\/posts\/97857\/revisions\/98606"}],"wp:featuredmedia":[{"embeddable":true,"href":"https:\/\/aavesa.com\/hu\/wp-json\/wp\/v2\/media\/96158"}],"wp:attachment":[{"href":"https:\/\/aavesa.com\/hu\/wp-json\/wp\/v2\/media?parent=97857"}],"wp:term":[{"taxonomy":"category","embeddable":true,"href":"https:\/\/aavesa.com\/hu\/wp-json\/wp\/v2\/categories?post=97857"},{"taxonomy":"post_tag","embeddable":true,"href":"https:\/\/aavesa.com\/hu\/wp-json\/wp\/v2\/tags?post=97857"}],"curies":[{"name":"wp","href":"https:\/\/api.w.org\/{rel}","templated":true}]}}