

{"id":97858,"date":"2022-10-21T19:36:58","date_gmt":"2022-10-21T21:36:58","guid":{"rendered":"https:\/\/aavesa.com\/miert-erdemes-szormemellenyt-valasztani\/"},"modified":"2026-04-13T05:09:08","modified_gmt":"2026-04-13T07:09:08","slug":"miert-erdemes-szormemellenyt-valasztani","status":"publish","type":"post","link":"https:\/\/aavesa.com\/hu\/miert-erdemes-szormemellenyt-valasztani\/","title":{"rendered":"Mi\u00e9rt \u00e9rdemes sz\u0151rmemell\u00e9nyt v\u00e1lasztani?"},"content":{"rendered":"<p>V\u00e1s\u00e1rolt\u00e1l m\u00e1r impulzusv\u00e1s\u00e1rl\u00e1st, csak hogy k\u00e9s\u0151bb r\u00e1j\u00f6jj, hogy elpazaroltad a p\u00e9nzed? Nos, kev\u00e9s ruh\u00e1zati cikkbe \u00e9rdemes beruh\u00e1zni. Ha v\u00e1lasztani kellene, akkor olyan darabokra sz\u0171k\u00edten\u00e9nk a k\u00f6rt, amelyek nem romlanak az id\u0151 m\u00fal\u00e1s\u00e1val, az \u00e9vek m\u00fal\u00e1s\u00e1val is divatosak, \u00e9s k\u00e9pesek t\u00f6k\u00e9letesen kieg\u00e9sz\u00edteni b\u00e1rmilyen \u00f6lt\u00f6z\u00e9ket.  <\/p>\n<p>A term\u00e9szetes sz\u0151rmemell\u00e9ny ebbe a kateg\u00f3ri\u00e1ba tartozik, \u00e9s ezek azok az okok, amelyek miatt meg\u00e9rdemli, hogy k\u00fcl\u00f6nleges helyet foglaljon el minden ruhat\u00e1rban.<\/p>\n<p><strong>Hogyan v\u00e1lasszunk sz\u0151rmemell\u00e9nyt?<\/strong><\/p>\n<p>Amikor \u00fagy d\u00f6nt, hogy sz\u0151rmebund\u00e1t v\u00e1s\u00e1rol, n\u00e9h\u00e1ny szempontot figyelembe kell vennie. El\u0151sz\u00f6r is gy\u0151z\u0151dj\u00f6n meg arr\u00f3l, hogy amit v\u00e1s\u00e1rol, az val\u00f3di. Ezut\u00e1n figyeljen az anyag min\u0151s\u00e9g\u00e9re, a varr\u00e1sokra, a kivitelez\u00e9sre \u00e9s a szimmetri\u00e1ra.  <\/p>\n<p>\u00c1ltal\u00e1ban a term\u00e9szetes sz\u0151rm\u00e9b\u0151l k\u00e9sz\u00fclt ruh\u00e1k nagyon j\u00f3l n\u00e9znek ki, de a legapr\u00f3bb r\u00e9szletekre is oda kell figyelni. A befektet\u00e9s egy kicsit magasabb a szok\u00e1sosn\u00e1l, \u00e9s biztosan nem szeretn\u00e9l olyan darabot v\u00e1s\u00e1rolni, amely hib\u00e1s! <\/p>\n<p>Amikor <a href=\"https:\/\/aavesa.com\/hu\/nok\/shearling-mellenyek-es-bundas-mellenyek-noknek\/\">sz\u0151rmemell\u00e9nyt szeretne v\u00e1s\u00e1rolni <\/a>, vegye figyelembe azt is, hogy milyen ruh\u00e1zati st\u00edlust k\u00e9pvisel a mindennapokban, \u00e9s mit szeretne mag\u00e1t\u00f3l a t\u00e1rgyt\u00f3l. Lehet, hogy egy eleg\u00e1ns diz\u00e1jnnal rendelkez\u0151 mell\u00e9nyre van sz\u00fcks\u00e9ge, amelyet alkalmank\u00e9nt kifinomult \u00f6lt\u00f6z\u00e9kekhez viselhet. Vagy tal\u00e1n olyan mell\u00e9nyre van sz\u00fcks\u00e9ge, amelyet minden nap viselhet, tartsa a lehet\u0151 legegyszer\u0171bb \u00e9s alapsz\u00ednben.  <\/p>\n<p>A hossz\u00fa mell\u00e9nyek ink\u00e1bb eleg\u00e1ns \u00f6lt\u00f6z\u00e9kekhez, m\u00edg a r\u00f6vid fazonok a h\u00e9tk\u00f6znapi \u00f6lt\u00f6z\u00e9kekhez alkalmazkodnak. Az egysz\u00edn\u0171ek k\u00f6nnyebben illeszkednek egym\u00e1shoz, m\u00edg a t\u00f6bbsz\u00edn\u0171ek korl\u00e1tozhatj\u00e1k a v\u00e1laszt\u00e9kot. <\/p>\n<p><strong>Milyen el\u0151nyei vannak a sz\u0151rmemell\u00e9nynek?<\/strong><\/p>\n<p>M\u00e1s t\u00edpus\u00fa <a href=\"https:\/\/aavesa.com\/hu\/ferfi-es-noi-pehelypaplan-dzsekik-a-luxus-es-a-melegseg-vegso-kevereke\/\">kab\u00e1tokkal<\/a> \u00e9s mell\u00e9nyekkel ellent\u00e9tben a sz\u0151rmekab\u00e1tok kiv\u00e1l\u00f3 min\u0151s\u00e9g\u0171ek. Megfelel\u0151 karbantart\u00e1s eset\u00e9n hossz\u00fa ideig tartanak, vonz\u00f3 kialak\u00edt\u00e1s\u00faak, meg\u0151rzik a meleget, \u00e9s j\u00f3l mutatnak k\u00fcl\u00f6nb\u00f6z\u0151 ruh\u00e1zati st\u00edlusokkal kombin\u00e1lva. <\/p>\n<p>Ha valaha is sz\u0151rmemell\u00e9nyt tervezel v\u00e1s\u00e1rolni, mindenk\u00e9ppen a legjobb v\u00e1laszt\u00e1s! M\u00e9g t\u00edz \u00e9v m\u00falva is \u00e9lvezni fogja a megv\u00e1s\u00e1rolt darabot. A titok a megfelel\u0151 sz\u0151rme\u00e1pol\u00e1sban rejlik.  <\/p>\n<p>Emellett, ha van egy term\u00e9szetes sz\u0151rmemell\u00e9ny a szekr\u00e9nyedben, nem kell agg\u00f3dnod a ruh\u00e1k miatt. A term\u00e9szetes sz\u0151rm\u00e9s ruh\u00e1k k\u00e9pesek arra, hogy b\u00e1rmilyen megjelen\u00e9sb\u0151l anonimit\u00e1st hozzanak ki. R\u00e1ad\u00e1sul a sz\u0151rmemell\u00e9nyt k\u00f6nnyen kombin\u00e1lhatja k\u00fcl\u00f6nb\u00f6z\u0151 ruh\u00e1zati st\u00edlusokkal. Viselheted inggel \u00e9s nadr\u00e1ggal kombin\u00e1lva, felveheted egy \u0151szi ruha f\u00f6l\u00e9 vagy egy sportosabb \u00f6lt\u00f6z\u00e9k f\u00f6l\u00e9. Mokaszinnal, tornacip\u0151vel, csizm\u00e1val, sportcip\u0151vel, de ak\u00e1r magas csizm\u00e1val is passzol.    <\/p>\n<p><a href=\"http:\/\/www.aavesa.com\/wp-content\/uploads\/2022\/10\/AA-Vesa-fur-vests-blog-2.jpg\"><img fetchpriority=\"high\" decoding=\"async\" class=\"alignnone wp-image-23430 size-full\" title=\"N\u0151i birkab\u0151r mell\u00e9ny b\u00e9zs sz\u00ednben\" src=\"https:\/\/aavesa.com\/wp-content\/uploads\/2022\/10\/AA-Vesa-fur-vests-blog-2.jpg\" alt=\"N\u0151i birkab\u0151r mell\u00e9ny b\u00e9zs sz\u00ednben\" width=\"1000\" height=\"1500\" srcset=\"https:\/\/aavesa.com\/wp-content\/uploads\/2022\/10\/AA-Vesa-fur-vests-blog-2.jpg 1000w, https:\/\/aavesa.com\/wp-content\/uploads\/2022\/10\/AA-Vesa-fur-vests-blog-2-64x96.jpg 64w, https:\/\/aavesa.com\/wp-content\/uploads\/2022\/10\/AA-Vesa-fur-vests-blog-2-200x300.jpg 200w, https:\/\/aavesa.com\/wp-content\/uploads\/2022\/10\/AA-Vesa-fur-vests-blog-2-683x1024.jpg 683w, https:\/\/aavesa.com\/wp-content\/uploads\/2022\/10\/AA-Vesa-fur-vests-blog-2-768x1152.jpg 768w\" sizes=\"(max-width: 1000px) 100vw, 1000px\" \/><\/a><\/p>\n<p><strong>Hogyan kell karbantartani egy sz\u0151rmemell\u00e9nyt?<\/strong><\/p>\n<p>A sz\u0151rmemell\u00e9ny karbantart\u00e1sa nem jelenthet gondot, de nem \u00e1rt tudni, hogyan kell csin\u00e1lni, hogy ne vesz\u00e9lyeztesse a sz\u0151rme kin\u00e9zet\u00e9t.<\/p>\n<p>El\u0151sz\u00f6r is, gondoskodjon a t\u00e1rol\u00e1si m\u00f3dr\u00f3l. A <a href=\"https:\/\/aavesa.com\/hu\/\">term\u00e9szetes sz\u0151rm\u00e9t<\/a> j\u00f3l szell\u0151z\u0151 helyen, h\u0151- \u00e9s nedvess\u00e9gforr\u00e1sokt\u00f3l t\u00e1vol kell t\u00e1rolni. V\u00e1laszthatja a pamutzs\u00e1kban val\u00f3 t\u00e1rol\u00e1st, ami seg\u00edt megv\u00e9deni a sz\u0151rm\u00e9t. Haszn\u00e1ljon sz\u00e9les v\u00e1ll\u00fa akaszt\u00f3t.  <\/p>\n<p>Ha koszos lesz, haszn\u00e1ljon egyszer\u0171 tiszt\u00edt\u00e1si m\u00f3dszert. Vagyis egy v\u00edzzel megnedves\u00edtett ruh\u00e1t, amellyel megtiszt\u00edthatjuk a szennyez\u0151d\u00e9seket. Ha a foltok tov\u00e1bbra is fenn\u00e1llnak, az azt jelenti, hogy a bund\u00e1dnak szakszer\u0171 tiszt\u00edt\u00e1sra van sz\u00fcks\u00e9ge, nem pedig mos\u00f3g\u00e9pben val\u00f3 mos\u00e1sra. Emellett ker\u00fclje a k\u00fcl\u00f6nb\u00f6z\u0151 anyagok haszn\u00e1lat\u00e1t a tiszt\u00edt\u00e1shoz. T\u00f6bb k\u00e1rt tehetsz vele, mint hasznot!    <\/p>\n<p>Abban az esetben, ha rossz id\u0151j\u00e1r\u00e1s \u00e9rn\u00e9, tegye a sz\u0151rmemell\u00e9nyt egy fogasra, \u00e9s hagyja term\u00e9szetes m\u00f3don megsz\u00e1radni. Term\u00e9szetesen j\u00f3l szell\u0151z\u0151 helyis\u00e9gben. Ker\u00fclje, hogy f\u0171t\u0151test k\u00f6zel\u00e9be tegye, vagy hajsz\u00e1r\u00edt\u00f3t haszn\u00e1ljon.  <\/p>\n<p>Ha pedig a sz\u0151rme megjelen\u00e9se kiss\u00e9 s\u00e9r\u00fcltnek t\u0171nik, akkor ig\u00e9nybe veheti egy fel\u00faj\u00edt\u00f3 szakember szolg\u00e1ltat\u00e1sait. A b\u0151r- \u00e9s sz\u0151rmeruh\u00e1k fel\u00faj\u00edt\u00e1si folyamatokon mehetnek kereszt\u00fcl, hogy visszanyerj\u00e9k eredeti megjelen\u00e9s\u00fcket. <\/p>\n<p><strong>Milyen mell\u00e9nyeket fognak viselni 2022 \u0151sz\u00e9n?<\/strong><\/p>\n<p>Id\u00e9n \u0151sszel viseld azt, amit szeretsz! B\u00e1r a 2022-es \u0151szi szezonra \u00faj trendek jelentek meg, az \u00e9rt\u00e9kes ruh\u00e1k tekintet\u00e9ben a dolgok v\u00e1ltozatlanok maradnak. A term\u00e9szetes sz\u0151rm\u00e9s mell\u00e9nyek \u00e9s kab\u00e1tok klasszikus ruhadarabok, amelyek nem mennek ki a divatb\u00f3l az id\u0151 m\u00fal\u00e1s\u00e1val, \u00e9s nem mennek \u00e1t nagy v\u00e1ltoz\u00e1sokon egyik szezonr\u00f3l a m\u00e1sikra. \u00c9ppen ez\u00e9rt, b\u00e1rmilyen modellt is v\u00e1laszt, gy\u0151z\u0151dj\u00f6n meg r\u00f3la, hogy illeszkedik a pillanatnyi trendekhez.   <\/p>\n<p>Ak\u00e1r hossz\u00fa sz\u0151rmemell\u00e9nyt v\u00e1laszt, ak\u00e1r kapucnival vagy kiss\u00e9 atipikus mint\u00e1val, biztosan k\u00e9pes lesz k\u00fcl\u00f6nb\u00f6z\u0151 \u00f6lt\u00f6z\u00e9kekbe illeszteni, \u00e9s l\u00e9p\u00e9st tartani a divattal. Sz\u00f3val, helyezd a v\u00e1gyaidat el\u0151t\u00e9rbe, \u00e9s hagyd, hogy az \u00f6szt\u00f6neid ir\u00e1ny\u00edts\u00e1k a v\u00e1laszt\u00e1sodat! <\/p>\n<p>&nbsp;<\/p>\n<h2 data-path-to-node=\"26\">Gyakran ism\u00e9telt k\u00e9rd\u00e9sek (GYIK)<\/h2>\n<p data-path-to-node=\"27\"><b data-path-to-node=\"27\" data-index-in-node=\"0\">1. A sz\u0151rmemell\u00e9ny m\u00e9g mindig divatos 2022-ben?<\/b>  Abszol\u00fat. A term\u00e9szetes sz\u0151rme klasszikus anyag. B\u00e1r az egyes szab\u00e1sok v\u00e1ltoznak, a <b data-path-to-node=\"27\" data-index-in-node=\"121\">sz\u0151rmemell\u00e9ny<\/b> minden \u0151sszel \u00e9s t\u00e9len a luxusdivat alapdarabja marad.  <\/p>\n<p data-path-to-node=\"28\"><b data-path-to-node=\"28\" data-index-in-node=\"0\">2. Melyik tart\u00f3sabb: a r\u00f3kasz\u0151rme mell\u00e9ny vagy a ny\u00edrbundamell\u00e9ny?<\/b>  Mindkett\u0151 tart\u00f3s. A <b data-path-to-node=\"28\" data-index-in-node=\"91\">shearling mell\u00e9ny<\/b> azonban gyakran jobban ellen\u00e1ll a mindennapi s\u00farl\u00f3d\u00e1snak, m\u00edg a <b data-path-to-node=\"28\" data-index-in-node=\"157\">r\u00f3kabunda mell\u00e9ny<\/b> kiss\u00e9 \u00f3vatosabb kezel\u00e9st ig\u00e9nyel, hogy a hossz\u00fa sz\u0151rsz\u00e1lak bolyhosak maradjanak. <\/p>\n<p data-path-to-node=\"29\"><b data-path-to-node=\"29\" data-index-in-node=\"0\">3. Viselhetek n\u0151i sz\u0151rmemell\u00e9nyt sportos \u00f6lt\u00f6z\u00e9khez?<\/b>  Igen! A mell\u00e9ny kombin\u00e1l\u00e1sa egy cs\u00facskateg\u00f3ri\u00e1s tr\u00e9ningruh\u00e1val \u00e9s tornacip\u0151vel egy n\u00e9pszer\u0171 &#8222;athleisure&#8221; trend, amely egyens\u00falyt teremt a k\u00e9nyelem \u00e9s a luxus k\u00f6z\u00f6tt. <\/p>\n<p data-path-to-node=\"30\"><b data-path-to-node=\"30\" data-index-in-node=\"0\">4. Honnan tudom, hogy a sz\u0151rme val\u00f3di?<\/b>  A val\u00f3di sz\u0151rme puha tapint\u00e1s\u00fa \u00e9s b\u0151r alapon. A szintetikus sz\u0151rme gyakran m\u0171anyagos \u00e9rzet\u0171, \u00e9s sz\u00f6v\u00f6tt sz\u00f6veth\u00e1tlappal rendelkezik. <\/p>\n<p data-path-to-node=\"31\"><b data-path-to-node=\"31\" data-index-in-node=\"0\">5. Mi a legjobb m\u00f3dja a mos\u00f3medve mell\u00e9ny t\u00e1rol\u00e1s\u00e1nak?<\/b>  Tartsa h\u0171v\u00f6s, s\u00f6t\u00e9t \u00e9s sz\u00e1raz szekr\u00e9nyben. Biztos\u00edtson elegend\u0151 helyet, hogy a sz\u0151rzetet ne nyomj\u00e1k \u00f6ssze m\u00e1s ruh\u00e1k. <\/p>\n<p data-path-to-node=\"32\"><b data-path-to-node=\"32\" data-index-in-node=\"0\">6. Megjav\u00edthat\u00f3-e a s\u00e9r\u00fclt sz\u0151rmemell\u00e9ny?<\/b>  Igen, a b\u0151r- \u00e9s sz\u0151rme specialist\u00e1k k\u00e9pesek fel\u00faj\u00edtani a r\u00e9gebbi mell\u00e9nyeket, hogy visszanyerj\u00e9k eredeti f\u00e9ny\u00fcket \u00e9s rugalmass\u00e1gukat.<\/p>\n","protected":false},"excerpt":{"rendered":"<p>V\u00e1s\u00e1rolt\u00e1l m\u00e1r impulzusv\u00e1s\u00e1rl\u00e1st, csak hogy k\u00e9s\u0151bb r\u00e1j\u00f6jj, hogy elpazaroltad a p\u00e9nzed? Nos, kev\u00e9s ruh\u00e1zati cikkbe \u00e9rdemes beruh\u00e1zni. Ha v\u00e1lasztani kellene, akkor olyan darabokra sz\u0171k\u00edten\u00e9nk a k\u00f6rt, amelyek nem romlanak az id\u0151 m\u00fal\u00e1s\u00e1val, az \u00e9vek m\u00fal\u00e1s\u00e1val is divatosak, \u00e9s k\u00e9pesek t\u00f6k\u00e9letesen kieg\u00e9sz\u00edteni b\u00e1rmilyen \u00f6lt\u00f6z\u00e9ket. A term\u00e9szetes sz\u0151rmemell\u00e9ny ebbe a kateg\u00f3ri\u00e1ba tartozik, \u00e9s ezek azok az okok, [&hellip;]<\/p>\n","protected":false},"author":11,"featured_media":96175,"comment_status":"closed","ping_status":"open","sticky":false,"template":"","format":"standard","meta":{"_acf_changed":false,"om_disable_all_campaigns":false,"inline_featured_image":false,"_monsterinsights_skip_tracking":false,"_monsterinsights_sitenote_active":false,"_monsterinsights_sitenote_note":"","_monsterinsights_sitenote_category":0,"footnotes":""},"categories":[917],"tags":[],"class_list":["post-97858","post","type-post","status-publish","format-standard","has-post-thumbnail","hentry","category-blog-hu"],"acf":[],"aioseo_notices":[],"_links":{"self":[{"href":"https:\/\/aavesa.com\/hu\/wp-json\/wp\/v2\/posts\/97858","targetHints":{"allow":["GET"]}}],"collection":[{"href":"https:\/\/aavesa.com\/hu\/wp-json\/wp\/v2\/posts"}],"about":[{"href":"https:\/\/aavesa.com\/hu\/wp-json\/wp\/v2\/types\/post"}],"author":[{"embeddable":true,"href":"https:\/\/aavesa.com\/hu\/wp-json\/wp\/v2\/users\/11"}],"replies":[{"embeddable":true,"href":"https:\/\/aavesa.com\/hu\/wp-json\/wp\/v2\/comments?post=97858"}],"version-history":[{"count":1,"href":"https:\/\/aavesa.com\/hu\/wp-json\/wp\/v2\/posts\/97858\/revisions"}],"predecessor-version":[{"id":98590,"href":"https:\/\/aavesa.com\/hu\/wp-json\/wp\/v2\/posts\/97858\/revisions\/98590"}],"wp:featuredmedia":[{"embeddable":true,"href":"https:\/\/aavesa.com\/hu\/wp-json\/wp\/v2\/media\/96175"}],"wp:attachment":[{"href":"https:\/\/aavesa.com\/hu\/wp-json\/wp\/v2\/media?parent=97858"}],"wp:term":[{"taxonomy":"category","embeddable":true,"href":"https:\/\/aavesa.com\/hu\/wp-json\/wp\/v2\/categories?post=97858"},{"taxonomy":"post_tag","embeddable":true,"href":"https:\/\/aavesa.com\/hu\/wp-json\/wp\/v2\/tags?post=97858"}],"curies":[{"name":"wp","href":"https:\/\/api.w.org\/{rel}","templated":true}]}}