

{"id":97860,"date":"2022-10-13T14:55:54","date_gmt":"2022-10-13T16:55:54","guid":{"rendered":"https:\/\/aavesa.com\/az-uj-2022-2023-as-aa-vesa-kollekcio\/"},"modified":"2026-04-13T05:16:43","modified_gmt":"2026-04-13T07:16:43","slug":"az-uj-2022-2023-as-aa-vesa-kollekcio","status":"publish","type":"post","link":"https:\/\/aavesa.com\/hu\/az-uj-2022-2023-as-aa-vesa-kollekcio\/","title":{"rendered":"Az \u00faj 2022-2023-as A&amp;A Vesa kollekci\u00f3"},"content":{"rendered":"<p>&nbsp;<\/p>\n<p data-path-to-node=\"8\">Id\u00e9n \u0151sszel a b\u0151rb\u0151l \u00e9s term\u00e9szetes sz\u0151rm\u00e9b\u0151l k\u00e9sz\u00fclt leny\u0171g\u00f6z\u0151 <b data-path-to-node=\"8\" data-index-in-node=\"62\">\u00faj kollekci\u00f3nkkal<\/b> emelj\u00fck ruhat\u00e1radat. Az A&amp;A Vesa c\u00e9lja, hogy a mindennapi \u00f6lt\u00f6z\u00e9k\u00e9t kiemelje a n\u00e9vtelens\u00e9gb\u0151l, mik\u00f6zben kiv\u00e9teles melegs\u00e9get biztos\u00edt. Leg\u00fajabb diz\u00e1jnjaink biztos\u00edtj\u00e1k, hogy a fagyos napok kellemesebbek, k\u00e9nyelmesebbek \u00e9s tagadhatatlanul st\u00edlusosak legyenek.  <\/p>\n<p data-path-to-node=\"8\"><a href=\"http:\/\/www.aavesa.com\/wp-content\/uploads\/2022\/10\/2022-2023-AA-Vesa-collection-1.jpeg\"><img fetchpriority=\"high\" decoding=\"async\" class=\"alignnone wp-image-23420 size-full\" title=\"Egy n\u0151 az A&amp;A Vesa \u00faj kollekci\u00f3j\u00e1b\u00f3l sz\u00e1rmaz\u00f3 hossz\u00fa, r\u00f3kabund\u00e1s luxus bund\u00e1t visel.\" src=\"https:\/\/aavesa.com\/wp-content\/uploads\/2022\/10\/2022-2023-AA-Vesa-collection-1.jpeg\" alt=\"Egy n\u0151 az A&amp;A Vesa \u00faj kollekci\u00f3j\u00e1b\u00f3l sz\u00e1rmaz\u00f3 hossz\u00fa, r\u00f3kabund\u00e1s luxus bund\u00e1t visel.\" width=\"1152\" height=\"864\" srcset=\"https:\/\/aavesa.com\/wp-content\/uploads\/2022\/10\/2022-2023-AA-Vesa-collection-1.jpeg 1152w, https:\/\/aavesa.com\/wp-content\/uploads\/2022\/10\/2022-2023-AA-Vesa-collection-1-64x48.jpeg 64w, https:\/\/aavesa.com\/wp-content\/uploads\/2022\/10\/2022-2023-AA-Vesa-collection-1-300x225.jpeg 300w, https:\/\/aavesa.com\/wp-content\/uploads\/2022\/10\/2022-2023-AA-Vesa-collection-1-1024x768.jpeg 1024w, https:\/\/aavesa.com\/wp-content\/uploads\/2022\/10\/2022-2023-AA-Vesa-collection-1-768x576.jpeg 768w\" sizes=\"(max-width: 1152px) 100vw, 1152px\" \/><\/a><\/p>\n<h2 data-path-to-node=\"9\">Emelje st\u00edlus\u00e1t a 2022-2023-as kollekci\u00f3val<\/h2>\n<p data-path-to-node=\"10\">A <a href=\"https:\/\/aavesa.com\/hu\/2022-2023-as-kollekcio\/\"><b data-path-to-node=\"10\" data-index-in-node=\"4\">2022-2023-as kollekci\u00f3<\/b><\/a> b\u0151rdzsekik \u00e9s term\u00e9szetes sz\u0151rm\u00e9k v\u00e1ltozatos v\u00e1laszt\u00e9k\u00e1t k\u00edn\u00e1lja. Ezek a darabok lehet\u0151v\u00e9 teszik, hogy a nap b\u00e1rmely szak\u00e1ban kiemelked\u0151 \u00f6lt\u00f6z\u00e9kekben gy\u00f6ny\u00f6rk\u00f6dhessen, mik\u00f6zben mindig a trendnek megfelel\u0151en maradjon. Minden egyes darabot precizit\u00e1ssal \u00e9s a r\u00e9szletekre val\u00f3 odafigyel\u00e9ssel k\u00e9sz\u00edt\u00fcnk. Ennek k\u00f6vetkezt\u00e9ben olyan term\u00e9ket kap, amely a kiv\u00e1l\u00f3 min\u0151s\u00e9g\u0171 anyagokat kifinomult, kellemes \u00e1rnyalatokkal \u00f6tv\u00f6zi.   <\/p>\n<h3 data-path-to-node=\"11\">Min\u0151s\u00e9gi k\u00e9zm\u0171vess\u00e9g minden \u00f6lt\u00e9sben<\/h3>\n<p data-path-to-node=\"12\">A b\u0151r tov\u00e1bbra is rendk\u00edv\u00fcl n\u00e9pszer\u0171 anyag ebben a szezonban. Ez\u00e9rt <b data-path-to-node=\"12\" data-index-in-node=\"74\">\u00faj kollekci\u00f3nk<\/b> ellen\u00e1llhatatlan lehet\u0151s\u00e9geket k\u00edn\u00e1l azoknak, akiknek fontos a luxus. Kiz\u00e1r\u00f3lag a legfinomabb pr\u00e9meket haszn\u00e1ljuk, hogy a ruhadarab olyan j\u00f3l \u00e9rezze mag\u00e1t, mint amilyen j\u00f3l n\u00e9z ki.  <\/p>\n<h2 data-path-to-node=\"14\">Trending Now: \u0150szi \u00e9s t\u00e9li divatbetekint\u00e9s<a href=\"http:\/\/www.aavesa.com\/wp-content\/uploads\/2022\/10\/2022-2023-AA-Vesa-collection-2.jpeg\"><img decoding=\"async\" class=\"alignnone wp-image-23421 size-full\" title=\"K\u00f6zelk\u00e9p egy pr\u00e9mium pr\u00e9mium shearling kab\u00e1tr\u00f3l, amely mutatja a r\u00e9szletes varr\u00e1st \u00e9s a puha sz\u0151rmebels\u0151t.\" src=\"https:\/\/aavesa.com\/wp-content\/uploads\/2022\/10\/2022-2023-AA-Vesa-collection-2.jpeg\" alt=\"K\u00f6zelk\u00e9p egy pr\u00e9mium pr\u00e9mium shearling kab\u00e1tr\u00f3l, amely mutatja a r\u00e9szletes varr\u00e1st \u00e9s a puha sz\u0151rmebels\u0151t.\" width=\"1117\" height=\"837\" srcset=\"https:\/\/aavesa.com\/wp-content\/uploads\/2022\/10\/2022-2023-AA-Vesa-collection-2.jpeg 1117w, https:\/\/aavesa.com\/wp-content\/uploads\/2022\/10\/2022-2023-AA-Vesa-collection-2-64x48.jpeg 64w, https:\/\/aavesa.com\/wp-content\/uploads\/2022\/10\/2022-2023-AA-Vesa-collection-2-300x225.jpeg 300w, https:\/\/aavesa.com\/wp-content\/uploads\/2022\/10\/2022-2023-AA-Vesa-collection-2-1024x767.jpeg 1024w, https:\/\/aavesa.com\/wp-content\/uploads\/2022\/10\/2022-2023-AA-Vesa-collection-2-768x575.jpeg 768w\" sizes=\"(max-width: 1117px) 100vw, 1117px\" \/><\/a><\/h2>\n<p data-path-to-node=\"15\">Ez az \u0151sz olyan ruh\u00e1kra \u00f6sszpontos\u00edt, amelyeknek siker\u00fcl kit\u0171nni\u00fck. A term\u00e9szetes b\u0151rb\u0151l k\u00e9sz\u00fclt darabok jelenleg nagy divatban vannak. Ezeket k\u00f6nnyed\u00e9n kombin\u00e1lhatja k\u00f6t\u00f6tt ruh\u00e1kkal vagy term\u00e9szetes sz\u0151rm\u00e9kkel, hogy harmonikusan eg\u00e9sz\u00edts\u00e9k ki az eleg\u00e1ns \u00f6lt\u00f6z\u00e9keket.  <\/p>\n<h3 data-path-to-node=\"16\">A 80-as \u00e9vekbeli inspir\u00e1ci\u00f3t\u00f3l a modern bund\u00e1s kab\u00e1tokig<\/h3>\n<p data-path-to-node=\"17\">A 80-as \u00e9vek a jelenlegi trendek viszony\u00edt\u00e1si alapj\u00e1ul szolg\u00e1lnak. Ennek eredm\u00e9nyek\u00e9ppen a teljes b\u0151rruh\u00e1k \u00e9s a klasszikus fekete trencsekkek b\u00e1tor visszat\u00e9r\u00e9snek \u00f6rvendenek. A modern k\u00e9nyelemre v\u00e1gy\u00f3k sz\u00e1m\u00e1ra egy <a href=\"https:\/\/aavesa.com\/hu\/ferfiak\/shearling-kabatok-ferfiaknak-ferfiak\/\"><b data-path-to-node=\"17\" data-index-in-node=\"182\">bund\u00e1s kab\u00e1t<\/b><\/a> ide\u00e1lis v\u00e1laszt\u00e1s. Dinamizmust \u00e9s eleganci\u00e1t k\u00edn\u00e1l, titokzatos leveg\u0151be burkol\u00f3zva, amely t\u00f6k\u00e9letes az \u0151szi est\u00e9khez.   <\/p>\n<p data-path-to-node=\"18\"><a href=\"https:\/\/aavesa.com\/hu\/ferfi-es-noi-pehelypaplan-dzsekik-a-luxus-es-a-melegseg-vegso-kevereke\/\">Tekintse meg a ny\u00edrb\u0151rkab\u00e1t st\u00edlusok gal\u00e9ri\u00e1j\u00e1t<\/a>, hogy inspir\u00e1l\u00f3djon a k\u00f6vetkez\u0151 v\u00e1s\u00e1rl\u00e1shoz.<\/p>\n<h2 data-path-to-node=\"19\">Fedezze fel a Shearling kab\u00e1tok \u00e9s a b\u0151r sokoldal\u00fas\u00e1g\u00e1t<\/h2>\n<p data-path-to-node=\"20\">Ebben a szezonban a k\u00e9nyelem a kir\u00e1ly. Egyre n\u00e9pszer\u0171bbek a meglep\u0151en hat\u00e9kony kombin\u00e1ci\u00f3k, mint p\u00e9ld\u00e1ul a <b data-path-to-node=\"20\" data-index-in-node=\"82\">ny\u00edrbund\u00e1s kab\u00e1tok<\/b> \u00e9s a tornacip\u0151k p\u00e1ros\u00edt\u00e1sa. Ak\u00e1r v\u00e1s\u00e1rolni megy, ak\u00e1r a bar\u00e1taival tal\u00e1lkozik egy k\u00e1v\u00e9ra, darabjaink alkalmazkodnak az \u00e9letst\u00edlus\u00e1hoz. Hissz\u00fck, hogy olyan darabokat kell v\u00e1lasztania, amelyek k\u00e9pviselik a szem\u00e9lyis\u00e9g\u00e9t \u00e9s tart\u00f3s k\u00e9nyelmet biztos\u00edtanak.   <\/p>\n<h2 data-path-to-node=\"21\">Mi\u00e9rt \u00e9rdemes befektetni az \u00faj kollekci\u00f3ba?<\/h2>\n<p data-path-to-node=\"22\">Az \u00faj Vesa kollekci\u00f3 t\u00f6k\u00e9letesen illeszkedik a modern trendekhez, mik\u00f6zben klasszikus marad. A b\u0151r \u00e9s a term\u00e9szetes sz\u0151rme a hideg \u00e9vszak alapelemei. Olyan tart\u00f3ss\u00e1got ny\u00fajtanak, amelyhez neh\u00e9z foghat\u00f3t tal\u00e1lni, \u00e9vekig kitartanak an\u00e9lk\u00fcl, hogy elvesz\u00edten\u00e9k var\u00e1zsukat. R\u00e1ad\u00e1sul az <b data-path-to-node=\"22\" data-index-in-node=\"272\">\u00faj kollekci\u00f3<\/b> legt\u00f6bb darabja egyed\u00fcl\u00e1ll\u00f3 m\u00f3don kombin\u00e1lja a b\u0151rt \u00e9s a term\u00e9szetes sz\u0151rm\u00e9t. Ez az eredm\u00e9ny teljesen \u00faj szintre emeli az ipar\u00e1gi szabv\u00e1nyokat!    <\/p>\n<p data-path-to-node=\"22\"><a href=\"http:\/\/www.aavesa.com\/wp-content\/uploads\/2022\/10\/2022-2023-AA-Vesa-collection-3.jpeg\"><img decoding=\"async\" class=\"alignnone wp-image-23422 size-full\" title=\"Egy st\u00edlusos f\u00e9rfi \u00e9s n\u0151 a 2022-2023-as kollekci\u00f3 leg\u00fajabb shearling trendjeit mutatja be.\" src=\"https:\/\/aavesa.com\/wp-content\/uploads\/2022\/10\/2022-2023-AA-Vesa-collection-3.jpeg\" alt=\"Egy st\u00edlusos f\u00e9rfi \u00e9s n\u0151 a 2022-2023-as kollekci\u00f3 leg\u00fajabb shearling trendjeit mutatja be.\" width=\"1131\" height=\"848\" srcset=\"https:\/\/aavesa.com\/wp-content\/uploads\/2022\/10\/2022-2023-AA-Vesa-collection-3.jpeg 1131w, https:\/\/aavesa.com\/wp-content\/uploads\/2022\/10\/2022-2023-AA-Vesa-collection-3-64x48.jpeg 64w, https:\/\/aavesa.com\/wp-content\/uploads\/2022\/10\/2022-2023-AA-Vesa-collection-3-300x225.jpeg 300w, https:\/\/aavesa.com\/wp-content\/uploads\/2022\/10\/2022-2023-AA-Vesa-collection-3-1024x768.jpeg 1024w, https:\/\/aavesa.com\/wp-content\/uploads\/2022\/10\/2022-2023-AA-Vesa-collection-3-768x576.jpeg 768w\" sizes=\"(max-width: 1131px) 100vw, 1131px\" \/><\/a><\/p>\n<hr data-path-to-node=\"23\">\n<h2 data-path-to-node=\"24\">Gyakran ism\u00e9telt k\u00e9rd\u00e9sek (GYIK)<\/h2>\n<p data-path-to-node=\"25\"><b data-path-to-node=\"25\" data-index-in-node=\"0\">1. Mi teszi egyediv\u00e9 a 2022-2023-as kollekci\u00f3t?<\/b>  Kollekci\u00f3nkban a hagyom\u00e1nyos k\u00e9zm\u0171vess\u00e9g a 80-as \u00e9vek ihlette b\u0151rtrendekkel \u00e9s a modern, ford\u00edthat\u00f3 sz\u0151rme diz\u00e1jnnal \u00f6tv\u00f6z\u0151dik.<\/p>\n<p data-path-to-node=\"26\"><b data-path-to-node=\"26\" data-index-in-node=\"0\">2. Alkalmasak-e a nyirkos kab\u00e1tok extr\u00e9m hidegben?<\/b> Igen, a term\u00e9szetes <b data-path-to-node=\"26\" data-index-in-node=\"63\">shearlingbund\u00e1k<\/b> az egyik legjobb h\u0151szigetel\u00e9st ny\u00fajtj\u00e1k, \u00edgy fagypont alatti h\u0151m\u00e9rs\u00e9kleten is melegen tartj\u00e1k \u00d6nt.<\/p>\n<p data-path-to-node=\"27\"><b data-path-to-node=\"27\" data-index-in-node=\"0\">3. Milyen sz\u00ednek n\u00e9pszer\u0171ek ebben az \u00faj kollekci\u00f3ban?<\/b>  Olyan term\u00e9szetes \u00e1rnyalatokra \u00f6sszpontos\u00edtunk, mint a b\u00e9zs, a kr\u00e9m \u00e9s a barna, b\u00e1r mer\u00e9sz sz\u00ednpomp\u00e1s megold\u00e1sokat is k\u00edn\u00e1lunk.<\/p>\n<p data-path-to-node=\"28\"><b data-path-to-node=\"28\" data-index-in-node=\"0\">4. Hogyan tartsam karcs\u00fas\u00edtott kab\u00e1tomat?<\/b>  T\u00e1rolja h\u0171v\u00f6s, sz\u00e1raz helyen, \u00e9s ker\u00fclje a m\u0171anyag bor\u00edt\u00e1st. Szezononk\u00e9nt egyszer aj\u00e1nlott a szakszer\u0171 tiszt\u00edt\u00e1s. <\/p>\n<p data-path-to-node=\"29\"><b data-path-to-node=\"29\" data-index-in-node=\"0\">5. Hordhatom ezeket a b\u0151rb\u0151l k\u00e9sz\u00fclt darabokat alkalmi \u00e9s hivatalos esem\u00e9nyeken egyar\u00e1nt?<\/b>  Abszol\u00fat. Darabjaink rendk\u00edv\u00fcl sokoldal\u00faak, \u00e9s j\u00f3l illenek est\u00e9lyi ruh\u00e1khoz \u00e9s alkalmi farmerekhez egyar\u00e1nt. <\/p>\n<p data-path-to-node=\"30\"><b data-path-to-node=\"30\" data-index-in-node=\"0\">6. A kollekci\u00f3ban felhaszn\u00e1lt b\u0151r etikusan el\u0151\u00e1ll\u00edtott?<\/b>  Az A&amp;A Vesa elk\u00f6telezett a min\u0151s\u00e9g \u00e9s a felel\u0151ss\u00e9gv\u00e1llal\u00e1s mellett, \u00e9s olyan pr\u00e9mium min\u0151s\u00e9g\u0171 anyagokat haszn\u00e1l, amelyek megfelelnek a magas szint\u0171 ipari szabv\u00e1nyoknak.<\/p>\n<p>&nbsp;<\/p>\n","protected":false},"excerpt":{"rendered":"<p>&nbsp; Id\u00e9n \u0151sszel a b\u0151rb\u0151l \u00e9s term\u00e9szetes sz\u0151rm\u00e9b\u0151l k\u00e9sz\u00fclt leny\u0171g\u00f6z\u0151 \u00faj kollekci\u00f3nkkal emelj\u00fck ruhat\u00e1radat. Az A&amp;A Vesa c\u00e9lja, hogy a mindennapi \u00f6lt\u00f6z\u00e9k\u00e9t kiemelje a n\u00e9vtelens\u00e9gb\u0151l, mik\u00f6zben kiv\u00e9teles melegs\u00e9get biztos\u00edt. Leg\u00fajabb diz\u00e1jnjaink biztos\u00edtj\u00e1k, hogy a fagyos napok kellemesebbek, k\u00e9nyelmesebbek \u00e9s tagadhatatlanul st\u00edlusosak legyenek. Emelje st\u00edlus\u00e1t a 2022-2023-as kollekci\u00f3val A 2022-2023-as kollekci\u00f3 b\u0151rdzsekik \u00e9s term\u00e9szetes sz\u0151rm\u00e9k v\u00e1ltozatos [&hellip;]<\/p>\n","protected":false},"author":11,"featured_media":96172,"comment_status":"closed","ping_status":"open","sticky":false,"template":"","format":"standard","meta":{"_acf_changed":false,"om_disable_all_campaigns":false,"inline_featured_image":false,"_monsterinsights_skip_tracking":false,"_monsterinsights_sitenote_active":false,"_monsterinsights_sitenote_note":"","_monsterinsights_sitenote_category":0,"footnotes":""},"categories":[917],"tags":[],"class_list":["post-97860","post","type-post","status-publish","format-standard","has-post-thumbnail","hentry","category-blog-hu"],"acf":[],"aioseo_notices":[],"_links":{"self":[{"href":"https:\/\/aavesa.com\/hu\/wp-json\/wp\/v2\/posts\/97860","targetHints":{"allow":["GET"]}}],"collection":[{"href":"https:\/\/aavesa.com\/hu\/wp-json\/wp\/v2\/posts"}],"about":[{"href":"https:\/\/aavesa.com\/hu\/wp-json\/wp\/v2\/types\/post"}],"author":[{"embeddable":true,"href":"https:\/\/aavesa.com\/hu\/wp-json\/wp\/v2\/users\/11"}],"replies":[{"embeddable":true,"href":"https:\/\/aavesa.com\/hu\/wp-json\/wp\/v2\/comments?post=97860"}],"version-history":[{"count":2,"href":"https:\/\/aavesa.com\/hu\/wp-json\/wp\/v2\/posts\/97860\/revisions"}],"predecessor-version":[{"id":98595,"href":"https:\/\/aavesa.com\/hu\/wp-json\/wp\/v2\/posts\/97860\/revisions\/98595"}],"wp:featuredmedia":[{"embeddable":true,"href":"https:\/\/aavesa.com\/hu\/wp-json\/wp\/v2\/media\/96172"}],"wp:attachment":[{"href":"https:\/\/aavesa.com\/hu\/wp-json\/wp\/v2\/media?parent=97860"}],"wp:term":[{"taxonomy":"category","embeddable":true,"href":"https:\/\/aavesa.com\/hu\/wp-json\/wp\/v2\/categories?post=97860"},{"taxonomy":"post_tag","embeddable":true,"href":"https:\/\/aavesa.com\/hu\/wp-json\/wp\/v2\/tags?post=97860"}],"curies":[{"name":"wp","href":"https:\/\/api.w.org\/{rel}","templated":true}]}}