

{"id":97862,"date":"2021-02-16T11:28:44","date_gmt":"2021-02-16T13:28:44","guid":{"rendered":"https:\/\/aavesa.com\/aa-vesa-a-fashion-together-nemzetkozi-kiallitason-az-egyesult-kiralysagban\/"},"modified":"2026-04-13T11:01:08","modified_gmt":"2026-04-13T13:01:08","slug":"aa-vesa-a-fashion-together-nemzetkozi-kiallitason-az-egyesult-kiralysagban","status":"publish","type":"post","link":"https:\/\/aavesa.com\/hu\/aa-vesa-a-fashion-together-nemzetkozi-kiallitason-az-egyesult-kiralysagban\/","title":{"rendered":"A&amp;A Vesa a Fashion Together nemzetk\u00f6zi ki\u00e1ll\u00edt\u00e1son az Egyes\u00fclt Kir\u00e1lys\u00e1gban"},"content":{"rendered":"<p data-path-to-node=\"8\">\u00d6r\u00f6mmel jelentj\u00fck be, hogy az A&amp;A Vesa r\u00e9szt vesz a rangos <b data-path-to-node=\"8\" data-index-in-node=\"78\">Fashion Together nemzetk\u00f6zi ki\u00e1ll\u00edt\u00e1son<\/b>. Ez a nagyszab\u00e1s\u00fa rendezv\u00e9ny glob\u00e1lis sz\u00ednpadk\u00e9nt szolg\u00e1l a luxusm\u00e1rk\u00e1k sz\u00e1m\u00e1ra, hogy bemutass\u00e1k leg\u00fajabb innov\u00e1ci\u00f3ikat. Alig v\u00e1rjuk, hogy a digit\u00e1lis t\u00e9rben m\u00e1s figyelemre m\u00e9lt\u00f3 divatvezet\u0151kkel egy\u00fctt bemutathassuk leg\u00fajabb sz\u0151rmekollekci\u00f3nkat.  <\/p>\n<p><img fetchpriority=\"high\" decoding=\"async\" class=\"aligncenter wp-image-22230 size-full\" title=\"A&amp;A Vesa luxus b\u00e1r\u00e1nyb\u0151r kab\u00e1tok a Fashion Together nemzetk\u00f6zi ki\u00e1ll\u00edt\u00e1son.\" src=\"https:\/\/aavesa.com\/wp-content\/uploads\/2021\/02\/FT-MTE_700-x-175.webp\" alt=\"A&amp;A Vesa luxus b\u00e1r\u00e1nyb\u0151r kab\u00e1tok a Fashion Together nemzetk\u00f6zi ki\u00e1ll\u00edt\u00e1son.\" width=\"700\" height=\"175\" srcset=\"https:\/\/aavesa.com\/wp-content\/uploads\/2021\/02\/FT-MTE_700-x-175.webp 700w, https:\/\/aavesa.com\/wp-content\/uploads\/2021\/02\/FT-MTE_700-x-175-64x16.webp 64w, https:\/\/aavesa.com\/wp-content\/uploads\/2021\/02\/FT-MTE_700-x-175-300x75.webp 300w\" sizes=\"(max-width: 700px) 100vw, 700px\" \/><\/p>\n<h2 data-path-to-node=\"9\">Glob\u00e1lis st\u00edlus a Fashion Together nemzetk\u00f6zi ki\u00e1ll\u00edt\u00e1son<\/h2>\n<p data-path-to-node=\"10\">A <b data-path-to-node=\"10\" data-index-in-node=\"4\">Fashion Together<\/b> esem\u00e9ny jelent\u0151s m\u00e9rf\u00f6ldk\u0151 m\u00e1rk\u00e1nk terjeszked\u00e9s\u00e9ben. Azzal, hogy csatlakozunk ehhez a ki\u00e1ll\u00edt\u00e1shoz, kapcsolatot teremt\u00fcnk az ipar\u00e1g szak\u00e9rt\u0151ivel \u00e9s a st\u00edlus szerelmeseivel a vil\u00e1g minden t\u00e1j\u00e1r\u00f3l. Ez a platform lehet\u0151v\u00e9 teszi sz\u00e1munkra, hogy kiemelj\u00fck az egyedi min\u0151s\u00e9get \u00e9s diz\u00e1jnt, amelyek meghat\u00e1rozz\u00e1k a Vesa nevet.  <\/p>\n<p data-path-to-node=\"11\">Ezen t\u00falmen\u0151en az <b data-path-to-node=\"11\" data-index-in-node=\"62\">Egyes\u00fclt Kir\u00e1lys\u00e1gban<\/b> az ilyen magas szint\u0171 esem\u00e9nyeken val\u00f3 r\u00e9szv\u00e9tel meger\u0151s\u00edti a kiv\u00e1l\u00f3s\u00e1g ir\u00e1nti elk\u00f6telezetts\u00e9g\u00fcnket. C\u00e9lunk, hogy az id\u0151tlen, kort\u00e1rs eleganci\u00e1r\u00f3l alkotott elk\u00e9pzel\u00e9s\u00fcnkkel min\u00e9l sz\u00e9lesebb k\u00f6z\u00f6ns\u00e9get inspir\u00e1ljunk. <\/p>\n<h2 data-path-to-node=\"13\">A hagyom\u00e1nyos rom\u00e1n k\u00e9zm\u0171vess\u00e9g tal\u00e1lkozik az Egyes\u00fclt Kir\u00e1lys\u00e1g piac\u00e1val<\/h2>\n<p data-path-to-node=\"14\">Az A&amp;A Vesa eleg\u00e1ns <a href=\"https:\/\/aavesa.com\/hu\/baranybor-kabatok-hu\/\">b\u00e1r\u00e1nyb\u0151rkab\u00e1t-kollekci\u00f3t<\/a> mutat be f\u00e9rfiak \u00e9s n\u0151k sz\u00e1m\u00e1ra egyar\u00e1nt. Minden darabot saj\u00e1t rom\u00e1niai gy\u00e1runkban gy\u00e1rtunk, kiz\u00e1r\u00f3lag a legjobb term\u00e9szetes anyagokb\u00f3l. Gy\u00e1rt\u00e1si technik\u00e1ink t\u00f6bb gener\u00e1ci\u00f3ra ny\u00falnak vissza, \u00e9s olyan r\u00e9szletess\u00e9ggel k\u00e9sz\u00fclnek, amelyet a modern t\u00f6megtermel\u00e9s nem tud megism\u00e9telni.  <\/p>\n<h3 data-path-to-node=\"15\">Fenntarthat\u00f3 sz\u0151rme- \u00e9s b\u00e1r\u00e1nyb\u0151r-kollekci\u00f3k kiemel\u00e9se<\/h3>\n<p data-path-to-node=\"16\">A Vesa h\u00edres arr\u00f3l, hogy hat\u00e9konyan \u00f6tv\u00f6zi az \u0151si mesters\u00e9geket a modern technol\u00f3gi\u00e1val. K\u00f6vetkez\u00e9sk\u00e9ppen egyed\u00fcl\u00e1ll\u00f3 <a href=\"https:\/\/aavesa.com\/hu\/nok\/bundas-kabatok-es-bundas-dzsekik-noknek\/\">sz\u0151rmekollekci\u00f3nk<\/a> t\u00fckr\u00f6zi hagyom\u00e1nyainkat \u00e9s kiv\u00e1l\u00f3 gy\u00e1rt\u00e1si k\u00e9szs\u00e9geinket. Ezek a darabok magas h\u0151komfortot ny\u00fajtanak, mik\u00f6zben kifinomult, luxus eszt\u00e9tik\u00e1t biztos\u00edtanak v\u00e1s\u00e1rl\u00f3ink sz\u00e1m\u00e1ra <b data-path-to-node=\"16\" data-index-in-node=\"306\">az Egyes\u00fclt Kir\u00e1lys\u00e1g<\/b>ban.  <\/p>\n<h2 data-path-to-node=\"18\">Alkalmazkod\u00e1s a digit\u00e1lis korszakhoz: A luxus online v\u00e1s\u00e1rl\u00e1s j\u00f6v\u0151je<\/h2>\n<p data-path-to-node=\"19\">A k\u00f6zelm\u00faltban bek\u00f6vetkezett glob\u00e1lis v\u00e1ltoz\u00e1sok jelent\u0151sen megn\u00f6velt\u00e9k a magas sz\u00ednvonal\u00fa online v\u00e1s\u00e1rl\u00e1si \u00e9lm\u00e9nyek ir\u00e1nti keresletet. Ez\u00e9rt arra \u00f6sszpontos\u00edtottunk, hogy digit\u00e1lis jelenl\u00e9t\u00fcnk ugyanolyan kifog\u00e1stalan legyen, mint fizikai ruh\u00e1ink. Szeretn\u00e9nk k\u00f6sz\u00f6netet mondani mindenkinek, aki ezekben a kih\u00edv\u00e1sokkal teli id\u0151kben megl\u00e1togatta web\u00e1ruh\u00e1zunkat a <a class=\"ng-star-inserted\" href=\"https:\/\/www.aavesa.com\" target=\"_blank\" rel=\"noopener\">www.aavesa.com<\/a> oldalon.  <\/p>\n<p data-path-to-node=\"20\">Tov\u00e1bbra is k\u00e9szen \u00e1llunk arra, hogy r\u00e9szt vegy\u00fcnk olyan esem\u00e9nyeken, mint a <b data-path-to-node=\"20\" data-index-in-node=\"66\">Fashion Together nemzetk\u00f6zi ki\u00e1ll\u00edt\u00e1s<\/b>. Ezek a lehet\u0151s\u00e9gek lehet\u0151v\u00e9 teszik, hogy a Vesa eredeti darabjai \u00e9s kieg\u00e9sz\u00edt\u0151i vil\u00e1gszinten ragyogjanak. Megh\u00edvjuk \u00d6n\u00f6ket, hogy k\u00f6vess\u00e9k utunkat, mik\u00f6zben tov\u00e1bbra is \u00fajradefini\u00e1ljuk a luxus sz\u0151rme divat hat\u00e1rait.  <\/p>\n<hr data-path-to-node=\"21\">\n<h2 data-path-to-node=\"22\">Gyakran ism\u00e9telt k\u00e9rd\u00e9sek (GYIK)<\/h2>\n<p data-path-to-node=\"23\"><b data-path-to-node=\"23\" data-index-in-node=\"0\">1. Mi a Fashion Together nemzetk\u00f6zi ki\u00e1ll\u00edt\u00e1s?<\/b> A divatm\u00e1rk\u00e1kat, v\u00e1s\u00e1rl\u00f3kat \u00e9s tervez\u0151ket \u00f6sszek\u00f6t\u0151, gyakran az <b data-path-to-node=\"23\" data-index-in-node=\"155\">Egyes\u00fclt Kir\u00e1lys\u00e1gban<\/b> megrendezett nagyszab\u00e1s\u00fa ipar\u00e1gi esem\u00e9ny.<\/p>\n<p data-path-to-node=\"24\"><b data-path-to-node=\"24\" data-index-in-node=\"0\">2. Hol gy\u00e1rtj\u00e1k az A&amp;A Vesa term\u00e9keket?<\/b>  Minden ruhadarabunkat saj\u00e1t rom\u00e1niai gy\u00e1runkban \u00e1ll\u00edtjuk el\u0151, szigor\u00fa min\u0151s\u00e9gi \u00e9s etikai norm\u00e1kat k\u00f6vetve.<\/p>\n<p data-path-to-node=\"25\"><b data-path-to-node=\"25\" data-index-in-node=\"0\">3. Az A&amp;A Vesa sz\u00e1ll\u00edt sz\u0151rmebund\u00e1kat az Egyes\u00fclt Kir\u00e1lys\u00e1gba?<\/b> Igen, web\u00e1ruh\u00e1zunk glob\u00e1lis k\u00f6z\u00f6ns\u00e9get szolg\u00e1l ki, bele\u00e9rtve az <b data-path-to-node=\"25\" data-index-in-node=\"137\">Egyes\u00fclt Kir\u00e1lys\u00e1g<\/b> eg\u00e9sz ter\u00fclet\u00e9r\u0151l \u00e9rkez\u0151 v\u00e1s\u00e1rl\u00f3kat is.<\/p>\n<p data-path-to-node=\"26\"><b data-path-to-node=\"26\" data-index-in-node=\"0\">4. Milyen anyagokat haszn\u00e1l az A&amp;A Vesa?<\/b>  Kiz\u00e1r\u00f3lag term\u00e9szetes anyagokat haszn\u00e1lunk, els\u0151sorban kiv\u00e1l\u00f3 min\u0151s\u00e9g\u0171 b\u00e1r\u00e1nyb\u0151rt \u00e9s sz\u0151rm\u00e9t, amelyeket enged\u00e9lyezett \u00e9s fenntarthat\u00f3 csatorn\u00e1kon kereszt\u00fcl szerz\u00fcnk be.<\/p>\n<p data-path-to-node=\"27\"><b data-path-to-node=\"27\" data-index-in-node=\"0\">5. Hogyan \u00f6tv\u00f6zi az A&amp;A Vesa a hagyom\u00e1nyokat a modern technol\u00f3gi\u00e1val?<\/b>  Gener\u00e1ci\u00f3s k\u00e9zi varr\u00e1sos technik\u00e1kat alkalmazunk a modern prec\u00edzi\u00f3s szab\u00e1s mellett, hogy minden kab\u00e1t egy remekm\u0171 legyen.<\/p>\n<p data-path-to-node=\"28\"><b data-path-to-node=\"28\" data-index-in-node=\"0\">6. Megv\u00e1s\u00e1rolhatom a Fashion Together-en l\u00e1tott kollekci\u00f3t online?<\/b>  Abszol\u00fat. A <b data-path-to-node=\"28\" data-index-in-node=\"112\">Fashion Together<\/b> rendezv\u00e9nyen bemutatott leg\u00fajabb kollekci\u00f3ink a hivatalos weboldalunkon el\u00e9rhet\u0151k. <\/p>\n","protected":false},"excerpt":{"rendered":"<p>\u00d6r\u00f6mmel jelentj\u00fck be, hogy az A&amp;A Vesa r\u00e9szt vesz a rangos Fashion Together nemzetk\u00f6zi ki\u00e1ll\u00edt\u00e1son. Ez a nagyszab\u00e1s\u00fa rendezv\u00e9ny glob\u00e1lis sz\u00ednpadk\u00e9nt szolg\u00e1l a luxusm\u00e1rk\u00e1k sz\u00e1m\u00e1ra, hogy bemutass\u00e1k leg\u00fajabb innov\u00e1ci\u00f3ikat. Alig v\u00e1rjuk, hogy a digit\u00e1lis t\u00e9rben m\u00e1s figyelemre m\u00e9lt\u00f3 divatvezet\u0151kkel egy\u00fctt bemutathassuk leg\u00fajabb sz\u0151rmekollekci\u00f3nkat. Glob\u00e1lis st\u00edlus a Fashion Together nemzetk\u00f6zi ki\u00e1ll\u00edt\u00e1son A Fashion Together esem\u00e9ny jelent\u0151s [&hellip;]<\/p>\n","protected":false},"author":11,"featured_media":96124,"comment_status":"closed","ping_status":"open","sticky":false,"template":"","format":"standard","meta":{"_acf_changed":false,"om_disable_all_campaigns":false,"inline_featured_image":false,"_monsterinsights_skip_tracking":false,"_monsterinsights_sitenote_active":false,"_monsterinsights_sitenote_note":"","_monsterinsights_sitenote_category":0,"footnotes":""},"categories":[917],"tags":[],"class_list":["post-97862","post","type-post","status-publish","format-standard","has-post-thumbnail","hentry","category-blog-hu"],"acf":[],"aioseo_notices":[],"_links":{"self":[{"href":"https:\/\/aavesa.com\/hu\/wp-json\/wp\/v2\/posts\/97862","targetHints":{"allow":["GET"]}}],"collection":[{"href":"https:\/\/aavesa.com\/hu\/wp-json\/wp\/v2\/posts"}],"about":[{"href":"https:\/\/aavesa.com\/hu\/wp-json\/wp\/v2\/types\/post"}],"author":[{"embeddable":true,"href":"https:\/\/aavesa.com\/hu\/wp-json\/wp\/v2\/users\/11"}],"replies":[{"embeddable":true,"href":"https:\/\/aavesa.com\/hu\/wp-json\/wp\/v2\/comments?post=97862"}],"version-history":[{"count":2,"href":"https:\/\/aavesa.com\/hu\/wp-json\/wp\/v2\/posts\/97862\/revisions"}],"predecessor-version":[{"id":98637,"href":"https:\/\/aavesa.com\/hu\/wp-json\/wp\/v2\/posts\/97862\/revisions\/98637"}],"wp:featuredmedia":[{"embeddable":true,"href":"https:\/\/aavesa.com\/hu\/wp-json\/wp\/v2\/media\/96124"}],"wp:attachment":[{"href":"https:\/\/aavesa.com\/hu\/wp-json\/wp\/v2\/media?parent=97862"}],"wp:term":[{"taxonomy":"category","embeddable":true,"href":"https:\/\/aavesa.com\/hu\/wp-json\/wp\/v2\/categories?post=97862"},{"taxonomy":"post_tag","embeddable":true,"href":"https:\/\/aavesa.com\/hu\/wp-json\/wp\/v2\/tags?post=97862"}],"curies":[{"name":"wp","href":"https:\/\/api.w.org\/{rel}","templated":true}]}}