

{"id":97863,"date":"2021-09-23T16:29:31","date_gmt":"2021-09-23T16:29:31","guid":{"rendered":"https:\/\/aavesa.com\/uj-oszi-teli-2021-es-kollekcio-vesa-szorme-ruhak\/"},"modified":"2021-09-23T16:29:31","modified_gmt":"2021-09-23T16:29:31","slug":"uj-oszi-teli-2021-es-kollekcio-vesa-szorme-ruhak","status":"publish","type":"post","link":"https:\/\/aavesa.com\/hu\/uj-oszi-teli-2021-es-kollekcio-vesa-szorme-ruhak\/","title":{"rendered":"\u00daj \u0151szi-t\u00e9li 2021-es kollekci\u00f3 &#8211; Vesa sz\u0151rme ruh\u00e1k"},"content":{"rendered":"<p>[fusion_builder_container hundred_percent=&#8221;no&#8221; hundred_percent_height=&#8221;no&#8221; hundred_percent_height_scroll=&#8221;no&#8221; hundred_percent_height_center_content=&#8221;yes&#8221; equal_height_columns=&#8221;no&#8221; menu_anchor=&#8221;&#8221; hide_on_mobile=&#8221;small-visibility,medium-visibility,large-visibility&#8221; class=&#8221;&#8221; id=&#8221;&#8221; background_color=&#8221;&#8221; background_image=&#8221;&#8221; background_position=&#8221;center center&#8221; background_repeat=&#8221;no-repeat&#8221; fade=&#8221;no&#8221; background_parallax=&#8221;none&#8221; enable_mobile=&#8221;no&#8221; parallax_speed=&#8221;0.3&#8243; video_mp4=&#8221;&#8221; video_webm=&#8221;&#8221; video_ogv=&#8221;&#8221; video_url=&#8221;&#8221; video_aspect_ratio=&#8221;16:9&#8243; video_loop=&#8221;yes&#8221; video_mute=&#8221;yes&#8221; video_preview_image=&#8221;&#8221; border_size=&#8221;&#8221; border_color=&#8221;&#8221; border_style=&#8221;solid&#8221; margin_top=&#8221;&#8221; margin_bottom=&#8221;&#8221; padding_top=&#8221;&#8221; padding_right=&#8221;&#8221; padding_bottom=&#8221;&#8221; padding_left=&#8221;&#8221;][fusion_builder_row][fusion_builder_column type=&#8221;1_2&#8243; layout=&#8221;1_2&#8243; spacing=&#8221;&#8221; center_content=&#8221;no&#8221; link=&#8221;&#8221; target=&#8221;_self&#8221; min_height=&#8221;&#8221; hide_on_mobile=&#8221;small-visibility,medium-visibility,large-visibility&#8221; class=&#8221;&#8221; id=&#8221;&#8221; background_color=&#8221;&#8221; background_image=&#8221;&#8221; background_position=&#8221;left top&#8221; background_repeat=&#8221;no-repeat&#8221; hover_type=&#8221;none&#8221; border_size=&#8221;0&#8243; border_color=&#8221;&#8221; border_style=&#8221;solid&#8221; border_position=&#8221;all&#8221; padding_top=&#8221;&#8221; padding_right=&#8221;&#8221; padding_bottom=&#8221;&#8221; padding_left=&#8221;&#8221; dimension_margin=&#8221;&#8221; animation_type=&#8221;&#8221; animation_direction=&#8221;left&#8221; animation_speed=&#8221;0.3&#8243; animation_offset=&#8221;&#8221; last=&#8221;no&#8221;][fusion_text]A sz\u0151rmebunda m\u00e1r az \u00f3kor \u00f3ta rendk\u00edv\u00fcli ruhadarab. A gazdags\u00e1g szimb\u00f3lumak\u00e9nt vonult be a t\u00f6rt\u00e9nelembe, \u00e9s a divat szerelmeseinek k\u00f6telez\u0151 darabj\u00e1v\u00e1 v\u00e1lt. A Vesa tervez\u0151i szabad utat engedtek a kreativit\u00e1snak, \u00e9s l\u00e1tv\u00e1nyos kollekci\u00f3t k\u00e9sz\u00edtettek a hideg \u00e9vszakra. Az \u00faj modellek minden st\u00edlushoz illeszkednek, ragyog\u00f3v\u00e1 teszik \u00d6nt \u00e9s form\u00e1lj\u00e1k szem\u00e9lyis\u00e9g\u00e9t, mik\u00f6zben megadj\u00e1k a hideg napokon sz\u00fcks\u00e9ges k\u00e9nyelmet. \u00cdme n\u00e9h\u00e1ny meglepet\u00e9s, amivel k\u00e9sz\u00fclt\u00fcnk neked!    <\/p>\n<p><strong>\u00daj koncepci\u00f3 a <a href=\"https:\/\/www.aavesa.com\/women\/leather-jackets\/\">b\u0151rdzsekik<\/a> sz\u00e1m\u00e1ra<\/strong><\/p>\n<p>Id\u00e9n \u0151sszel le akartuk gy\u0151zni a st\u00edlusbeli korl\u00e1tokat, \u00e9s egy nagyon k\u00fcl\u00f6nleges b\u0151rdzsekisort hoztunk l\u00e9tre. Gondosan v\u00e1lasztottunk ki minden egyes anyagot, \u00e9s figyelembe vett\u00fck a sz\u00ednt, a text\u00far\u00e1t \u00e9s a min\u0151s\u00e9get, m\u00e9g a legapr\u00f3bb r\u00e9szletekn\u00e9l is. \u00cdgy kaptuk meg azokat a modelleket, amelyek els\u0151 l\u00e1t\u00e1sra elvar\u00e1zsolj\u00e1k \u00d6nt.  <\/p>\n<p>Az \u0151szi napokra v\u00e1laszthatja a hossz\u00fa b\u0151rdzsekit, trench st\u00edlusban. Ak\u00e1r fekete vagy kr\u00e9msz\u00edn\u0171, ak\u00e1r eleg\u00e1ns vagy alkalmi, t\u00f6k\u00e9letesen illik majd ruh\u00e1hoz vagy szokny\u00e1hoz \u00e9s nadr\u00e1ghoz egyar\u00e1nt. A zsin\u00f3r kiemeli az alakodat, a r\u00e9szletek pedig minden szemet vonzanak.  <\/p>\n<p>A f\u00e9rfi kab\u00e1tok eset\u00e9ben megtartottuk a der\u00e9kvonalat, \u00e9s egy sokoldal\u00fa, k\u00f6nnyen hordhat\u00f3 st\u00edlust v\u00e1lasztottunk. Ugyanakkor diszkr\u00e9t kieg\u00e9sz\u00edt\u0151ket haszn\u00e1ltunk, amelyek c\u00e9lja, hogy szem\u00e9lyis\u00e9get k\u00f6lcs\u00f6n\u00f6zzenek az \u00f6lt\u00f6z\u00e9keknek. <\/p>\n<p>Ha a hideg t\u00e9li napokra gondolsz, ne agg\u00f3dj, mi is \u00edgy tett\u00fcnk &#8211; ez\u00e9rt alkottuk meg a term\u00e9szetes sz\u0151rm\u00e9vel ell\u00e1tott b\u0151rdzsekiket. Nagyon melegek, v\u00edz\u00e1ll\u00f3ak \u00e9s rendk\u00edv\u00fcl k\u00e9nyelmesek, k\u00f6sz\u00f6nhet\u0151en az anyagoknak, amelyekb\u0151l k\u00e9sz\u00fcltek. A diz\u00e1jn a sz\u00ednek \u00e9s text\u00far\u00e1k kombin\u00e1ci\u00f3ja, de a ruhadarabot kiemel\u0151 elemek r\u00e9v\u00e9n is k\u00fcl\u00f6nleges. \u00cdgy egy ilyen ruhadarab kiv\u00e1laszt\u00e1sa ide\u00e1lis v\u00e1laszt\u00e1s, mind stilisztikai, mind min\u0151s\u00e9gi \u00e9s gyakorlati szempontb\u00f3l.   <\/p>\n<p><strong>Term\u00e9szetes sz\u0151rme kab\u00e1t vagy kab\u00e1t?<\/strong><\/p>\n<p>Ha m\u00e9g nem d\u00f6nt\u00f6tted el, mit szeretn\u00e9l viselni id\u00e9n t\u00e9len, mi itt vagyunk neked. Megalkottuk a term\u00e9szetes sz\u0151rm\u00e9b\u0151l k\u00e9sz\u00fclt kab\u00e1tok \u00e9s kab\u00e1tok \u00faj modelljeit, amelyek minden preferenci\u00e1nak megfelelnek. <\/p>\n<p>A term\u00e9szetes sz\u0151rmebunda n\u0151k \u00e9s f\u00e9rfiak sz\u00e1m\u00e1ra egyar\u00e1nt olyan ruhadarab, amely soha nem megy ki a divatb\u00f3l, \u00e9s nem vesz\u00edti el a var\u00e1zs\u00e1t. A k\u00e9nyelem \u00e9s a min\u0151s\u00e9g a meghat\u00e1roz\u00f3 t\u00e9nyez\u0151k, ez\u00e9rt els\u0151sorban ezt a cikket aj\u00e1nlom. Az \u00faj kollekci\u00f3ban a kab\u00e1tok sz\u00ednei \u00e9s anyagai azonban kiemelik az eleganci\u00e1t, \u00e9s igaz\u00e1n b\u00e1joss\u00e1 teszik \u0151ket. Ezek alkalmasak az irodai \u00f6lt\u00f6z\u00e9kekhez, de ha el\u00e9g kreat\u00edv vagy, b\u00e1rmilyen st\u00edlushoz hozz\u00e1igaz\u00edthatod \u0151ket.   <\/p>\n<p>Annak \u00e9rdek\u00e9ben, hogy a kab\u00e1tja hib\u00e1tlanul illeszkedjen, vegye figyelembe a testalkat\u00e1t. A magas embereknek nem kell agg\u00f3dniuk a ruh\u00e1juk hossza miatt. Ha azonban alacsony ember vagy, c\u00e9lszer\u0171 r\u00f6videbb ruhadarabokat v\u00e1lasztanod, amelyek kiemelik a testalkatodat.<br \/>\nEbben a helyzetben a term\u00e9szetes sz\u0151rme kab\u00e1t az ide\u00e1lis megold\u00e1s.  <\/p>\n<p>Ebben a szezonban a modellek \u00e9s sz\u00ednek sz\u00e9les v\u00e1laszt\u00e9k\u00e1t k\u00edn\u00e1ljuk \u00d6nnek, amelyeket b\u00e1rmilyen \u00f6lt\u00f6z\u00e9khez k\u00f6nnyed\u00e9n viselhet.<\/p>\n<p>A nagyon meleg \u00e9s praktikus, term\u00e9szetes sz\u0151rme kab\u00e1tok minden napot k\u00fcl\u00f6nleges esem\u00e9nny\u00e9 tesznek, mik\u00f6zben megadj\u00e1k a sz\u00fcks\u00e9ges k\u00e9nyelmet. Kapucnival vagy an\u00e9lk\u00fcl, cipz\u00e1rral vagy gombokkal, t\u00f6bb vagy kevesebb kieg\u00e9sz\u00edt\u0151vel, preferenci\u00e1kt\u00f3l f\u00fcggetlen\u00fcl, tov\u00e1bbra is t\u00f6k\u00e9letes v\u00e1laszt\u00e1s minden \u00edzl\u00e9snek. <\/p>\n<p>A f\u00e9rfiak k\u00f6r\u00e9ben a sz\u0151rmekab\u00e1tokat a k\u00fcl\u00f6nleges megjelen\u00e9s \u00e9s az anyagok min\u0151s\u00e9ge miatt nagyra \u00e9rt\u00e9kelik \u00e9s szeretik.<\/p>\n<p><strong>Extra st\u00edlus a b\u0151r \u00e9s term\u00e9szetes sz\u0151rme kab\u00e1tokkal f\u00e9rfiaknak<\/strong><\/p>\n<p>Amilyen n\u00e9pszer\u0171ek a n\u0151kn\u00e9l, olyan mer\u00e9szek a term\u00e9szetes sz\u0151rmekab\u00e1tok a f\u00e9rfiakn\u00e1l. B\u00e1r az utc\u00e1n nem gyakran l\u00e1tni ilyen ruh\u00e1kat visel\u0151 f\u00e9rfiakat, mi m\u00e9gis \u00fagy d\u00f6nt\u00f6tt\u00fcnk, hogy st\u00edlusosabb\u00e1 tessz\u00fck a ruhat\u00e1r\u00e1t. Hagytuk, hogy a f\u00e9rfias szabads\u00e1g inspir\u00e1ljon minket, \u00e9s \u00edgy ind\u00edtottuk \u00fatj\u00e1ra a f\u00e9rfiaknak sz\u00e1nt b\u0151r \u00e9s term\u00e9szetes sz\u0151rme dzsekiket.  <\/p>\n<p>Ide\u00e1lisak a t\u00e9li napokra, amikor \u00e9lvezni szeretn\u00e9 a meleget, de a b\u0151r ujjak \u00e1ltal ny\u00fajtott extra k\u00e9nyelmet is. Mivel nagyon praktikusak, semleges sz\u00edn\u0171ek \u00e9s k\u00f6nnyen \u00f6sszeilleszthet\u0151k, a Vesa kollekci\u00f3 kab\u00e1tjai tov\u00e1bbra is megfelel\u0151 v\u00e1laszt\u00e1s minden f\u00e9rfi \u00e9s minden \u00f6lt\u00f6z\u00e9k sz\u00e1m\u00e1ra. <\/p>\n<p>Egy\u00e9bk\u00e9nt a karbantart\u00e1s miatt nem kell agg\u00f3dnia. A term\u00e9szetes sz\u0151rme egy\u00e1ltal\u00e1n nem ig\u00e9nyes, csak sz\u00e1raz \u00e9s pormentes helyen kell tartani. Ami a tiszt\u00edt\u00e1st illeti, azt csak akkor v\u00e9gezz\u00fck, ha sz\u00fcks\u00e9ges, egy erre szakosodott vegytiszt\u00edt\u00f3ban.  <\/p>\n<p>Most, hogy felkeltett\u00fck a k\u00edv\u00e1ncsis\u00e1g\u00e1t, \u00e9s szeretne t\u00f6bbet l\u00e1tni, n\u00e9zzen sz\u00e9t weboldalunkon, \u00e9s fedezze fel a teljes sz\u0151rmekollekci\u00f3t. Biztosan megtal\u00e1lod a sz\u00e1modra megfelel\u0151 ruhadarabokat, \u00e9s meg fogsz gy\u0151z\u0151dni arr\u00f3l, hogy minden egyes darab sok szeretettel \u00e9s szenved\u00e9llyel k\u00e9sz\u00fclt. [\/fusion_text][\/fusion_builder_column][fusion_builder_column type=&#8221;1_2&#8243; layout=&#8221;1_2&#8243; spacing=&#8221;&#8221; center_content=&#8221;no&#8221; link=&#8221;&#8221; target=&#8221;_self&#8221; min_height=&#8221;&#8221; hide_on_mobile=&#8221;small-visibility,medium-visibility,large-visibility&#8221; class=&#8221;&#8221; id=&#8221;&#8221; background_color=&#8221;&#8221; background_image=&#8221;&#8221; background_position=&#8221;left top&#8221; background_repeat=&#8221;no-repeat&#8221; hover_type=&#8221;none&#8221; border_size=&#8221;0&#8243; border_color=&#8221;&#8221; border_style=&#8221;solid&#8221; border_position=&#8221;all&#8221; padding_top=&#8221;&#8221; padding_right=&#8221;&#8221; padding_bottom=&#8221;&#8221; padding_left=&#8221;&#8221; dimension_margin=&#8221;&#8221; animation_type=&#8221;&#8221; animation_direction=&#8221;left&#8221; animation_speed=&#8221;0.3&#8243; animation_offset=&#8221;&#8221; last=&#8221;no&#8221;][fusion_imageframe image_id=&#8221;22726&#8243; style_type=&#8221;none&#8221; stylecolor=&#8221;&#8221; hover_type=&#8221;none&#8221; bordersize=&#8221;&#8221; bordercolor=&#8221;&#8221; borderradius=&#8221;&#8221; align=&#8221;none&#8221; lightbox=&#8221;no&#8221; gallery_id=&#8221;&#8221; lightbox_image=&#8221;&#8221; alt=&#8221;&#8221; link=&#8221;https:\/\/www.aavesa.com\/man\/leather-jackets-for-man\/&#8221; linktarget=&#8221;_self&#8221; hide_on_mobile=&#8221;small-visibility,medium-visibility,large-visibility&#8221; class=&#8221;&#8221; id=&#8221;&#8221; animation_type=&#8221;&#8221; animation_direction=&#8221;left&#8221; animation_speed=&#8221;0.3&#8243; animation_offset=&#8221;&#8221;]http:\/\/www.aavesa.com\/wp-content\/uploads\/2021\/09\/Natural-leather-jackets-AA-Vesa.jpeg[\/fusion_imageframe][fusion_imageframe image_id=&#8221;22727&#8243; style_type=&#8221;none&#8221; stylecolor=&#8221;&#8221; hover_type=&#8221;none&#8221; bordersize=&#8221;&#8221; bordercolor=&#8221;&#8221; borderradius=&#8221;&#8221; align=&#8221;none&#8221; lightbox=&#8221;no&#8221; gallery_id=&#8221;&#8221; lightbox_image=&#8221;&#8221; alt=&#8221;&#8221; link=&#8221;https:\/\/www.aavesa.com\/women\/sheepskin-jackets\/&#8221; linktarget=&#8221;_self&#8221; hide_on_mobile=&#8221;small-visibility,medium-visibility,large-visibility&#8221; class=&#8221;&#8221; id=&#8221;&#8221; animation_type=&#8221;&#8221; animation_direction=&#8221;left&#8221; animation_speed=&#8221;0.3&#8243; animation_offset=&#8221;&#8221;]http:\/\/www.aavesa.com\/wp-content\/uploads\/2021\/09\/Natural-fur-coats-AA-Vesa.jpeg[\/fusion_imageframe][fusion_imageframe image_id=&#8221;22728&#8243; style_type=&#8221;none&#8221; stylecolor=&#8221;&#8221; hover_type=&#8221;none&#8221; bordersize=&#8221;&#8221; bordercolor=&#8221;&#8221; borderradius=&#8221;&#8221; align=&#8221;none&#8221; lightbox=&#8221;no&#8221; gallery_id=&#8221;&#8221; lightbox_image=&#8221;&#8221; alt=&#8221;&#8221; link=&#8221;https:\/\/www.aavesa.com\/man\/sheepskin-jackets-man\/&#8221; linktarget=&#8221;_self&#8221; hide_on_mobile=&#8221;small-visibility,medium-visibility,large-visibility&#8221; class=&#8221;&#8221; id=&#8221;&#8221; animation_type=&#8221;&#8221; animation_direction=&#8221;left&#8221; animation_speed=&#8221;0.3&#8243; animation_offset=&#8221;&#8221;]http:\/\/www.aavesa.com\/wp-content\/uploads\/2021\/09\/Natural-fur-jackets-for-men-AA-Vesa.jpeg[\/fusion_imageframe][\/fusion_builder_column][\/fusion_builder_row][\/fusion_builder_container]<\/p>\n","protected":false},"excerpt":{"rendered":"<p>[fusion_builder_container hundred_percent=&#8221;no&#8221; hundred_percent_height=&#8221;no&#8221; hundred_percent_height_scroll=&#8221;no&#8221; hundred_percent_height_center_content=&#8221;yes&#8221; equal_height_columns=&#8221;no&#8221; menu_anchor=&#8221;&#8221; hide_on_mobile=&#8221;small-visibility,medium-visibility,large-visibility&#8221; class=&#8221;&#8221; id=&#8221;&#8221; background_color=&#8221;&#8221; background_image=&#8221;&#8221; background_position=&#8221;center center&#8221; background_repeat=&#8221;no-repeat&#8221; fade=&#8221;no&#8221; background_parallax=&#8221;none&#8221; enable_mobile=&#8221;no&#8221; parallax_speed=&#8221;0.3&#8243; video_mp4=&#8221;&#8221; video_webm=&#8221;&#8221; video_ogv=&#8221;&#8221; video_url=&#8221;&#8221; video_aspect_ratio=&#8221;16:9&#8243; video_loop=&#8221;yes&#8221; video_mute=&#8221;yes&#8221; video_preview_image=&#8221;&#8221; border_size=&#8221;&#8221; border_color=&#8221;&#8221; border_style=&#8221;solid&#8221; margin_top=&#8221;&#8221; margin_bottom=&#8221;&#8221; padding_top=&#8221;&#8221; padding_right=&#8221;&#8221; padding_bottom=&#8221;&#8221; padding_left=&#8221;&#8221;][fusion_builder_row][fusion_builder_column type=&#8221;1_2&#8243; layout=&#8221;1_2&#8243; spacing=&#8221;&#8221; center_content=&#8221;no&#8221; link=&#8221;&#8221; target=&#8221;_self&#8221; min_height=&#8221;&#8221; hide_on_mobile=&#8221;small-visibility,medium-visibility,large-visibility&#8221; class=&#8221;&#8221; id=&#8221;&#8221; background_color=&#8221;&#8221; background_image=&#8221;&#8221; background_position=&#8221;left top&#8221; background_repeat=&#8221;no-repeat&#8221; hover_type=&#8221;none&#8221; border_size=&#8221;0&#8243; border_color=&#8221;&#8221; border_style=&#8221;solid&#8221; [&hellip;]<\/p>\n","protected":false},"author":11,"featured_media":96148,"comment_status":"closed","ping_status":"open","sticky":false,"template":"","format":"standard","meta":{"_acf_changed":false,"om_disable_all_campaigns":false,"inline_featured_image":false,"_monsterinsights_skip_tracking":false,"_monsterinsights_sitenote_active":false,"_monsterinsights_sitenote_note":"","_monsterinsights_sitenote_category":0,"footnotes":""},"categories":[917],"tags":[],"class_list":["post-97863","post","type-post","status-publish","format-standard","has-post-thumbnail","hentry","category-blog-hu"],"acf":[],"aioseo_notices":[],"_links":{"self":[{"href":"https:\/\/aavesa.com\/hu\/wp-json\/wp\/v2\/posts\/97863","targetHints":{"allow":["GET"]}}],"collection":[{"href":"https:\/\/aavesa.com\/hu\/wp-json\/wp\/v2\/posts"}],"about":[{"href":"https:\/\/aavesa.com\/hu\/wp-json\/wp\/v2\/types\/post"}],"author":[{"embeddable":true,"href":"https:\/\/aavesa.com\/hu\/wp-json\/wp\/v2\/users\/11"}],"replies":[{"embeddable":true,"href":"https:\/\/aavesa.com\/hu\/wp-json\/wp\/v2\/comments?post=97863"}],"version-history":[{"count":0,"href":"https:\/\/aavesa.com\/hu\/wp-json\/wp\/v2\/posts\/97863\/revisions"}],"wp:featuredmedia":[{"embeddable":true,"href":"https:\/\/aavesa.com\/hu\/wp-json\/wp\/v2\/media\/96148"}],"wp:attachment":[{"href":"https:\/\/aavesa.com\/hu\/wp-json\/wp\/v2\/media?parent=97863"}],"wp:term":[{"taxonomy":"category","embeddable":true,"href":"https:\/\/aavesa.com\/hu\/wp-json\/wp\/v2\/categories?post=97863"},{"taxonomy":"post_tag","embeddable":true,"href":"https:\/\/aavesa.com\/hu\/wp-json\/wp\/v2\/tags?post=97863"}],"curies":[{"name":"wp","href":"https:\/\/api.w.org\/{rel}","templated":true}]}}