

{"id":97865,"date":"2021-02-15T15:20:22","date_gmt":"2021-02-15T17:20:22","guid":{"rendered":"https:\/\/aavesa.com\/hogyan-illesszuk-ossze-a-szormes-mellenyeket-a-hideg-evszakban\/"},"modified":"2026-04-13T11:06:43","modified_gmt":"2026-04-13T13:06:43","slug":"hogyan-illesszuk-ossze-a-szormes-mellenyeket-a-hideg-evszakban","status":"publish","type":"post","link":"https:\/\/aavesa.com\/hu\/hogyan-illesszuk-ossze-a-szormes-mellenyeket-a-hideg-evszakban\/","title":{"rendered":"Hogyan illessz\u00fck \u00f6ssze a sz\u0151rm\u00e9s mell\u00e9nyeket a hideg \u00e9vszakban?"},"content":{"rendered":"<p data-path-to-node=\"8\">A <b data-path-to-node=\"8\" data-index-in-node=\"11\">hideg \u00e9vszakban<\/b> a term\u00e9szetes sz\u0151rmemell\u00e9ny a ruhat\u00e1r legfontosabb r\u00e9teg\u00e9v\u00e9 v\u00e1lik. A vezet\u0151 divattervez\u0151k \u00fagy v\u00e9lik <a href=\"https:\/\/aavesa.com\/hu\/nok\/shearling-mellenyek-es-bundas-mellenyek-noknek\/\"><b data-path-to-node=\"8\" data-index-in-node=\"129\">sz\u0151rmemell\u00e9nyek<\/b><\/a> &#8222;k\u00f6telez\u0151 darabnak&#8221; tartj\u00e1k, mivel a luxust \u00e9s a rendk\u00edv\u00fcli funkcionalit\u00e1st \u00f6tv\u00f6zi. Ezek a darabok sokoldal\u00faak, k\u00e9nyelmesek \u00e9s figyelemre m\u00e9lt\u00f3an melegek. R\u00e1ad\u00e1sul egy kiv\u00e1l\u00f3 min\u0151s\u00e9g\u0171 mell\u00e9ny azonnal feldob b\u00e1rmilyen egyszer\u0171 \u00f6lt\u00f6z\u00e9ket. B\u00e1r a sz\u0151rme st\u00edlusa ijeszt\u0151nek t\u0171nhet, val\u00f3j\u00e1ban nagyon egyszer\u0171.    <\/p>\n<p><img fetchpriority=\"high\" decoding=\"async\" class=\"aligncenter wp-image-22226 size-full\" title=\"N\u0151 visel luxus b\u00e9zs birkab\u0151r mell\u00e9nyt egy k\u00e9k pul\u00f3ver felett\" src=\"https:\/\/aavesa.com\/wp-content\/uploads\/2021\/02\/Fur-vests-for-women.jpg\" alt=\"N\u0151 visel luxus b\u00e9zs birkab\u0151r mell\u00e9nyt egy k\u00e9k pul\u00f3ver felett\" width=\"600\" height=\"441\" srcset=\"https:\/\/aavesa.com\/wp-content\/uploads\/2021\/02\/Fur-vests-for-women.jpg 600w, https:\/\/aavesa.com\/wp-content\/uploads\/2021\/02\/Fur-vests-for-women-64x47.jpg 64w, https:\/\/aavesa.com\/wp-content\/uploads\/2021\/02\/Fur-vests-for-women-300x221.jpg 300w\" sizes=\"(max-width: 600px) 100vw, 600px\" \/><\/p>\n<h2 data-path-to-node=\"9\">5 eleg\u00e1ns m\u00f3dja a sz\u0151rme mell\u00e9ny st\u00edlus\u00e1nak id\u00e9n t\u00e9len<\/h2>\n<p data-path-to-node=\"10\">A mell\u00e9ny \u00f6ssze\u00e1ll\u00edt\u00e1sa az alkalomt\u00f3l \u00e9s az el\u00e9rni k\u00edv\u00e1nt sziluett\u0151l f\u00fcgg. \u00cdme \u00f6t szak\u00e9rt\u0151 \u00e1ltal j\u00f3v\u00e1hagyott kombin\u00e1ci\u00f3, amit most kipr\u00f3b\u00e1lhatsz. <\/p>\n<h3 data-path-to-node=\"11\">Az id\u0151tlen fekete-feh\u00e9r eszt\u00e9tika<\/h3>\n<p data-path-to-node=\"12\">A fekete-feh\u00e9r ruh\u00e1k t\u00f6k\u00e9letesek ahhoz, hogy er\u0151fesz\u00edt\u00e9s n\u00e9lk\u00fcl eleg\u00e1nsnak t\u0171nj\u00fcnk. Fekete farmert p\u00e1ros\u00edthatsz egy ropog\u00f3s feh\u00e9r inggel \u00e9s egy s\u00f6t\u00e9t <b data-path-to-node=\"12\" data-index-in-node=\"134\">bundamell\u00e9nnyel<\/b>. Ez a klasszikus megjelen\u00e9s gy\u00f6ny\u00f6r\u0171en m\u0171k\u00f6dik a nappali \u00fcgyint\u00e9z\u00e9sekhez. Az esti esem\u00e9nyekhez fontolja meg a mer\u00e9sz sz\u00edn\u0171 sz\u0151rm\u00e9ket eleg\u00e1ns magassark\u00faval p\u00e1ros\u00edtva a kifinomult megjelen\u00e9s \u00e9rdek\u00e9ben.   <\/p>\n<h3 data-path-to-node=\"13\">Monokr\u00f3m minimalizmus a maxim\u00e1lis hat\u00e1s\u00e9rt<\/h3>\n<p data-path-to-node=\"14\">Hogy a hangs\u00faly a sz\u0151rme text\u00far\u00e1j\u00e1n maradjon, v\u00e1lasszon egysz\u00edn\u0171 alapot. A semleges <b data-path-to-node=\"14\" data-index-in-node=\"82\">sz\u0151rmemell\u00e9nyek<\/b> leny\u0171g\u00f6z\u0151en n\u00e9znek ki, ha hasonl\u00f3 \u00e1rnyalatokkal p\u00e1ros\u00edtjuk \u0151ket. P\u00e9ld\u00e1ul egy barna mell\u00e9nyt p\u00e1ros\u00edtson b\u00e9zs vagy halv\u00e1nyr\u00f3zsasz\u00edn ruh\u00e1val. Ha mer\u00e9sznek \u00e9rzi mag\u00e1t, egy \u00e9l\u00e9nkpiros sz\u0151rme er\u0151teljes kontrasztot alkot egy teljesen fekete ruh\u00e1val szemben.   <\/p>\n<h3 data-path-to-node=\"15\">Kiegyens\u00falyozott t\u00e9rfogat a t\u00e9rd f\u00f6l\u00f6tti csizm\u00e1kkal<\/h3>\n<p data-path-to-node=\"16\">A t\u00e9rdig \u00e9r\u0151 csizm\u00e1k id\u00e9n is a legn\u00e9pszer\u0171bb trendek k\u00f6z\u00e9 tartoznak. Mivel a sz\u0151rmemell\u00e9ny n\u00f6veli a fels\u0151t, \u00e9rdemes egyszer\u0171, eleg\u00e1ns csizm\u00e1t v\u00e1lasztani. Ker\u00fclje a neh\u00e9z csattokat vagy a bonyolult r\u00e9szleteket. A magas csizm\u00e1k hat\u00e9konyan ellens\u00falyozz\u00e1k a sz\u0151rme vizu\u00e1lis s\u00faly\u00e1t, \u00e9s \u00e1ramvonalas, magas sziluettet eredm\u00e9nyeznek.   <\/p>\n<p data-path-to-node=\"17\"><a href=\"https:\/\/aavesa.com\/hu\/nok\/borkabatok-noknek\/\">Fedezze fel a b\u0151rdzseki \u00e1 pol\u00e1s\u00e1r\u00f3l sz\u00f3l\u00f3 \u00fatmutat\u00f3nkat<\/a>, hogy eg\u00e9sz t\u00e9li ruhat\u00e1r\u00e1t cs\u00facsform\u00e1ban tartsa.<\/p>\n<h2 data-path-to-node=\"18\">A megfelel\u0151 text\u00fara kiv\u00e1laszt\u00e1sa: A b\u00e1r\u00e1nyb\u0151rt\u0151l a r\u00f3kapr\u00e9mig<\/h2>\n<p data-path-to-node=\"19\">Nem minden <b data-path-to-node=\"19\" data-index-in-node=\"8\">sz\u0151rmemell\u00e9ny<\/b> egyforma. A sz\u0151rzet hossza, a r\u00f6gz\u00edt\u00e9si rendszerek \u00e9s az anyagt\u00edpusok alapj\u00e1n t\u00f6bbf\u00e9le kialak\u00edt\u00e1s k\u00f6z\u00fcl v\u00e1laszthat. <\/p>\n<ul data-path-to-node=\"20\">\n<li>\n<p data-path-to-node=\"20,0,0\"><b data-path-to-node=\"20,0,0\" data-index-in-node=\"0\">Hossz\u00fa vs. r\u00f6vid:<\/b> A hossz\u00fa mell\u00e9nyek nagyobb fedetts\u00e9get \u00e9s meleget biztos\u00edtanak a h\u00e1tnak.<\/p>\n<\/li>\n<li>\n<p data-path-to-node=\"20,1,0\"><b data-path-to-node=\"20,1,0\" data-index-in-node=\"0\">Az anyag:<\/b> A <b data-path-to-node=\"20,1,0\" data-index-in-node=\"16\">b\u00e1r\u00e1nyb\u0151r mell\u00e9ny<\/b> sima, massz\u00edv megjelen\u00e9st biztos\u00edt. Ezzel szemben a r\u00f3ka- vagy mos\u00f3medvebunda terjedelmes, bolyhos eszt\u00e9tik\u00e1t k\u00edn\u00e1l. <\/p>\n<\/li>\n<li>\n<p data-path-to-node=\"20,2,0\"><b data-path-to-node=\"20,2,0\" data-index-in-node=\"0\">A r\u00e9szletek:<\/b> V\u00e1lasszon a kapucnis modellek k\u00f6z\u00fcl az extra melegs\u00e9g\u00e9rt vagy a derek\u00e1t hangs\u00falyoz\u00f3, h\u00faz\u00f3zsin\u00f3ros mell\u00e9nyek k\u00f6z\u00fcl.<\/p>\n<\/li>\n<\/ul>\n<h2 data-path-to-node=\"21\">Mi\u00e9rt hossz\u00fa t\u00e1v\u00fa befektet\u00e9s egy term\u00e9szetes sz\u0151rmemell\u00e9ny?<\/h2>\n<p data-path-to-node=\"22\">A term\u00e9szetes anyagokba val\u00f3 befektet\u00e9s jelent\u0151s el\u0151ny\u00f6ket k\u00edn\u00e1l a szintetikus alternat\u00edv\u00e1kkal szemben. El\u0151sz\u00f6r is, a term\u00e9szetes sz\u0151rme \u00e9lettartama sokkal hosszabb. Ha megfelel\u0151en \u00e1polod, \u00e9vtizedekig viselheted a mell\u00e9nyt l\u00e1that\u00f3 kop\u00e1s n\u00e9lk\u00fcl.  <\/p>\n<p data-path-to-node=\"23\">Ezenk\u00edv\u00fcl egy <b data-path-to-node=\"23\" data-index-in-node=\"15\">b\u00e1r\u00e1nyb\u0151r mell\u00e9ny<\/b> vagy r\u00f3kabunda darab kiv\u00e1l\u00f3 h\u0151komfortot biztos\u00edt, amelyet a szintetikus sz\u00e1lak nem tudnak megism\u00e9telni. Ez\u00e9rt az \u00e1r-min\u0151s\u00e9g ar\u00e1ny nagyon is indokolt mindazok sz\u00e1m\u00e1ra, akik kem\u00e9ny <b data-path-to-node=\"23\" data-index-in-node=\"205\">hideg \u00e9vszakban<\/b> \u00e9lnek. <\/p>\n<p data-path-to-node=\"24\"><a href=\"https:\/\/aavesa.com\/hu\/nok\/noi-shearling-dzsekik\/\">Fedezze fel a n\u0151i ny\u00edrb\u0151rkab\u00e1tok kollekci\u00f3j\u00e1t<\/a> a nagyobb ig\u00e9nybev\u00e9tel\u0171 t\u00e9li v\u00e9delem\u00e9rt.<\/p>\n<h2 data-path-to-node=\"25\">Hol tal\u00e1l pr\u00e9mium pr\u00e9mium sz\u0151rme \u00e9s juh\u00e1sz mell\u00e9nyeket<\/h2>\n<p data-path-to-node=\"26\">Ha garant\u00e1lt min\u0151s\u00e9get szeretne, vegye figyelembe a Vesa autentikus kollekci\u00f3j\u00e1t. Minden ruhadarabunkat kiz\u00e1r\u00f3lag Rom\u00e1ni\u00e1ban, az Arad megyei gy\u00e1runkban gy\u00e1rtjuk. Gy\u00e1runk az Eur\u00f3pai Uni\u00f3 szigor\u00fa min\u0151s\u00e9gi el\u0151\u00edr\u00e1sait k\u00f6veti, \u00edgy biztos\u00edtva, hogy tan\u00fas\u00edtott, pr\u00e9mium min\u0151s\u00e9g\u0171 term\u00e9ket kapjon.  <\/p>\n<p data-path-to-node=\"27\">Teljes portf\u00f3li\u00f3nkat megtekintheti online \u00e1ruh\u00e1zunkban, vagy l\u00e1togasson el fizikai telephelyeinkre Bukarestben, Temesv\u00e1ron \u00e9s Galatiban. V\u00e1lassza ki a st\u00edlus\u00e1t t\u00fckr\u00f6z\u0151 darabot, \u00e9s \u00e9lvezze a term\u00e9szetes melegs\u00e9g luxus\u00e1t. <\/p>\n<hr data-path-to-node=\"28\">\n<h2 data-path-to-node=\"29\">Gyakran ism\u00e9telt k\u00e9rd\u00e9sek (GYIK)<\/h2>\n<p data-path-to-node=\"30\"><b data-path-to-node=\"30\" data-index-in-node=\"0\">1. El\u00e9g meleg egy sz\u0151rmemell\u00e9ny a hideg \u00e9vszak cs\u00facspontj\u00e1n?<\/b>  Igen, a term\u00e9szetes sz\u0151rme kiv\u00e1l\u00f3 szigetel\u00e9st biztos\u00edt. Egy b\u0151rdzseki vagy egy vastag gyapj\u00fapul\u00f3ver f\u00f6l\u00e9 r\u00e9tegezheti a maxim\u00e1lis meleg \u00e9rdek\u00e9ben. <\/p>\n<p data-path-to-node=\"31\"><b data-path-to-node=\"31\" data-index-in-node=\"0\">2. Hogyan v\u00e1lasszak a ny\u00edrmint\u00e1s mell\u00e9ny \u00e9s a r\u00f3kabunda k\u00f6z\u00f6tt?<\/b> A <b data-path-to-node=\"31\" data-index-in-node=\"59\">shearlingmell\u00e9ny<\/b> diszkr\u00e9tebb, \u00e9s illik a h\u00e9tk\u00f6znapi st\u00edlushoz. A r\u00f3kabunda terjedelmesebb, \u00e9s mer\u00e9sz statement-darabk\u00e9nt szolg\u00e1l. <\/p>\n<p data-path-to-node=\"32\"><b data-path-to-node=\"32\" data-index-in-node=\"0\">3. Lehet sz\u0151rm\u00e9s mell\u00e9nyt viselni farmerrel?<\/b>  Abszol\u00fat. A farmerek kifinomult, m\u00e9gis h\u00e9tk\u00f6znapi megjelen\u00e9st eredm\u00e9nyeznek. Csak arra \u00fcgyelj, hogy a fels\u0151d egyszer\u0171 legyen, hogy elker\u00fcld a zs\u00fafolt megjelen\u00e9st.  <\/p>\n<p data-path-to-node=\"33\"><b data-path-to-node=\"33\" data-index-in-node=\"0\">4. Hogyan \u0151rizhetem meg a term\u00e9szetes sz\u0151rzetem bolyhoss\u00e1g\u00e1t?<\/b>  A mell\u00e9nyt visel\u00e9s ut\u00e1n \u00f3vatosan r\u00e1zza fel, \u00e9s t\u00e1rolja sz\u00e9les fogason. Ker\u00fclje a m\u0171anyag huzatokat; helyette haszn\u00e1ljon l\u00e9g\u00e1tereszt\u0151 pamutzs\u00e1kot. <\/p>\n<p data-path-to-node=\"34\"><b data-path-to-node=\"34\" data-index-in-node=\"0\">5. A sz\u0151rmemell\u00e9nyeket etikusan \u00e1ll\u00edtj\u00e1k el\u0151?<\/b>  Igen, a Vesa tan\u00fas\u00edtott gy\u00e1rt\u00f3. Betartjuk a term\u00e9szetes sz\u0151rme beszerz\u00e9s\u00e9re \u00e9s gy\u00e1rt\u00e1s\u00e1ra vonatkoz\u00f3 \u00f6sszes uni\u00f3s el\u0151\u00edr\u00e1st. <\/p>\n<p data-path-to-node=\"35\"><b data-path-to-node=\"35\" data-index-in-node=\"0\">6. Kimegy a divatb\u00f3l a sz\u0151rmemell\u00e9ny?<\/b>  Nem, ezek &#8222;\u00f6r\u00f6kz\u00f6ld&#8221; divatnak sz\u00e1m\u00edtanak. Sokoldal\u00fas\u00e1guk biztos\u00edtja, hogy az \u00e9vente v\u00e1ltoz\u00f3 trendekt\u0151l f\u00fcggetlen\u00fcl is aktu\u00e1lisak maradnak. <\/p>\n","protected":false},"excerpt":{"rendered":"<p>A hideg \u00e9vszakban a term\u00e9szetes sz\u0151rmemell\u00e9ny a ruhat\u00e1r legfontosabb r\u00e9teg\u00e9v\u00e9 v\u00e1lik. A vezet\u0151 divattervez\u0151k \u00fagy v\u00e9lik sz\u0151rmemell\u00e9nyek &#8222;k\u00f6telez\u0151 darabnak&#8221; tartj\u00e1k, mivel a luxust \u00e9s a rendk\u00edv\u00fcli funkcionalit\u00e1st \u00f6tv\u00f6zi. Ezek a darabok sokoldal\u00faak, k\u00e9nyelmesek \u00e9s figyelemre m\u00e9lt\u00f3an melegek. R\u00e1ad\u00e1sul egy kiv\u00e1l\u00f3 min\u0151s\u00e9g\u0171 mell\u00e9ny azonnal feldob b\u00e1rmilyen egyszer\u0171 \u00f6lt\u00f6z\u00e9ket. B\u00e1r a sz\u0151rme st\u00edlusa ijeszt\u0151nek t\u0171nhet, val\u00f3j\u00e1ban nagyon [&hellip;]<\/p>\n","protected":false},"author":11,"featured_media":96123,"comment_status":"closed","ping_status":"open","sticky":false,"template":"","format":"standard","meta":{"_acf_changed":false,"om_disable_all_campaigns":false,"inline_featured_image":false,"_monsterinsights_skip_tracking":false,"_monsterinsights_sitenote_active":false,"_monsterinsights_sitenote_note":"","_monsterinsights_sitenote_category":0,"footnotes":""},"categories":[917],"tags":[],"class_list":["post-97865","post","type-post","status-publish","format-standard","has-post-thumbnail","hentry","category-blog-hu"],"acf":[],"aioseo_notices":[],"_links":{"self":[{"href":"https:\/\/aavesa.com\/hu\/wp-json\/wp\/v2\/posts\/97865","targetHints":{"allow":["GET"]}}],"collection":[{"href":"https:\/\/aavesa.com\/hu\/wp-json\/wp\/v2\/posts"}],"about":[{"href":"https:\/\/aavesa.com\/hu\/wp-json\/wp\/v2\/types\/post"}],"author":[{"embeddable":true,"href":"https:\/\/aavesa.com\/hu\/wp-json\/wp\/v2\/users\/11"}],"replies":[{"embeddable":true,"href":"https:\/\/aavesa.com\/hu\/wp-json\/wp\/v2\/comments?post=97865"}],"version-history":[{"count":1,"href":"https:\/\/aavesa.com\/hu\/wp-json\/wp\/v2\/posts\/97865\/revisions"}],"predecessor-version":[{"id":98640,"href":"https:\/\/aavesa.com\/hu\/wp-json\/wp\/v2\/posts\/97865\/revisions\/98640"}],"wp:featuredmedia":[{"embeddable":true,"href":"https:\/\/aavesa.com\/hu\/wp-json\/wp\/v2\/media\/96123"}],"wp:attachment":[{"href":"https:\/\/aavesa.com\/hu\/wp-json\/wp\/v2\/media?parent=97865"}],"wp:term":[{"taxonomy":"category","embeddable":true,"href":"https:\/\/aavesa.com\/hu\/wp-json\/wp\/v2\/categories?post=97865"},{"taxonomy":"post_tag","embeddable":true,"href":"https:\/\/aavesa.com\/hu\/wp-json\/wp\/v2\/tags?post=97865"}],"curies":[{"name":"wp","href":"https:\/\/api.w.org\/{rel}","templated":true}]}}