

{"id":97867,"date":"2022-02-08T16:24:57","date_gmt":"2022-02-08T18:24:57","guid":{"rendered":"https:\/\/aavesa.com\/a-minosegi-bordzsekik-jellemzoi\/"},"modified":"2026-04-13T11:15:03","modified_gmt":"2026-04-13T13:15:03","slug":"a-minosegi-bordzsekik-jellemzoi","status":"publish","type":"post","link":"https:\/\/aavesa.com\/hu\/a-minosegi-bordzsekik-jellemzoi\/","title":{"rendered":"A min\u0151s\u00e9gi b\u0151rdzsekik jellemz\u0151i"},"content":{"rendered":"<p data-path-to-node=\"9\">A b\u0151rdzsekiknek pazar t\u00f6rt\u00e9nelme van, \u00e9s a modern divat egyik legikonikusabb darabja. Eredetileg a gy\u00e1rt\u00f3k katonai haszn\u00e1latra tervezt\u00e9k \u0151ket a nagy h\u00e1bor\u00fak idej\u00e9n, rendk\u00edv\u00fcli ellen\u00e1ll\u00f3 k\u00e9pess\u00e9g\u00fck miatt. Az 1980-as \u00e9s 1990-es \u00e9vekben ezek a dzsekik megh\u00f3d\u00edtott\u00e1k a glob\u00e1lis mozit, az er\u0151t, az elsz\u00e1nts\u00e1got \u00e9s a nonkonformista szellemet szimboliz\u00e1lva. Ma b\u00e1rki, aki min\u0151s\u00e9gi b\u0151rdzsekit visel, id\u0151tlen megjelen\u00e9s el\u0151nyeit \u00e9lvezheti, amely tiszteletet \u00e9s magabiztoss\u00e1got parancsol.   <\/p>\n<p><img fetchpriority=\"high\" decoding=\"async\" class=\"aligncenter wp-image-22221 size-full\" title=\"A kiv\u00e1l\u00f3 min\u0151s\u00e9g\u0171 term\u00e9szetes b\u0151rb\u0151l k\u00e9sz\u00fclt ruh\u00e1zat text\u00far\u00e1ja k\u00f6zelr\u0151l, a szemcs\u00e9k l\u00e1that\u00f3ak.\" src=\"https:\/\/aavesa.com\/wp-content\/uploads\/2021\/02\/geaca-de-piele.jpg\" alt=\"A kiv\u00e1l\u00f3 min\u0151s\u00e9g\u0171 term\u00e9szetes b\u0151rb\u0151l k\u00e9sz\u00fclt ruh\u00e1zat text\u00far\u00e1ja k\u00f6zelr\u0151l, a szemcs\u00e9k l\u00e1that\u00f3ak.\" width=\"600\" height=\"441\" srcset=\"https:\/\/aavesa.com\/wp-content\/uploads\/2021\/02\/geaca-de-piele.jpg 600w, https:\/\/aavesa.com\/wp-content\/uploads\/2021\/02\/geaca-de-piele-64x47.jpg 64w, https:\/\/aavesa.com\/wp-content\/uploads\/2021\/02\/geaca-de-piele-300x221.jpg 300w\" sizes=\"(max-width: 600px) 100vw, 600px\" \/><\/p>\n<h2 data-path-to-node=\"10\">Egy st\u00edlusikon fejl\u0151d\u00e9se<\/h2>\n<p data-path-to-node=\"11\">B\u00e1r a nat\u00far b\u0151rdzseki klasszikus, t\u00f6k\u00e9letesen illeszkedik a modern, gyors temp\u00f3j\u00fa ruhat\u00e1rba. Az anyag a ruhakombin\u00e1ci\u00f3t\u00f3l f\u00fcggetlen\u00fcl k\u00f6nnyed st\u00edlust sug\u00e1roz. A legfontosabb, hogy ez egy olyan ruhadarab, amely figyelmen k\u00edv\u00fcl hagyja a m\u00fal\u00f3 trendeket. A tart\u00f3ss\u00e1g tov\u00e1bbra is a f\u0151 jellemz\u0151je marad, biztos\u00edtva, hogy befektet\u00e9se \u00e9vtizedekig aktu\u00e1lis maradjon.   <\/p>\n<h2 data-path-to-node=\"12\">Mi\u00e9rt a term\u00e9szetes b\u0151r ruh\u00e1zat egy \u00e9letre sz\u00f3l\u00f3 befektet\u00e9s<\/h2>\n<p data-path-to-node=\"13\">Mivel a term\u00e9szetes b\u0151rb\u0151l k\u00e9sz\u00fclt ruh\u00e1zat \u00e1ra magasabb, mint a szintetikus alternat\u00edv\u00e1k\u00e9, \u00e9rdemes hossz\u00fa t\u00e1v\u00fa befektet\u00e9snek tekinteni. A szakemberek azt javasolj\u00e1k, hogy tan\u00fas\u00edtott gy\u00e1rt\u00f3kt\u00f3l v\u00e1s\u00e1roljon, hogy 100%-ban hiteles anyagot kapjon. <\/p>\n<h3 data-path-to-node=\"14\">Kiv\u00e1l\u00f3 tart\u00f3ss\u00e1g \u00e9s \u00f6reged\u00e9s<\/h3>\n<p data-path-to-node=\"15\">A term\u00e9szetes b\u0151r hihetetlen\u00fcl tart\u00f3s. Ha megfelel\u0151en \u00e1poljuk, ak\u00e1r gener\u00e1ci\u00f3kon \u00e1t is \u00f6r\u00f6kl\u0151dhet. Ne feledje azonban, hogy a b\u0151rt nem lehet \u00fagy mosni, mint a hagyom\u00e1nyos textilruh\u00e1kat. A durva mos\u00f3szerek roncsolj\u00e1k a b\u0151rt. Ez\u00e9rt az anyag \u00e9ps\u00e9g\u00e9nek meg\u0151rz\u00e9se \u00e9rdek\u00e9ben mindig haszn\u00e1ljon speci\u00e1lis vegytiszt\u00edt\u00f3t.    <\/p>\n<h3 data-path-to-node=\"16\">P\u00e1ratlan k\u00e9nyelem \u00e9s rugalmass\u00e1g<\/h3>\n<p data-path-to-node=\"17\">A szintetikus anyagokkal ellent\u00e9tben a val\u00f3di b\u0151r l\u00e9legz\u0151 \u00e9s rugalmas. Id\u0151vel a testhez idomul, mik\u00f6zben meg\u0151rzi eredeti szerkezeti form\u00e1j\u00e1t. Ez a rugalmass\u00e1g biztos\u00edtja, hogy kab\u00e1tja minden egyes visel\u00e9ssel k\u00e9nyelmesebb\u00e9 v\u00e1lik.  <\/p>\n<h2 data-path-to-node=\"18\">A b\u0151rdzsekik f\u0151bb t\u00edpusainak felfedez\u00e9se<\/h2>\n<p data-path-to-node=\"19\">A <b data-path-to-node=\"19\" data-index-in-node=\"28\">b\u0151rdzsekik<\/b> k\u00fcl\u00f6nb\u00f6z\u0151 <b data-path-to-node=\"19\" data-index-in-node=\"28\">t\u00edpusainak<\/b> meg\u00e9rt\u00e9se seg\u00edt kiv\u00e1lasztani az \u00e9letst\u00edlusodnak megfelel\u0151t. Ezek a r\u00f6gz\u00edt\u00e9si rendszerek, b\u0151rt\u00edpusok \u00e9s a kialak\u00edt\u00e1s alapj\u00e1n k\u00fcl\u00f6nb\u00f6znek. <\/p>\n<ul data-path-to-node=\"20\">\n<li>\n<p data-path-to-node=\"20,0,0\"><b data-path-to-node=\"20,0,0\" data-index-in-node=\"0\">R\u00f6gz\u00edt\u00e9si m\u00f3dok:<\/b> V\u00e1lasszon a klasszikus cipz\u00e1rak vagy a robusztus gombok k\u00f6z\u00f6tt.<\/p>\n<\/li>\n<li>\n<p data-path-to-node=\"20,1,0\"><b data-path-to-node=\"20,1,0\" data-index-in-node=\"0\">V\u00e1g\u00e1s \u00e9s hossz:<\/b> A lehet\u0151s\u00e9gek a hossz\u00fa, v\u00e9d\u0151 kab\u00e1tokt\u00f3l a r\u00f6vid, mozg\u00e9kony bomb\u00e1z\u00f3kig terjednek.<\/p>\n<\/li>\n<li>\n<p data-path-to-node=\"20,2,0\"><b data-path-to-node=\"20,2,0\" data-index-in-node=\"0\">Anyagok:<\/b> A birkab\u0151r klasszikus, sima v\u00e9delmet ny\u00fajt.<\/p>\n<\/li>\n<li>\n<p data-path-to-node=\"20,3,0\"><b data-path-to-node=\"20,3,0\" data-index-in-node=\"0\">Sokoldal\u00fas\u00e1g:<\/b> K\u00e9t k\u00fcl\u00f6nb\u00f6z\u0151 megjelen\u00e9st k\u00edn\u00e1l egy kiv\u00e1l\u00f3 min\u0151s\u00e9g\u0171 ruhadarabban.<\/p>\n<\/li>\n<\/ul>\n<h2 data-path-to-node=\"21\">Hol lehet v\u00e1s\u00e1rolni hiteles min\u0151s\u00e9gi b\u0151rkab\u00e1tokat<\/h2>\n<p data-path-to-node=\"22\">Megv\u00e1s\u00e1rolhatja <a href=\"https:\/\/aavesa.com\/hu\/\"><b data-path-to-node=\"22\" data-index-in-node=\"17\">min\u0151s\u00e9gi b\u0151rdzsekik<\/b><\/a> fizikai \u00fczletekben vagy online platformokon kereszt\u00fcl. Az online v\u00e1s\u00e1rl\u00e1s lehet\u0151v\u00e9 teszi, hogy a modellek \u00e9s sz\u00ednek sz\u00e9lesebb v\u00e1laszt\u00e9k\u00e1t b\u00f6ng\u00e9szhesse. A legt\u00f6bb j\u00f3 h\u00edr\u0171 m\u00e1rka r\u00e9szletes m\u00e9rett\u00e1bl\u00e1zatot biztos\u00edt, hogy seg\u00edtsen megtal\u00e1lni a t\u00f6k\u00e9letes illeszked\u00e9st. Ezzel szemben a fizikai boltokban azonnal megtapasztalhatja az anyag text\u00far\u00e1j\u00e1t \u00e9s s\u00faly\u00e1t.   <\/p>\n<p data-path-to-node=\"23\">A Vesa a legmagasabb min\u0151s\u00e9g\u0171 b\u0151rdzsekiket gy\u00e1rtja. Min\u0151s\u00edtett gy\u00e1rt\u00f3k\u00e9nt az \u00f6sszes uni\u00f3s min\u0151s\u00e9gi szabv\u00e1nyt betartjuk, \u00e9s saj\u00e1t bejegyzett v\u00e9djegy\u00fcnket haszn\u00e1ljuk. Ak\u00e1r online \u00e1ruh\u00e1zunkban v\u00e1s\u00e1rol, ak\u00e1r fizikai telephely\u00fcnkre l\u00e1togat, garant\u00e1ltan pr\u00e9mium min\u0151s\u00e9g\u0171, szak\u00e9rtelemmel k\u00e9sz\u00edtett term\u00e9ket kap.  <\/p>\n<hr data-path-to-node=\"24\">\n<h2 data-path-to-node=\"25\">Gyakran ism\u00e9telt k\u00e9rd\u00e9sek (GYIK)<\/h2>\n<p data-path-to-node=\"26\"><b data-path-to-node=\"26\" data-index-in-node=\"0\">1. Honnan tudom meg\u00e1llap\u00edtani, hogy egy kab\u00e1t val\u00f3di, min\u0151s\u00e9gi b\u0151rb\u0151l k\u00e9sz\u00fclt-e?<\/b>  A val\u00f3di b\u0151r egyedi, f\u00f6ldes illat\u00fa \u00e9s nem ism\u00e9tl\u0151d\u0151 szemcs\u00e9zet\u0171. Emellett kis mennyis\u00e9g\u0171 vizet is mag\u00e1ba sz\u00edv, m\u00edg a m\u0171b\u0151r \u00e1ltal\u00e1ban tasz\u00edtja azt. <\/p>\n<p data-path-to-node=\"27\"><b data-path-to-node=\"27\" data-index-in-node=\"0\">2. Meg\u00e9ri a term\u00e9szetes b\u0151rb\u0151l k\u00e9sz\u00fclt ruh\u00e1zat a magasabb \u00e1rat?<\/b>  Igen. A term\u00e9szetes b\u0151r l\u00e9nyegesen tov\u00e1bb tart, mint az &#8222;\u00f6kob\u0151r&#8221;. Hossz\u00fa t\u00e1von p\u00e9nzt takar\u00edt meg azzal, hogy nem kell k\u00e9t\u00e9vente lecser\u00e9lnie a kab\u00e1tj\u00e1t.  <\/p>\n<p data-path-to-node=\"28\"><b data-path-to-node=\"28\" data-index-in-node=\"0\">3. Melyek a legn\u00e9pszer\u0171bb b\u0151rdzsekik manaps\u00e1g?<\/b>  A bikerdzsekik, a bomb\u00e1z\u00f3k \u00e9s a versenyz\u0151dzsekik sokoldal\u00fas\u00e1guk \u00e9s id\u0151tlen vonzerej\u00fck miatt tov\u00e1bbra is a legjobb v\u00e1laszt\u00e1snak sz\u00e1m\u00edtanak.<\/p>\n<p data-path-to-node=\"29\"><b data-path-to-node=\"29\" data-index-in-node=\"0\">4. Hogyan kell t\u00e1rolni a b\u0151rdzsekimet az \u00e9vszakok k\u00f6z\u00f6tt?<\/b>  Mindig sz\u00e9les fogason, l\u00e9g\u00e1tereszt\u0151 pamutzs\u00e1kban t\u00e1rolja. Tartsa h\u0171v\u00f6s, sz\u00e1raz, k\u00f6zvetlen napf\u00e9nyt\u0151l v\u00e9dett helyen, hogy megakad\u00e1lyozza a kisz\u00e1rad\u00e1st. <\/p>\n<p data-path-to-node=\"30\"><b data-path-to-node=\"30\" data-index-in-node=\"0\">5. Megjav\u00edthatom a merevv\u00e9 v\u00e1lt b\u0151rdzsekit?<\/b>  Haszn\u00e1lhat speci\u00e1lis b\u0151rkondicion\u00e1l\u00f3t. Ez a term\u00e9k hidrat\u00e1lja az anyagot, puha \u00e9s kellemes tapint\u00e1s\u00fa marad. <\/p>\n<p data-path-to-node=\"31\"><b data-path-to-node=\"31\" data-index-in-node=\"0\">6. A b\u0151rdzsekik id\u0151vel ny\u00falnak?<\/b>  A term\u00e9szetes b\u0151rnek van &#8222;enged\u00e9se&#8221;. Finoman ny\u00falik \u00e9s az \u00d6n testalkat\u00e1hoz igazodik, \u00edgy n\u00e9h\u00e1ny h\u00e9t visel\u00e9s ut\u00e1n m\u00e1r testre szabott \u00e9rz\u00e9st ny\u00fajt. <\/p>\n","protected":false},"excerpt":{"rendered":"<p>A b\u0151rdzsekiknek pazar t\u00f6rt\u00e9nelme van, \u00e9s a modern divat egyik legikonikusabb darabja. Eredetileg a gy\u00e1rt\u00f3k katonai haszn\u00e1latra tervezt\u00e9k \u0151ket a nagy h\u00e1bor\u00fak idej\u00e9n, rendk\u00edv\u00fcli ellen\u00e1ll\u00f3 k\u00e9pess\u00e9g\u00fck miatt. Az 1980-as \u00e9s 1990-es \u00e9vekben ezek a dzsekik megh\u00f3d\u00edtott\u00e1k a glob\u00e1lis mozit, az er\u0151t, az elsz\u00e1nts\u00e1got \u00e9s a nonkonformista szellemet szimboliz\u00e1lva. Ma b\u00e1rki, aki min\u0151s\u00e9gi b\u0151rdzsekit visel, id\u0151tlen [&hellip;]<\/p>\n","protected":false},"author":11,"featured_media":96122,"comment_status":"closed","ping_status":"open","sticky":false,"template":"","format":"standard","meta":{"_acf_changed":false,"om_disable_all_campaigns":false,"inline_featured_image":false,"_monsterinsights_skip_tracking":false,"_monsterinsights_sitenote_active":false,"_monsterinsights_sitenote_note":"","_monsterinsights_sitenote_category":0,"footnotes":""},"categories":[917],"tags":[],"class_list":["post-97867","post","type-post","status-publish","format-standard","has-post-thumbnail","hentry","category-blog-hu"],"acf":[],"aioseo_notices":[],"_links":{"self":[{"href":"https:\/\/aavesa.com\/hu\/wp-json\/wp\/v2\/posts\/97867","targetHints":{"allow":["GET"]}}],"collection":[{"href":"https:\/\/aavesa.com\/hu\/wp-json\/wp\/v2\/posts"}],"about":[{"href":"https:\/\/aavesa.com\/hu\/wp-json\/wp\/v2\/types\/post"}],"author":[{"embeddable":true,"href":"https:\/\/aavesa.com\/hu\/wp-json\/wp\/v2\/users\/11"}],"replies":[{"embeddable":true,"href":"https:\/\/aavesa.com\/hu\/wp-json\/wp\/v2\/comments?post=97867"}],"version-history":[{"count":2,"href":"https:\/\/aavesa.com\/hu\/wp-json\/wp\/v2\/posts\/97867\/revisions"}],"predecessor-version":[{"id":98645,"href":"https:\/\/aavesa.com\/hu\/wp-json\/wp\/v2\/posts\/97867\/revisions\/98645"}],"wp:featuredmedia":[{"embeddable":true,"href":"https:\/\/aavesa.com\/hu\/wp-json\/wp\/v2\/media\/96122"}],"wp:attachment":[{"href":"https:\/\/aavesa.com\/hu\/wp-json\/wp\/v2\/media?parent=97867"}],"wp:term":[{"taxonomy":"category","embeddable":true,"href":"https:\/\/aavesa.com\/hu\/wp-json\/wp\/v2\/categories?post=97867"},{"taxonomy":"post_tag","embeddable":true,"href":"https:\/\/aavesa.com\/hu\/wp-json\/wp\/v2\/tags?post=97867"}],"curies":[{"name":"wp","href":"https:\/\/api.w.org\/{rel}","templated":true}]}}