

{"id":97873,"date":"2020-04-20T16:23:53","date_gmt":"2020-04-20T18:23:53","guid":{"rendered":"https:\/\/aavesa.com\/uj-aa-vesa-uzlet-nyilik-2019-november-11-en-temesvaron\/"},"modified":"2026-04-14T07:07:10","modified_gmt":"2026-04-14T09:07:10","slug":"uj-aa-vesa-uzlet-nyilik-2019-november-11-en-temesvaron","status":"publish","type":"post","link":"https:\/\/aavesa.com\/hu\/uj-aa-vesa-uzlet-nyilik-2019-november-11-en-temesvaron\/","title":{"rendered":"\u00daj A&amp;A Vesa \u00fczlet ny\u00edlik 2019. november 11-\u00e9n Temesv\u00e1ron!"},"content":{"rendered":"<p data-path-to-node=\"8\">Meg\u00e9rkezett a hideg \u00e9vszak, \u00e9s a ruhat\u00e1radnak alkalmazkodnia kell a cs\u00f6kken\u0151 h\u0151m\u00e9rs\u00e9klethez. Izgalmas h\u00edreink vannak a helyi rajong\u00f3inknak: v\u00e9gre egy <b data-path-to-node=\"8\" data-index-in-node=\"132\">\u00faj \u00fczlet<\/b> \u00e9rkezik a v\u00e1rosodba. H\u00e9tf\u0151t\u0151l, november 11-t\u0151l v\u00e1s\u00e1rl\u00f3ink k\u00f6zvetlen\u00fcl Temesv\u00e1ron tapasztalhatj\u00e1k meg az A&amp;A Vesa term\u00e9keket.  <\/p>\n<p><img fetchpriority=\"high\" decoding=\"async\" class=\"aligncenter wp-image-21426 size-large\" title=\"Az \u00faj A&amp;A Vesa Timi\u0219oara \u00fczlet eleg\u00e1ns bels\u0151 tere az Unirii t\u00e9r k\u00f6zel\u00e9ben.\" src=\"https:\/\/aavesa.com\/wp-content\/uploads\/2020\/04\/Magazin-AA-Vesa-Timisoara-5-1200x800-1-1024x683.jpg\" alt=\"Az \u00faj A&amp;A Vesa Timi\u0219oara \u00fczlet eleg\u00e1ns bels\u0151 tere az Unirii t\u00e9r k\u00f6zel\u00e9ben.\" width=\"800\" height=\"534\" srcset=\"https:\/\/aavesa.com\/wp-content\/uploads\/2020\/04\/Magazin-AA-Vesa-Timisoara-5-1200x800-1-1024x683.jpg 1024w, https:\/\/aavesa.com\/wp-content\/uploads\/2020\/04\/Magazin-AA-Vesa-Timisoara-5-1200x800-1-64x43.jpg 64w, https:\/\/aavesa.com\/wp-content\/uploads\/2020\/04\/Magazin-AA-Vesa-Timisoara-5-1200x800-1-300x200.jpg 300w, https:\/\/aavesa.com\/wp-content\/uploads\/2020\/04\/Magazin-AA-Vesa-Timisoara-5-1200x800-1-768x512.jpg 768w, https:\/\/aavesa.com\/wp-content\/uploads\/2020\/04\/Magazin-AA-Vesa-Timisoara-5-1200x800-1.jpg 1200w\" sizes=\"(max-width: 800px) 100vw, 800px\" \/><\/p>\n<h2 data-path-to-node=\"9\">Luxus b\u0151r \u00e9s sz\u0151rme Temesv\u00e1r sz\u00edv\u00e9ben<\/h2>\n<p data-path-to-node=\"10\">Kor\u00e1bban a temesv\u00e1ri lakosok sz\u00e1m\u00e1ra a legk\u00f6zelebbi fizikai helysz\u00edn az aradi \u00fczlet\u00fcnk volt. Az <b data-path-to-node=\"10\" data-index-in-node=\"104\">\u00faj \u00fczlet\u00fcnk megnyit\u00e1s\u00e1val<\/b> azonban sokkal k\u00f6zelebb hozzuk \u00f6n\u00f6kh\u00f6z szak\u00e9rt\u0151 k\u00e9zm\u0171ves tud\u00e1sunkat. Megtal\u00e1l minket a v\u00e1ros gy\u00f6ny\u00f6r\u0171 t\u00f6rt\u00e9nelmi negyed\u00e9ben. Az Oituz utc\u00e1ban, az Unirii t\u00e9r k\u00f6zel\u00e9ben, a M\u0171v\u00e9szeti \u00e9s Design Karral szemben tal\u00e1l minket.   <\/p>\n<p data-path-to-node=\"11\">Kapuink h\u00e9tf\u0151t\u0151l p\u00e9ntekig 10 \u00e9s 19 \u00f3ra k\u00f6z\u00f6tt lesznek nyitva. Ezen k\u00edv\u00fcl szombatonk\u00e9nt 10 \u00e9s 16 \u00f3ra k\u00f6z\u00f6tt v\u00e1rjuk \u00d6n\u00f6ket. Ez a k\u00f6zponti elhelyezked\u00e9s megk\u00f6nny\u00edti, hogy v\u00e1rosi s\u00e9t\u00e1i sor\u00e1n megk\u00f3stolhassa pr\u00e9miumk\u00edn\u00e1latunkat.  <\/p>\n<h2 data-path-to-node=\"12\">Mire sz\u00e1m\u00edthat az \u00faj \u00fczlethelyis\u00e9g\u00fcnkben<\/h2>\n<p data-path-to-node=\"13\">A <b data-path-to-node=\"13\" data-index-in-node=\"4\">temesv\u00e1ri \u00fczlet<\/b> ruh\u00e1zati cikkek \u00e9s kieg\u00e9sz\u00edt\u0151k sz\u00e9les v\u00e1laszt\u00e9k\u00e1t k\u00edn\u00e1lja mind a f\u00e9rfiak, mind a n\u0151k sz\u00e1m\u00e1ra. Minden egyes darab a legmagasabb min\u0151s\u00e9g\u0171 term\u00e9szetes anyagokat tartalmazza. Az eleg\u00e1ns sz\u0151rmekab\u00e1tokt\u00f3l kezdve a k\u00f6nny\u0171 b\u0151rdzsekikig, mell\u00e9nyekig, keszty\u0171kig \u00e9s p\u00e9nzt\u00e1rc\u00e1kig mindent k\u00edn\u00e1lunk.  <\/p>\n<h3 data-path-to-node=\"14\">Pr\u00e9miumgy\u0171jtem\u00e9nyek termel\u0151i \u00e1ron<\/h3>\n<p data-path-to-node=\"15\">Sz\u00e1mos, kor\u00e1bban csak online el\u00e9rhet\u0151 term\u00e9k m\u00e1r szem\u00e9lyesen is felpr\u00f3b\u00e1lhat\u00f3. Mivel mi vagyunk a <a href=\"https:\/\/aavesa.com\/hu\/\">gy\u00e1rt\u00f3<\/a>, \u00d6n a termel\u0151i \u00e1rak el\u0151nyeit \u00e9lvezheti. Ezek az \u00e1rak rendk\u00edv\u00fcl versenyk\u00e9pesek a helyi piacon \u00e9s azon t\u00fal is. Ez a t\u00f6k\u00e9letes lehet\u0151s\u00e9g, hogy olyan darabokba fektessen be, amelyek egyszerre k\u00edn\u00e1lnak st\u00edlust \u00e9s tart\u00f3ss\u00e1got.   <\/p>\n<h3 data-path-to-node=\"16\">A 2019-2020-as kollekci\u00f3: Innov\u00e1ci\u00f3 a term\u00e9szetes anyagokban<\/h3>\n<p data-path-to-node=\"17\">A l\u00e1togat\u00f3k felfedezhetik a 2019-2020-as kollekci\u00f3nk kiemelt darabjait is. Ez a vonal a term\u00e9szetes anyagok mer\u00e9sz \u00faj megk\u00f6zel\u00edt\u00e9s\u00e9t javasolja. Olyan darabokra \u00f6sszpontos\u00edtottunk, amelyek min\u0151s\u00e9g\u00fckkel \u00e9s k\u00e9nyelm\u00fckkel t\u0171nnek ki. Minden egyes diz\u00e1jn egy k\u00fcl\u00f6nleges, modern eszt\u00e9tik\u00e1t t\u00fckr\u00f6z, amely id\u0151t\u00e1ll\u00f3 marad.   <\/p>\n<h2 data-path-to-node=\"19\">A&amp;A Vesa: A rom\u00e1n k\u00e9zm\u0171vess\u00e9g t\u00f6bb mint 20 \u00e9ve<\/h2>\n<p data-path-to-node=\"20\">Az A&amp;A Vesa t\u00f6bb mint k\u00e9t \u00e9vtizedes hagyom\u00e1nyokkal rendelkezik, \u00e9s saj\u00e1t feldolgoz\u00f3\u00fczemet \u00fczemeltet term\u00e9szetes anyagok feldolgoz\u00e1s\u00e1ra. Tov\u00e1bbra is autentikus term\u00e9keket k\u00edn\u00e1lunk, amelyeket az eredetis\u00e9g \u00e9s a tisztess\u00e9ges \u00e1rk\u00e9pz\u00e9s jellemez. M\u00edg sok gy\u00e1rt\u00f3 szigor\u00faan az exportra \u00f6sszpontos\u00edt, mi tov\u00e1bbra is h\u0171s\u00e9ges m\u00e1rka vagyunk a rom\u00e1n piachoz.  <\/p>\n<p data-path-to-node=\"21\">A <b data-path-to-node=\"21\" data-index-in-node=\"4\">temesv\u00e1ri \u00fczlet<\/b> az \u00f6t\u00f6dik fizikai telephely\u00fcnk az orsz\u00e1gban. M\u00e1r jelen vagyunk Aradon, Bukarestben, Gala\u021biban \u00e9s Constan\u021b\u00e1ban. Emellett k\u00e9t virtu\u00e1lis \u00fczlet\u00fcnk tov\u00e1bbra is orsz\u00e1gszerte kiszolg\u00e1lja v\u00e1s\u00e1rl\u00f3inkat. A term\u00e9szetes anyagokba val\u00f3 befektet\u00e9s okos v\u00e1laszt\u00e1s minden ruhat\u00e1rba, mivel ezek a darabok p\u00e1ratlanul hossz\u00fa \u00e9lettartamot biztos\u00edtanak.   <\/p>\n<h2 data-path-to-node=\"22\">L\u00e1togasson el Temesv\u00e1ri \u00fczlet\u00fcnkbe \u00e9s \u00fcnnepeljen vel\u00fcnk!<\/h2>\n<p data-path-to-node=\"23\">Megh\u00edvunk mindenkit Temesv\u00e1ron, hogy november 11-\u00e9n vel\u00fcnk egy\u00fctt \u00fcnnepelje a megnyit\u00f3t. J\u00f6jj\u00f6n el, \u00e9s \u00e9lvezze az akci\u00f3s \u00e1rakat, exkluz\u00edv aj\u00e1nlatokat \u00e9s sok m\u00e1s meglepet\u00e9st. Csatlakozzon hozz\u00e1nk a v\u00e1rosk\u00f6zpontban, \u00e9s fedezze fel, mi\u00e9rt az A&amp;A Vesa a term\u00e9szetes luxus prefer\u00e1lt v\u00e1laszt\u00e1sa Rom\u00e1ni\u00e1ban.  <\/p>\n<p data-path-to-node=\"24\">Az \u00faj, Oituz utcai <a href=\"https:\/\/aavesa.com\/hu\/uzletek\/\">\u00fczlethelyis\u00e9g\u00fcnkh\u00f6z vezet\u0151 \u00fatvonalak\u00e9rt tekintse meg az \u00fczletkeres\u0151 oldalunkat<\/a>.<\/p>\n<hr data-path-to-node=\"25\">\n<h3 data-path-to-node=\"26\"><b data-path-to-node=\"26\" data-index-in-node=\"0\">Gyakran ism\u00e9telt k\u00e9rd\u00e9sek (GYIK)<\/b><\/h3>\n<p data-path-to-node=\"27\"><b data-path-to-node=\"27\" data-index-in-node=\"0\">1. Pontosan hol tal\u00e1lhat\u00f3 az \u00faj \u00fczlet Temesv\u00e1ron?<\/b> <b data-path-to-node=\"27\" data-index-in-node=\"60\">\u00daj \u00fczlet\u00fcnk<\/b> az Oituz utc\u00e1ban tal\u00e1lhat\u00f3, az Unirii t\u00e9r k\u00f6zel\u00e9ben, k\u00f6zvetlen\u00fcl a M\u0171v\u00e9szeti \u00e9s Design Karral szemben.<\/p>\n<p data-path-to-node=\"28\"><b data-path-to-node=\"28\" data-index-in-node=\"0\">2. Mik a temesv\u00e1ri \u00fczlet nyitvatart\u00e1si ideje?<\/b>  H\u00e9tf\u0151t\u0151l p\u00e9ntekig 10:00 \u00e9s 19:00 \u00f3ra k\u00f6z\u00f6tt, szombaton 10:00 \u00e9s 16:00 \u00f3ra k\u00f6z\u00f6tt tartunk nyitva.<\/p>\n<p data-path-to-node=\"29\"><b data-path-to-node=\"29\" data-index-in-node=\"0\">3. A temesv\u00e1ri \u00fczletben ugyanazok az \u00e1rak, mint az online \u00e1ruh\u00e1zban?<\/b> Igen, a <b data-path-to-node=\"29\" data-index-in-node=\"98\">temesv\u00e1ri \u00fczlet\u00fcnkben<\/b> termel\u0151i \u00e1rakat k\u00edn\u00e1lunk, \u00edgy biztos\u00edtva, hogy k\u00f6zvetlen\u00fcl a gy\u00e1rt\u00f3t\u00f3l kapja a legjobb \u00e1rat.<\/p>\n<p data-path-to-node=\"30\"><b data-path-to-node=\"30\" data-index-in-node=\"0\">4. Megtal\u00e1lom a leg\u00fajabb 2019-2020-as kollekci\u00f3t az \u00faj \u00fczletben?<\/b>  Abszol\u00fat! Az \u00faj helysz\u00ednen a leg\u00fajabb diz\u00e1jnjaink, k\u00f6zt\u00fck a <a href=\"https:\/\/aavesa.com\/hu\/nok\/bundas-kabatok-es-bundas-dzsekik-noknek\/\">term\u00e9szetes sz\u0151rm\u00e9b\u0151l<\/a> \u00e9s b\u0151rb\u0151l k\u00e9sz\u00fclt mer\u00e9sz darabok is megtal\u00e1lhat\u00f3k. <\/p>\n<p data-path-to-node=\"31\"><b data-path-to-node=\"31\" data-index-in-node=\"0\">5. Az A&amp;A Vesa rom\u00e1n m\u00e1rka?<\/b>  Igen, az A&amp;A Vesa t\u00f6bb mint 20 \u00e9ves hagyom\u00e1nyokkal rendelkezik Rom\u00e1ni\u00e1ban, saj\u00e1t feldolgoz\u00f3\u00fczemmel \u00e9s \u00f6t fizikai \u00fczlettel orsz\u00e1gszerte.<\/p>\n<p data-path-to-node=\"32\"><b data-path-to-node=\"32\" data-index-in-node=\"0\">6. Lesznek-e kedvezm\u00e9nyek a nyit\u00f3h\u00e9ten?<\/b>  Igen, akci\u00f3s \u00e1rakkal \u00e9s k\u00fcl\u00f6nleges aj\u00e1nlatokkal k\u00e9sz\u00fcl\u00fcnk a november 11-\u00e9n kezd\u0151d\u0151 nagyszab\u00e1s\u00fa megnyit\u00f3nk meg\u00fcnnepl\u00e9s\u00e9re.<\/p>\n","protected":false},"excerpt":{"rendered":"<p>Meg\u00e9rkezett a hideg \u00e9vszak, \u00e9s a ruhat\u00e1radnak alkalmazkodnia kell a cs\u00f6kken\u0151 h\u0151m\u00e9rs\u00e9klethez. Izgalmas h\u00edreink vannak a helyi rajong\u00f3inknak: v\u00e9gre egy \u00faj \u00fczlet \u00e9rkezik a v\u00e1rosodba. H\u00e9tf\u0151t\u0151l, november 11-t\u0151l v\u00e1s\u00e1rl\u00f3ink k\u00f6zvetlen\u00fcl Temesv\u00e1ron tapasztalhatj\u00e1k meg az A&amp;A Vesa term\u00e9keket. Luxus b\u0151r \u00e9s sz\u0151rme Temesv\u00e1r sz\u00edv\u00e9ben Kor\u00e1bban a temesv\u00e1ri lakosok sz\u00e1m\u00e1ra a legk\u00f6zelebbi fizikai helysz\u00edn az aradi \u00fczlet\u00fcnk [&hellip;]<\/p>\n","protected":false},"author":11,"featured_media":96101,"comment_status":"closed","ping_status":"open","sticky":false,"template":"","format":"standard","meta":{"_acf_changed":false,"om_disable_all_campaigns":false,"inline_featured_image":false,"_monsterinsights_skip_tracking":false,"_monsterinsights_sitenote_active":false,"_monsterinsights_sitenote_note":"","_monsterinsights_sitenote_category":0,"footnotes":""},"categories":[917],"tags":[],"class_list":["post-97873","post","type-post","status-publish","format-standard","has-post-thumbnail","hentry","category-blog-hu"],"acf":[],"aioseo_notices":[],"_links":{"self":[{"href":"https:\/\/aavesa.com\/hu\/wp-json\/wp\/v2\/posts\/97873","targetHints":{"allow":["GET"]}}],"collection":[{"href":"https:\/\/aavesa.com\/hu\/wp-json\/wp\/v2\/posts"}],"about":[{"href":"https:\/\/aavesa.com\/hu\/wp-json\/wp\/v2\/types\/post"}],"author":[{"embeddable":true,"href":"https:\/\/aavesa.com\/hu\/wp-json\/wp\/v2\/users\/11"}],"replies":[{"embeddable":true,"href":"https:\/\/aavesa.com\/hu\/wp-json\/wp\/v2\/comments?post=97873"}],"version-history":[{"count":1,"href":"https:\/\/aavesa.com\/hu\/wp-json\/wp\/v2\/posts\/97873\/revisions"}],"predecessor-version":[{"id":98711,"href":"https:\/\/aavesa.com\/hu\/wp-json\/wp\/v2\/posts\/97873\/revisions\/98711"}],"wp:featuredmedia":[{"embeddable":true,"href":"https:\/\/aavesa.com\/hu\/wp-json\/wp\/v2\/media\/96101"}],"wp:attachment":[{"href":"https:\/\/aavesa.com\/hu\/wp-json\/wp\/v2\/media?parent=97873"}],"wp:term":[{"taxonomy":"category","embeddable":true,"href":"https:\/\/aavesa.com\/hu\/wp-json\/wp\/v2\/categories?post=97873"},{"taxonomy":"post_tag","embeddable":true,"href":"https:\/\/aavesa.com\/hu\/wp-json\/wp\/v2\/tags?post=97873"}],"curies":[{"name":"wp","href":"https:\/\/api.w.org\/{rel}","templated":true}]}}