

{"id":97876,"date":"2018-10-04T12:22:24","date_gmt":"2018-10-04T14:22:24","guid":{"rendered":"https:\/\/aavesa.com\/uj-kollekcio-2018-2019-szormebundak-es-termeszetes-bor-oszi-teli-kollekcioja\/"},"modified":"2026-04-14T08:11:30","modified_gmt":"2026-04-14T10:11:30","slug":"uj-kollekcio-2018-2019-szormebundak-es-termeszetes-bor-oszi-teli-kollekcioja","status":"publish","type":"post","link":"https:\/\/aavesa.com\/hu\/uj-kollekcio-2018-2019-szormebundak-es-termeszetes-bor-oszi-teli-kollekcioja\/","title":{"rendered":"\u00daj kollekci\u00f3 2018-2019 sz\u0151rmebund\u00e1k \u00e9s term\u00e9szetes b\u0151r \u0151szi \/ t\u00e9li kollekci\u00f3ja"},"content":{"rendered":"<p data-path-to-node=\"9\">A hideg \u00e9vszak gyorsan k\u00f6zeledik. Ez\u00e9rt a ruhat\u00e1r\u00e1nak azonnal alkalmazkodnia kell a cs\u00f6kken\u0151 h\u0151m\u00e9rs\u00e9klethez. Az A&amp;A Vesa Fur Factory-n\u00e1l elk\u00e9sz\u00edtett\u00fck <b data-path-to-node=\"9\" data-index-in-node=\"165\">\u00daj kollekci\u00f3nk 2018-2019-es kollekci\u00f3j\u00e1t<\/b>, hogy m\u00e9lt\u00f3s\u00e1ggal k\u00f6sz\u00f6nts\u00fck a fagyot. Leg\u00fajabb kollekci\u00f3nkban gy\u00f6ny\u00f6r\u0171 <a href=\"https:\/\/aavesa.com\/hu\/nok\/bundas-kabatok-es-bundas-dzsekik-noknek\/\"><b data-path-to-node=\"9\" data-index-in-node=\"258\">sz\u0151rmekab\u00e1tok<\/b><\/a> \u00e9s pr\u00e9mium min\u0151s\u00e9g\u0171 <b data-path-to-node=\"9\" data-index-in-node=\"280\">term\u00e9szetes b\u0151rb\u0151l<\/b> k\u00e9sz\u00fclt ruhadarabokat, amelyeket f\u00e9rfiak \u00e9s n\u0151k sz\u00e1m\u00e1ra egyar\u00e1nt terveztek.   <\/p>\n<p><img fetchpriority=\"high\" decoding=\"async\" class=\"aligncenter wp-image-20025 size-large\" title=\"Eleg\u00e1ns n\u0151 hossz\u00fa nercbund\u00e1t \u00e9s f\u00e9rfi szarvasb\u0151r kab\u00e1tot visel az \u00daj kollekci\u00f3 2018-2019-b\u0151l.\" src=\"https:\/\/aavesa.com\/wp-content\/uploads\/2018\/10\/POP_8205-1024x683.jpg\" alt=\"Eleg\u00e1ns n\u0151 hossz\u00fa nercbund\u00e1t \u00e9s f\u00e9rfi szarvasb\u0151r kab\u00e1tot visel az \u00daj kollekci\u00f3 2018-2019-b\u0151l.\" width=\"800\" height=\"534\" srcset=\"https:\/\/aavesa.com\/wp-content\/uploads\/2018\/10\/POP_8205-1024x683.jpg 1024w, https:\/\/aavesa.com\/wp-content\/uploads\/2018\/10\/POP_8205-64x43.jpg 64w, https:\/\/aavesa.com\/wp-content\/uploads\/2018\/10\/POP_8205-300x200.jpg 300w, https:\/\/aavesa.com\/wp-content\/uploads\/2018\/10\/POP_8205-768x512.jpg 768w, https:\/\/aavesa.com\/wp-content\/uploads\/2018\/10\/POP_8205-1536x1024.jpg 1536w, https:\/\/aavesa.com\/wp-content\/uploads\/2018\/10\/POP_8205.jpg 1800w\" sizes=\"(max-width: 800px) 100vw, 800px\" \/><\/p>\n<h2 data-path-to-node=\"10\">Emelje fel t\u00e9li ruhat\u00e1r\u00e1t az \u00faj kollekci\u00f3nkkal 2018-2019<\/h2>\n<p data-path-to-node=\"11\">Hissz\u00fck, hogy a divatnak soha nem szabad fel\u00e1ldoznia a k\u00e9nyelmet. Ez az <b data-path-to-node=\"11\" data-index-in-node=\"61\">\u00daj kollekci\u00f3 2018-2019<\/b> a k\u00e9zm\u0171vess\u00e9g \u00e9s a modern eszt\u00e9tika egyed\u00fcl\u00e1ll\u00f3 kever\u00e9k\u00e9t mutatja be. Ak\u00e1r neh\u00e9z t\u00e9li v\u00e9delmet keres, ak\u00e1r egy eleg\u00e1ns \u0151szi r\u00e9teget, a terveink t\u00f6k\u00e9letes megold\u00e1st k\u00edn\u00e1lnak. Minden egyes darab t\u00fckr\u00f6zi a min\u0151s\u00e9g \u00e9s az autentikus st\u00edlus ir\u00e1nti szenved\u00e9ly\u00fcnket.   <\/p>\n<h2 data-path-to-node=\"12\">Mi\u00e9rt a term\u00e9szetes sz\u0151rme kab\u00e1tok egy \u00e9letre sz\u00f3l\u00f3 befektet\u00e9s<\/h2>\n<p data-path-to-node=\"13\">A term\u00e9szetes sz\u0151rzet t\u00f6bb mint egy szezon\u00e1lis v\u00e1s\u00e1rl\u00e1s. Hossz\u00fa t\u00e1v\u00fa befektet\u00e9st jelent az \u00d6n szem\u00e9lyes st\u00edlus\u00e1ba. A term\u00e9szetes anyagok legend\u00e1san ellen\u00e1ll\u00f3ak \u00e9s tart\u00f3sak. R\u00e1ad\u00e1sul a <b data-path-to-node=\"13\" data-index-in-node=\"189\">sz\u0151rmebund\u00e1k<\/b> klasszikus darabok maradnak, amelyek a v\u00e1ltoz\u00f3 divatokt\u00f3l f\u00fcggetlen\u00fcl trendik maradnak. P\u00f3tolhatatlanok, mert olyan szint\u0171 szigetel\u00e9st biztos\u00edtanak, amelyet a szintetikus anyagok nem tudnak el\u00e9rni.    <\/p>\n<h3 data-path-to-node=\"14\">A bunda \u00e9s a b\u00e1r\u00e1ny p\u00e1ratlan melegs\u00e9ge<\/h3>\n<p data-path-to-node=\"15\">\u00daj k\u00edn\u00e1latunkban k\u00fcl\u00f6nf\u00e9le b\u00e1r\u00e1ny \u00e9s nerc ruhadarabok szerepelnek, amelyeket saj\u00e1t gy\u00e1runkban k\u00e9sz\u00edt\u00fcnk. A teljes gy\u00e1rt\u00e1si folyamatot ellen\u0151rizz\u00fck a magas sz\u00ednvonal biztos\u00edt\u00e1sa \u00e9rdek\u00e9ben. Ezek a darabok melegen tartj\u00e1k \u00d6nt, f\u00fcggetlen\u00fcl a v\u00e1lasztott megjelen\u00e9st\u0151l. R\u00e1ad\u00e1sul a b\u00e1r\u00e1nyb\u0151r puha text\u00far\u00e1ja hihetetlen\u00fcl j\u00f3l esik a b\u0151r\u00f6n.   <\/p>\n<h2 data-path-to-node=\"17\">Sokoldal\u00fa st\u00edlusok a modern f\u00e9rfi \u00e9s n\u0151 sz\u00e1m\u00e1ra<\/h2>\n<p data-path-to-node=\"18\">A m\u0171hely\u00fcnkb\u0151l sz\u00e1rmaz\u00f3 b\u0151rruh\u00e1k \u00e9s -dzsekik eredeti m\u00f3don eg\u00e9sz\u00edtik ki \u00f6lt\u00f6z\u00e9k\u00e9t. Modern, alkalmi \u00e9s st\u00edlusos darabokat tervezt\u00fcnk, amelyek minden szem\u00e9lyis\u00e9gnek megfelelnek. K\u00f6vetkez\u00e9sk\u00e9ppen megtal\u00e1lhatja a t\u00f6k\u00e9letes ruh\u00e1t egy \u00fczleti megbesz\u00e9l\u00e9shez vagy egy laza v\u00e1rosi s\u00e9t\u00e1hoz. <a href=\"https:\/\/aavesa.com\/hu\/nok\/borkabatok-noknek\/\">Term\u00e9szetes b\u0151rb\u0151l k\u00e9sz\u00fclt ruhadarabjaink<\/a> az id\u0151 m\u00fal\u00e1s\u00e1val gy\u00f6ny\u00f6r\u0171 patin\u00e1t kapnak, ami m\u00e9g egyedibb\u00e9 teszi \u0151ket.   <\/p>\n<h2 data-path-to-node=\"19\">\u00c1tmenet az \u00e9vszakok k\u00f6z\u00f6tt st\u00edlussal<\/h2>\n<p data-path-to-node=\"20\">A v\u00e1ltoz\u00f3 id\u0151j\u00e1r\u00e1s rugalmas \u00f6lt\u00f6zk\u00f6d\u00e9si lehet\u0151s\u00e9geket ig\u00e9nyel. Ez\u00e9rt ebben a kollekci\u00f3ban sz\u00e1mos b\u00e1r\u00e1ny- \u00e9s r\u00f3kabunda mell\u00e9nyt k\u00edn\u00e1lunk. Ezek a darabok k\u00fcl\u00f6n\u00f6sen vonz\u00f3ak \u00e9s ide\u00e1lisak a kisz\u00e1m\u00edthatatlan \u0151szi \u00e9ghajlathoz. Fedezze fel a k\u00e9nyelmet, amelyet csak a term\u00e9szetes \u00f6lt\u00f6z\u00e9kek ny\u00fajthatnak. L\u00e1togasson el \u00fczleteinkbe vagy v\u00e1s\u00e1roljon online, hogy megtal\u00e1lja k\u00f6vetkez\u0151 kedvenc t\u00e9li darabj\u00e1t!    <\/p>\n<hr data-path-to-node=\"22\">\n<h3 data-path-to-node=\"23\"><b data-path-to-node=\"23\" data-index-in-node=\"0\">Gyakran ism\u00e9telt k\u00e9rd\u00e9sek (GYIK)<\/b><\/h3>\n<p data-path-to-node=\"24\"><b data-path-to-node=\"24\" data-index-in-node=\"0\">1. Mit\u0151l k\u00fcl\u00f6nleges az \u00daj kollekci\u00f3 2018-2019?<\/b>  Ez a kollekci\u00f3 a hagyom\u00e1nyos k\u00e9zm\u0171vess\u00e9g \u00e9s a modern v\u00e1g\u00e1sok \u00f6tv\u00f6z\u00e9s\u00e9re \u00f6sszpontos\u00edt, hogy id\u0151tlen eleganci\u00e1t \u00e9s kiv\u00e1l\u00f3 melegs\u00e9get biztos\u00edtson.<\/p>\n<p data-path-to-node=\"25\"><b data-path-to-node=\"25\" data-index-in-node=\"0\">2. Mi\u00e9rt \u00e9rdemes a term\u00e9szetes b\u0151rt v\u00e1lasztani a szintetikus lehet\u0151s\u00e9gek helyett?<\/b> A <b data-path-to-node=\"25\" data-index-in-node=\"63\">term\u00e9szetes b\u0151r<\/b> l\u00e9g\u00e1tereszt\u0151bb, tart\u00f3sabb \u00e9s k\u00e9nyelmesebb. Emellett sz\u00e9pen \u00f6regszik, ellent\u00e9tben a szintetikus anyagokkal, amelyek h\u00e1mlanak \u00e9s repedeznek. <\/p>\n<p data-path-to-node=\"26\"><b data-path-to-node=\"26\" data-index-in-node=\"0\">3. Neh\u00e9zek a sz\u0151rmebund\u00e1k ebben a kollekci\u00f3ban?<\/b> Fejlett cserz\u00e9si technik\u00e1kat alkalmazunk, hogy <b data-path-to-node=\"26\" data-index-in-node=\"96\">sz\u0151rmebund\u00e1ink<\/b> k\u00f6nny\u0171ek maradjanak, ugyanakkor maxim\u00e1lis h\u0151v\u00e9delmet ny\u00fajtsanak.<\/p>\n<p data-path-to-node=\"27\"><b data-path-to-node=\"27\" data-index-in-node=\"0\">4. F\u00e9rfi \u00e9s n\u0151i fazonokat is tal\u00e1lok az \u00faj term\u00e9kcsal\u00e1dban?<\/b>  Igen. A kollekci\u00f3 kab\u00e1tok, kab\u00e1tok \u00e9s mell\u00e9nyek sz\u00e9les v\u00e1laszt\u00e9k\u00e1t tartalmazza, amelyek kifejezetten f\u00e9rfiak \u00e9s n\u0151k sz\u00e1m\u00e1ra k\u00e9sz\u00fcltek. <\/p>\n<p data-path-to-node=\"28\"><b data-path-to-node=\"28\" data-index-in-node=\"0\">5. Hogyan v\u00e1lasszam ki a megfelel\u0151 m\u00e9retet a sz\u0151rmemell\u00e9nyhez?<\/b>  Javasoljuk, hogy n\u00e9zze meg r\u00e9szletes m\u00e9retkalauzunkat. A term\u00e9szetes anyagoknak k\u00e9nyelmesen kell illeszkedni\u00fck, hogy lehet\u0151v\u00e9 tegy\u00e9k a r\u00e9teges al\u00e1\u00f6lt\u00f6z\u00e9st. <\/p>\n<p data-path-to-node=\"29\"><b data-path-to-node=\"29\" data-index-in-node=\"0\">6. Hol gy\u00e1rtj\u00e1k az A&amp;A Vesa ruhadarabokat?<\/b>  Kollekci\u00f3nk minden darabj\u00e1t b\u00fcszk\u00e9n gy\u00e1rtjuk saj\u00e1t rom\u00e1niai gy\u00e1runkban, biztos\u00edtva a teljes min\u0151s\u00e9gellen\u0151rz\u00e9st.<\/p>\n","protected":false},"excerpt":{"rendered":"<p>A hideg \u00e9vszak gyorsan k\u00f6zeledik. Ez\u00e9rt a ruhat\u00e1r\u00e1nak azonnal alkalmazkodnia kell a cs\u00f6kken\u0151 h\u0151m\u00e9rs\u00e9klethez. Az A&amp;A Vesa Fur Factory-n\u00e1l elk\u00e9sz\u00edtett\u00fck \u00daj kollekci\u00f3nk 2018-2019-es kollekci\u00f3j\u00e1t, hogy m\u00e9lt\u00f3s\u00e1ggal k\u00f6sz\u00f6nts\u00fck a fagyot. Leg\u00fajabb kollekci\u00f3nkban gy\u00f6ny\u00f6r\u0171 sz\u0151rmekab\u00e1tok \u00e9s pr\u00e9mium min\u0151s\u00e9g\u0171 term\u00e9szetes b\u0151rb\u0151l k\u00e9sz\u00fclt ruhadarabokat, amelyeket f\u00e9rfiak \u00e9s n\u0151k sz\u00e1m\u00e1ra egyar\u00e1nt terveztek. Emelje fel t\u00e9li ruhat\u00e1r\u00e1t az \u00faj kollekci\u00f3nkkal 2018-2019 [&hellip;]<\/p>\n","protected":false},"author":11,"featured_media":96051,"comment_status":"closed","ping_status":"open","sticky":false,"template":"","format":"standard","meta":{"_acf_changed":false,"om_disable_all_campaigns":false,"inline_featured_image":false,"_monsterinsights_skip_tracking":false,"_monsterinsights_sitenote_active":false,"_monsterinsights_sitenote_note":"","_monsterinsights_sitenote_category":0,"footnotes":""},"categories":[917],"tags":[],"class_list":["post-97876","post","type-post","status-publish","format-standard","has-post-thumbnail","hentry","category-blog-hu"],"acf":[],"aioseo_notices":[],"_links":{"self":[{"href":"https:\/\/aavesa.com\/hu\/wp-json\/wp\/v2\/posts\/97876","targetHints":{"allow":["GET"]}}],"collection":[{"href":"https:\/\/aavesa.com\/hu\/wp-json\/wp\/v2\/posts"}],"about":[{"href":"https:\/\/aavesa.com\/hu\/wp-json\/wp\/v2\/types\/post"}],"author":[{"embeddable":true,"href":"https:\/\/aavesa.com\/hu\/wp-json\/wp\/v2\/users\/11"}],"replies":[{"embeddable":true,"href":"https:\/\/aavesa.com\/hu\/wp-json\/wp\/v2\/comments?post=97876"}],"version-history":[{"count":1,"href":"https:\/\/aavesa.com\/hu\/wp-json\/wp\/v2\/posts\/97876\/revisions"}],"predecessor-version":[{"id":98716,"href":"https:\/\/aavesa.com\/hu\/wp-json\/wp\/v2\/posts\/97876\/revisions\/98716"}],"wp:featuredmedia":[{"embeddable":true,"href":"https:\/\/aavesa.com\/hu\/wp-json\/wp\/v2\/media\/96051"}],"wp:attachment":[{"href":"https:\/\/aavesa.com\/hu\/wp-json\/wp\/v2\/media?parent=97876"}],"wp:term":[{"taxonomy":"category","embeddable":true,"href":"https:\/\/aavesa.com\/hu\/wp-json\/wp\/v2\/categories?post=97876"},{"taxonomy":"post_tag","embeddable":true,"href":"https:\/\/aavesa.com\/hu\/wp-json\/wp\/v2\/tags?post=97876"}],"curies":[{"name":"wp","href":"https:\/\/api.w.org\/{rel}","templated":true}]}}