

{"id":97880,"date":"2017-11-24T08:52:56","date_gmt":"2017-11-24T10:52:56","guid":{"rendered":"https:\/\/aavesa.com\/3-dolog-amit-a-vesa-ferfi-szormekollekciorol-tudnod-kell\/"},"modified":"2026-04-15T17:02:45","modified_gmt":"2026-04-15T19:02:45","slug":"3-dolog-amit-a-vesa-ferfi-szormekollekciorol-tudnod-kell","status":"publish","type":"post","link":"https:\/\/aavesa.com\/hu\/3-dolog-amit-a-vesa-ferfi-szormekollekciorol-tudnod-kell\/","title":{"rendered":"3 dolog, amit az A&amp;A Vesa f\u00e9rfi sz\u0151rmekollekci\u00f3r\u00f3l tudnod kell"},"content":{"rendered":"<p data-path-to-node=\"5\">Minden modern f\u00e9rfi saj\u00e1tos egyens\u00falyt keres a ruhat\u00e1r\u00e1ban: kompromisszumok n\u00e9lk\u00fcli min\u0151s\u00e9get, tisztess\u00e9ges \u00e1rakat \u00e9s korszer\u0171 megjelen\u00e9st. Leg\u00fajabb <a href=\"https:\/\/aavesa.com\/hu\/szorme-es-borruhazat-ferfiaknak\/\"><b data-path-to-node=\"5\" data-index-in-node=\"133\">f\u00e9rfi sz\u0151rmebund\u00e1k<\/b><\/a> kollekci\u00f3ja ezeket a v\u00e1gyakat el\u00e9g\u00edti ki a hagyom\u00e1nyos k\u00e9zm\u0171vess\u00e9g \u00e9s az aktu\u00e1lis kifut\u00f3 trendek \u00f6tv\u00f6z\u00e9s\u00e9vel. Hissz\u00fck, hogy a divat tiszta szenved\u00e9ly \u00e9s minden egyes r\u00e9szlet ir\u00e1nti m\u00e9ly szeretet. K\u00f6vetkez\u00e9sk\u00e9ppen \u00faj diz\u00e1jnjaink seg\u00edtenek abban, hogy \u00d6n magabiztosabbnak \u00e9s er\u0151teljesebbnek \u00e9rezze mag\u00e1t a mindennapokban.   <\/p>\n<h2 data-path-to-node=\"6\">A f\u00e9rfias elegancia \u00fajradefini\u00e1l\u00e1sa a f\u00e9rfi sz\u0151rmekab\u00e1tokkal<\/h2>\n<p data-path-to-node=\"7\">1994 \u00f3ta az A&amp;A Vesa mestere a term\u00e9szetes anyagokkal val\u00f3 munka m\u0171v\u00e9szet\u00e9nek, hogy vil\u00e1gsz\u00ednvonal\u00fa ruhadarabokat hozzon l\u00e9tre. Szigor\u00faan autentikus sz\u0151rm\u00e9ket \u00e9s b\u0151r\u00f6ket haszn\u00e1lunk, hogy minden v\u00e1s\u00e1rl\u00f3 sz\u00e1m\u00e1ra magas sz\u00ednvonal\u00fa \u00e9lm\u00e9nyt biztos\u00edtsunk. R\u00e1ad\u00e1sul ezeket a luxusdarabokat termel\u0151i \u00e1ron k\u00edn\u00e1ljuk, hogy a piacon a legjobb \u00e1r-\u00e9rt\u00e9k ar\u00e1nyt ny\u00fajtsuk. <b data-path-to-node=\"7\" data-index-in-node=\"314\">F\u00e9rfi sz\u0151rmebund\u00e1ink<\/b> nem csup\u00e1n ruhadarabok; ezek befektet\u00e9sek az \u00d6n szem\u00e9lyes m\u00e1rk\u00e1j\u00e1ba.   <\/p>\n<h2 data-path-to-node=\"8\">A luxus f\u00e9rfi sz\u0151rmekab\u00e1tok jellegzetes vonzereje<\/h2>\n<p data-path-to-node=\"9\">A pr\u00e9mium kateg\u00f3ri\u00e1s kab\u00e1t olyan alapvet\u0151 alapdarab, amely minden f\u00e9rfi szekr\u00e9ny\u00e9ben ott van. <b data-path-to-node=\"9\" data-index-in-node=\"78\">Luxus f\u00e9rfi sz\u0151rmebund\u00e1ink<\/b> z\u00f6kken\u0151mentesen illeszkednek a hivatalos \u00fczleti \u00f6lt\u00f6zk\u00f6d\u00e9s \u00e9s az alkalmi, sportos \u00f6lt\u00f6z\u00e9kek k\u00f6z\u00e9. Az eszt\u00e9tik\u00e1n t\u00fal ezek a term\u00e9kek kiv\u00e9teles meleget biztos\u00edtanak a legzordabb t\u00e9li h\u00f3napokban is. A term\u00e9szetes sz\u0151rme eleve sz\u00e9l\u00e1ll\u00f3 \u00e9s nedvess\u00e9gelvezet\u0151, \u00edgy sz\u00e1razon \u00e9s k\u00e9nyelmesen tartja \u00d6nt.   <\/p>\n<h3 data-path-to-node=\"10\">Kiv\u00e1l\u00f3 anyagok: Merin\u00f3 b\u00e1r\u00e1ny \u00e9s nappa b\u0151r<\/h3>\n<p data-path-to-node=\"11\">Csak a legfinomabb anyagokat haszn\u00e1ljuk, mint p\u00e9ld\u00e1ul a <a href=\"https:\/\/aavesa.com\/hu\/ferfiak\/shearling-kabatok-ferfiaknak-ferfiak\/\">merin\u00f3 b\u00e1r\u00e1nysz\u0151rme<\/a> \u00e9s a kiv\u00e1l\u00f3 min\u0151s\u00e9g\u0171<\/p>\n<p><img fetchpriority=\"high\" decoding=\"async\" class=\"aligncenter wp-image-18691\" title=\"Kifinomult f\u00e9rfi barna merin\u00f3i b\u00e1r\u00e1nyb\u0151rb\u0151l k\u00e9sz\u00fclt luxus f\u00e9rfi sz\u0151rmebund\u00e1t visel.\" src=\"http:\/\/www.aavesa.com\/wp-content\/uploads\/2017\/11\/fur_coats_men.jpg\" alt=\"Kifinomult f\u00e9rfi barna merin\u00f3i b\u00e1r\u00e1nyb\u0151rb\u0151l k\u00e9sz\u00fclt luxus f\u00e9rfi sz\u0151rmebund\u00e1t visel.\" width=\"679\" height=\"340\" srcset=\"https:\/\/aavesa.com\/wp-content\/uploads\/2017\/11\/fur_coats_men.jpg 1024w, https:\/\/aavesa.com\/wp-content\/uploads\/2017\/11\/fur_coats_men-64x32.jpg 64w, https:\/\/aavesa.com\/wp-content\/uploads\/2017\/11\/fur_coats_men-300x150.jpg 300w, https:\/\/aavesa.com\/wp-content\/uploads\/2017\/11\/fur_coats_men-768x384.jpg 768w\" sizes=\"(max-width: 679px) 100vw, 679px\" \/><\/p>\n<p data-path-to-node=\"11\">Nappa b\u0151r. Ezeket a b\u0151r\u00f6ket puha text\u00far\u00e1juk \u00e9s hihetetlen tart\u00f3ss\u00e1guk miatt v\u00e1lasztottuk. Megfelel\u0151 \u00e1pol\u00e1s mellett egy A&amp;A Vesa bunda ak\u00e1r t\u00f6bb mint 15 \u00e9vig is eltarthat. Ez a hossz\u00fa \u00e9lettartam teszi kollekci\u00f3nkat fenntarthat\u00f3 v\u00e1laszt\u00e1ss\u00e1 a k\u00f6rnyezettudatos fogyaszt\u00f3k sz\u00e1m\u00e1ra.   <\/p>\n<h2 data-path-to-node=\"13\">Magas st\u00edlus\u00fa b\u0151rdzsekik a modern \u00fariembereknek<\/h2>\n<p data-path-to-node=\"14\">A neh\u00e9z t\u00e9li viseletek mellett kollekci\u00f3nkban a <b data-path-to-node=\"14\" data-index-in-node=\"58\">st\u00edlusos b\u0151rdzsekik<\/b> is megtal\u00e1lhat\u00f3k, amelyek abszol\u00fat n\u00e9lk\u00fcl\u00f6zhetetlenek. Ezek a kab\u00e1tok a modern f\u00e9rfi szem\u00e9lyis\u00e9g\u00e9t t\u00fckr\u00f6zik: sokoldal\u00faak, er\u0151sek \u00e9s tagadhatatlanul magabiztosak. B\u0151rkab\u00e1tjainkat \u00fagy kezelj\u00fck, hogy ellen\u00e1lljanak a nedvess\u00e9gnek, \u00edgy id\u0151j\u00e1r\u00e1st\u00f3l f\u00fcggetlen\u00fcl t\u00f6k\u00e9letes megjelen\u00e9st biztos\u00edtunk. Ezek a darabok ide\u00e1lis sziluettet k\u00edn\u00e1lnak az \u0151szi \u00e1tmenetekhez vagy az enyhe t\u00e9li napokhoz.   <\/p>\n<p><img decoding=\"async\" class=\"aligncenter wp-image-18692\" title=\"K\u00f6zelk\u00e9p egy pr\u00e9mium nappa kivitel\u0171, magas st\u00edlus\u00fa b\u0151rdzsekir\u0151l\" src=\"http:\/\/www.aavesa.com\/wp-content\/uploads\/2017\/11\/leather_men_jackets.jpg\" alt=\"K\u00f6zelk\u00e9p egy pr\u00e9mium nappa kivitel\u0171, magas st\u00edlus\u00fa b\u0151rdzsekir\u0151l\" width=\"370\" height=\"370\" srcset=\"https:\/\/aavesa.com\/wp-content\/uploads\/2017\/11\/leather_men_jackets.jpg 2000w, https:\/\/aavesa.com\/wp-content\/uploads\/2017\/11\/leather_men_jackets-64x64.jpg 64w, https:\/\/aavesa.com\/wp-content\/uploads\/2017\/11\/leather_men_jackets-300x300.jpg 300w, https:\/\/aavesa.com\/wp-content\/uploads\/2017\/11\/leather_men_jackets-1024x1024.jpg 1024w, https:\/\/aavesa.com\/wp-content\/uploads\/2017\/11\/leather_men_jackets-150x150.jpg 150w, https:\/\/aavesa.com\/wp-content\/uploads\/2017\/11\/leather_men_jackets-768x768.jpg 768w, https:\/\/aavesa.com\/wp-content\/uploads\/2017\/11\/leather_men_jackets-1536x1536.jpg 1536w, https:\/\/aavesa.com\/wp-content\/uploads\/2017\/11\/leather_men_jackets-50x50.jpg 50w, https:\/\/aavesa.com\/wp-content\/uploads\/2017\/11\/leather_men_jackets-100x100.jpg 100w\" sizes=\"(max-width: 370px) 100vw, 370px\" \/><\/p>\n<p data-path-to-node=\"15\"><a href=\"https:\/\/aavesa.com\/hu\/ferfiak\/borkabatok-ferfiaknak\/\">N\u00e9zd meg b\u0151rdzseki st\u00edlusok gy\u0171jtem\u00e9ny\u00e9t, hogy megtal\u00e1ld a testalkatodnak megfelel\u0151 t\u00f6k\u00e9letes szab\u00e1st.<\/a><\/p>\n<h2 data-path-to-node=\"16\">A megjelen\u00e9s befejez\u00e9se: B\u0151r \u00e9s sz\u0151rme kieg\u00e9sz\u00edt\u0151k<\/h2>\n<p data-path-to-node=\"17\">Meg\u00e9rtj\u00fck, hogy minden egyes apr\u00f3 r\u00e9szlet megv\u00e1ltoztathatja egy f\u00e9rfi megjelen\u00e9s\u00e9t. Ez\u00e9rt a <b data-path-to-node=\"17\" data-index-in-node=\"99\">f\u00e9rfi sz\u0151rmebund\u00e1k<\/b> kollekci\u00f3ja k\u00e9zm\u0171ves kieg\u00e9sz\u00edt\u0151k sz\u00e9les v\u00e1laszt\u00e9k\u00e1t tartalmazza. A meleg sz\u0151rme sapk\u00e1kt\u00f3l az eleg\u00e1ns b\u0151rkeszty\u0171k\u00f6n \u00e1t a tart\u00f3s p\u00e9nzt\u00e1rc\u00e1kig mindent biztos\u00edtunk, ami az egys\u00e9ges megjelen\u00e9shez sz\u00fcks\u00e9ges.  <\/p>\n<p data-path-to-node=\"18\">Itt az ideje, hogy a glob\u00e1lis divat legforr\u00f3bb trendjeit k\u00f6vetve \u00fajra feltal\u00e1ld magad. L\u00e1togasson el \u00fczlet\u00fcnkbe, hogy megtapasztalja a kiv\u00e1l\u00f3 min\u0151s\u00e9g\u0171 luxust a lehet\u0151 legjobb \u00e1ron. V\u00e1rjuk visszajelz\u00e9seit arr\u00f3l, hogy \u00faj kollekci\u00f3nk hogyan emeli az \u00d6n st\u00edlus\u00e1t!  <\/p>\n<h3 data-path-to-node=\"22\"><b data-path-to-node=\"22\" data-index-in-node=\"0\">Gyakran ism\u00e9telt k\u00e9rd\u00e9sek (GYIK)<\/b><\/h3>\n<p data-path-to-node=\"23\"><b data-path-to-node=\"23\" data-index-in-node=\"0\">1. Milyen anyagokat haszn\u00e1lnak a f\u00e9rfi sz\u0151rmekollekci\u00f3ban?<\/b>  Kiz\u00e1r\u00f3lag kiv\u00e1l\u00f3 min\u0151s\u00e9g\u0171 term\u00e9szetes anyagokat haszn\u00e1lunk, t\u00f6bbek k\u00f6z\u00f6tt merin\u00f3i b\u00e1r\u00e1nysz\u0151rm\u00e9t, merin\u00f3i b\u00e1r\u00e1nyb\u0151rt \u00e9s pr\u00e9mium nappa b\u0151rt.<\/p>\n<p data-path-to-node=\"24\"><b data-path-to-node=\"24\" data-index-in-node=\"0\">2. Mennyi ideig tart egy luxus f\u00e9rfi sz\u0151rmebunda?<\/b>  Kiv\u00e1l\u00f3 cserz\u00e9si elj\u00e1r\u00e1sunknak \u00e9s term\u00e9szetes anyagainknak k\u00f6sz\u00f6nhet\u0151en egy Vesa kab\u00e1t alapvet\u0151 \u00e1pol\u00e1s mellett t\u00f6bb mint 15 \u00e9vig is eltarthat.<\/p>\n<p data-path-to-node=\"25\"><b data-path-to-node=\"25\" data-index-in-node=\"0\">3. V\u00edz\u00e1ll\u00f3ak a magas st\u00edlus\u00fa b\u0151rdzsekik?<\/b>  Igen, az \u00e1ltalunk kiv\u00e1lasztott b\u0151rt\u00edpusok term\u00e9szetes m\u00f3don ellen\u00e1llnak a nedvess\u00e9gnek, \u00edgy k\u00e9nyelmet \u00e9s v\u00e9delmet ny\u00fajtanak a hideg \u00e9vszakban.<\/p>\n<p data-path-to-node=\"26\"><b data-path-to-node=\"26\" data-index-in-node=\"0\">4. Lehet ezeket a sz\u0151rmebund\u00e1kat alkalmi ruh\u00e1kkal viselni?<\/b>  Abszol\u00fat. Diz\u00e1jnjaink rendk\u00edv\u00fcl sokoldal\u00faak, eleg\u00e1ns \u00f6lt\u00f6ny\u00f6kkel \u00e9s sportos, alkalmi \u00f6lt\u00f6zetekkel egyar\u00e1nt leny\u0171g\u00f6z\u0151en mutatnak. <\/p>\n<p data-path-to-node=\"27\"><b data-path-to-node=\"27\" data-index-in-node=\"0\">5. Mi\u00e9rt versenyk\u00e9pesebbek az A&amp;A Vesa \u00e1rak m\u00e1s luxusm\u00e1rk\u00e1kn\u00e1l?<\/b>  Mi k\u00f6zvetlen termel\u0151k vagyunk. Azzal, hogy 1994 \u00f3ta mindent saj\u00e1t gy\u00e1runkban gy\u00e1rtunk, kik\u00fcsz\u00f6b\u00f6lj\u00fck a k\u00f6zvet\u00edt\u0151i k\u00f6lts\u00e9geket \u00fcgyfeleink sz\u00e1m\u00e1ra. <\/p>\n<p data-path-to-node=\"28\"><b data-path-to-node=\"28\" data-index-in-node=\"0\">6. A kollekci\u00f3 tartalmaz f\u00e9rfi kieg\u00e9sz\u00edt\u0151ket is?<\/b>  Igen, kieg\u00e9sz\u00edt\u0151k teljes v\u00e1laszt\u00e9k\u00e1t k\u00edn\u00e1ljuk, bele\u00e9rtve a sz\u0151rme sapk\u00e1kat, b\u0151rkeszty\u0171ket \u00e9s b\u0151rt\u00e1rc\u00e1kat, hogy kieg\u00e9sz\u00edts\u00fck megjelen\u00e9s\u00e9t.<\/p>\n","protected":false},"excerpt":{"rendered":"<p>Minden modern f\u00e9rfi saj\u00e1tos egyens\u00falyt keres a ruhat\u00e1r\u00e1ban: kompromisszumok n\u00e9lk\u00fcli min\u0151s\u00e9get, tisztess\u00e9ges \u00e1rakat \u00e9s korszer\u0171 megjelen\u00e9st. Leg\u00fajabb f\u00e9rfi sz\u0151rmebund\u00e1k kollekci\u00f3ja ezeket a v\u00e1gyakat el\u00e9g\u00edti ki a hagyom\u00e1nyos k\u00e9zm\u0171vess\u00e9g \u00e9s az aktu\u00e1lis kifut\u00f3 trendek \u00f6tv\u00f6z\u00e9s\u00e9vel. Hissz\u00fck, hogy a divat tiszta szenved\u00e9ly \u00e9s minden egyes r\u00e9szlet ir\u00e1nti m\u00e9ly szeretet. K\u00f6vetkez\u00e9sk\u00e9ppen \u00faj diz\u00e1jnjaink seg\u00edtenek abban, hogy \u00d6n magabiztosabbnak [&hellip;]<\/p>\n","protected":false},"author":11,"featured_media":96007,"comment_status":"closed","ping_status":"open","sticky":false,"template":"","format":"standard","meta":{"_acf_changed":false,"om_disable_all_campaigns":false,"inline_featured_image":false,"_monsterinsights_skip_tracking":false,"_monsterinsights_sitenote_active":false,"_monsterinsights_sitenote_note":"","_monsterinsights_sitenote_category":0,"footnotes":""},"categories":[917],"tags":[],"class_list":["post-97880","post","type-post","status-publish","format-standard","has-post-thumbnail","hentry","category-blog-hu"],"acf":[],"aioseo_notices":[],"_links":{"self":[{"href":"https:\/\/aavesa.com\/hu\/wp-json\/wp\/v2\/posts\/97880","targetHints":{"allow":["GET"]}}],"collection":[{"href":"https:\/\/aavesa.com\/hu\/wp-json\/wp\/v2\/posts"}],"about":[{"href":"https:\/\/aavesa.com\/hu\/wp-json\/wp\/v2\/types\/post"}],"author":[{"embeddable":true,"href":"https:\/\/aavesa.com\/hu\/wp-json\/wp\/v2\/users\/11"}],"replies":[{"embeddable":true,"href":"https:\/\/aavesa.com\/hu\/wp-json\/wp\/v2\/comments?post=97880"}],"version-history":[{"count":1,"href":"https:\/\/aavesa.com\/hu\/wp-json\/wp\/v2\/posts\/97880\/revisions"}],"predecessor-version":[{"id":98784,"href":"https:\/\/aavesa.com\/hu\/wp-json\/wp\/v2\/posts\/97880\/revisions\/98784"}],"wp:featuredmedia":[{"embeddable":true,"href":"https:\/\/aavesa.com\/hu\/wp-json\/wp\/v2\/media\/96007"}],"wp:attachment":[{"href":"https:\/\/aavesa.com\/hu\/wp-json\/wp\/v2\/media?parent=97880"}],"wp:term":[{"taxonomy":"category","embeddable":true,"href":"https:\/\/aavesa.com\/hu\/wp-json\/wp\/v2\/categories?post=97880"},{"taxonomy":"post_tag","embeddable":true,"href":"https:\/\/aavesa.com\/hu\/wp-json\/wp\/v2\/tags?post=97880"}],"curies":[{"name":"wp","href":"https:\/\/api.w.org\/{rel}","templated":true}]}}