

{"id":97886,"date":"2017-08-15T12:10:26","date_gmt":"2017-08-15T14:10:26","guid":{"rendered":"https:\/\/aavesa.com\/valassz-termeszetes-szormebundat-es-mentsd-meg-a-bolygot\/"},"modified":"2026-04-22T04:15:00","modified_gmt":"2026-04-22T06:15:00","slug":"valassz-termeszetes-szormebundat-es-mentsd-meg-a-bolygot","status":"publish","type":"post","link":"https:\/\/aavesa.com\/hu\/valassz-termeszetes-szormebundat-es-mentsd-meg-a-bolygot\/","title":{"rendered":"V\u00e1lassz term\u00e9szetes sz\u0151rmebund\u00e1t \u00e9s mentsd meg a bolyg\u00f3t!"},"content":{"rendered":"<p data-path-to-node=\"9\">Az elm\u00falt \u00e9vekben a k\u00f6rnyezetv\u00e9delmi aggodalmak a hi\u00e1nyp\u00f3tl\u00f3 \u00e9rdekl\u0151d\u00e9sb\u0151l glob\u00e1lis priorit\u00e1ss\u00e1 v\u00e1ltak. A modern v\u00e1s\u00e1rl\u00f3k gyakran haszn\u00e1lj\u00e1k az olyan kifejez\u00e9seket, mint a &#8222;bio&#8221;, &#8222;fenntarthat\u00f3&#8221; \u00e9s &#8222;meg\u00fajul\u00f3&#8221;, amikor divatv\u00e1laszt\u00e1st hoznak. Sokan azonban m\u00e9g mindig a szintetikus alternat\u00edv\u00e1kat v\u00e1lasztj\u00e1k an\u00e9lk\u00fcl, hogy felismern\u00e9k az \u00f6kol\u00f3giai k\u00f6lts\u00e9geket. A <a href=\"https:\/\/aavesa.com\/hu\/\">term\u00e9szetes sz\u0151rmebunda<\/a> v\u00e1laszt\u00e1sa az egyik leghat\u00e9konyabb m\u00f3dja annak, hogy megments\u00fck a bolyg\u00f3t a m\u0171anyagszennyez\u00e9st\u0151l.   <\/p>\n<p data-path-to-node=\"9\"><img fetchpriority=\"high\" decoding=\"async\" class=\"aligncenter wp-image-5785 size-large\" title=\"K\u00f6zelk\u00e9p egy kiv\u00e1l\u00f3 min\u0151s\u00e9g\u0171 term\u00e9szetes sz\u0151rm\u00e9r\u0151l\" src=\"https:\/\/aavesa.com\/wp-content\/uploads\/2017\/08\/fur_coats-banner-1024x405.jpg\" alt=\"K\u00f6zelk\u00e9p egy kiv\u00e1l\u00f3 min\u0151s\u00e9g\u0171 term\u00e9szetes sz\u0151rm\u00e9r\u0151l\" width=\"800\" height=\"316\" srcset=\"https:\/\/aavesa.com\/wp-content\/uploads\/2017\/08\/fur_coats-banner-1024x405.jpg 1024w, https:\/\/aavesa.com\/wp-content\/uploads\/2017\/08\/fur_coats-banner-64x25.jpg 64w, https:\/\/aavesa.com\/wp-content\/uploads\/2017\/08\/fur_coats-banner-300x119.jpg 300w, https:\/\/aavesa.com\/wp-content\/uploads\/2017\/08\/fur_coats-banner-768x304.jpg 768w, https:\/\/aavesa.com\/wp-content\/uploads\/2017\/08\/fur_coats-banner-1536x607.jpg 1536w, https:\/\/aavesa.com\/wp-content\/uploads\/2017\/08\/fur_coats-banner.jpg 1920w\" sizes=\"(max-width: 800px) 100vw, 800px\" \/><\/p>\n<h2 data-path-to-node=\"10\">A szintetikus divat k\u00f6rnyezeti v\u00e1ls\u00e1ga<\/h2>\n<p data-path-to-node=\"11\">A m\u0171sz\u0151rme ir\u00e1nti roham k\u00fcl\u00f6n\u00f6sen aggaszt\u00f3 az \u00f6kosziszt\u00e9m\u00e1ink szempontj\u00e1b\u00f3l. A legt\u00f6bb m\u0171sz\u0151rme nejlonb\u00f3l, akrilb\u00f3l \u00e9s poli\u00e9szterb\u0151l \u00e1ll. A gy\u00e1rt\u00f3k ezeket a sz\u00e1lakat nem meg\u00fajul\u00f3 k\u0151olajb\u00f3l \u00e1ll\u00edtj\u00e1k el\u0151, ami l\u00e9nyeg\u00e9ben m\u0171anyag. K\u00f6vetkez\u00e9sk\u00e9ppen ezeknek a ruhadaraboknak t\u00f6bb sz\u00e1z \u00e9vbe telik, mire lebomlanak a hullad\u00e9klerak\u00f3kban. M\u00e9g rosszabb, hogy mikrom\u0171anyagokat bocs\u00e1tanak ki, amelyek m\u00e9rgezik a tengeri \u00e9l\u0151vil\u00e1got \u00e9s a v\u00edzrendszereket.    <\/p>\n<h2 data-path-to-node=\"12\">Mi\u00e9rt fenntarthat\u00f3 befektet\u00e9s a term\u00e9szetes sz\u0151rmebunda?<\/h2>\n<p data-path-to-node=\"13\">A m\u0171anyag alap\u00fa alternat\u00edv\u00e1kkal ellent\u00e9tben a term\u00e9szetes sz\u0151rmebunda teljesen meg\u00fajul\u00f3 er\u0151forr\u00e1s. A val\u00f3di sz\u0151rme tart\u00f3s, \u00fajrafelhaszn\u00e1lhat\u00f3, \u00e9s v\u00e9g\u00fcl teljesen biol\u00f3giailag leboml\u00f3. Egy kiv\u00e1l\u00f3 min\u0151s\u00e9g\u0171 sz\u0151rme darabot \u00e9vtizedekig viselhetsz, vagy ak\u00e1r gener\u00e1ci\u00f3kon kereszt\u00fcl is tov\u00e1bbadhatod.<a href=\"https:\/\/aavesa.com\/hu\/nok\/bundas-kabatok-es-bundas-dzsekik-noknek\/\"> Fedezze fel a hossz\u00fa \u00e9lettartam\u00fa term\u00e9szetes sz\u0151rmebund\u00e1k gy\u0171jtem\u00e9ny\u00e9t<\/a>, hogy megtal\u00e1lja azt a darabot, amely ki\u00e1llja az id\u0151 pr\u00f3b\u00e1j\u00e1t.  <\/p>\n<h3 data-path-to-node=\"14\">Biol\u00f3giai lebonthat\u00f3s\u00e1g vs. mikrom\u0171anyag-szennyez\u00e9s<\/h3>\n<p data-path-to-node=\"15\">Amikor v\u00e9g\u00fcl kidobja a term\u00e9szetes ruhadarabot, az m\u00e9rgez\u0151 nyomok n\u00e9lk\u00fcl t\u00e9r vissza a f\u00f6ldbe. Ezzel szemben a m\u0171sz\u0151rme minden mos\u00e1skor \u00e9s visel\u00e9skor apr\u00f3 szintetikus sz\u00e1lakat bocs\u00e1t ki mag\u00e1b\u00f3l. Ezek a mikrom\u0171anyagok ma m\u00e1r \u00f3ce\u00e1njaink legm\u00e9lyebb r\u00e9szein is megtal\u00e1lhat\u00f3k. Azzal, hogy term\u00e9szetes anyagokat v\u00e1lasztasz, akt\u00edvan seg\u00edtesz megmenteni a bolyg\u00f3t ett\u0151l a l\u00e1thatatlan vesz\u00e9lyt\u0151l.   <\/p>\n<h2 data-path-to-node=\"16\">Etikai norm\u00e1k \u00e9s a vadvil\u00e1g meg\u0151rz\u00e9se<\/h2>\n<p data-path-to-node=\"17\">A sz\u0151rmeipar szigor\u00fa helyi, nemzeti \u00e9s nemzetk\u00f6zi szab\u00e1lyokat k\u00f6vet. Ezek a t\u00f6rv\u00e9nyek biztos\u00edtj\u00e1k, hogy a rendelkez\u00e9sre \u00e1ll\u00f3 er\u0151forr\u00e1sokat a vadon \u00e9l\u0151 fajok kimer\u00edt\u00e9se n\u00e9lk\u00fcl haszn\u00e1ljuk fel. Az etikus gazd\u00e1lkod\u00e1s \u00e9s a szab\u00e1lyozott csapd\u00e1z\u00e1s seg\u00edt fenntartani a term\u00e9szet eg\u00e9szs\u00e9ges egyens\u00faly\u00e1t.  <\/p>\n<h2 data-path-to-node=\"18\">K\u00e9zm\u0171ves min\u0151s\u00e9g: A sz\u00e9nl\u00e1bnyom cs\u00f6kkent\u00e9se<\/h2>\n<p data-path-to-node=\"19\">A t\u00f6megesen gy\u00e1rtott m\u0171sz\u0151rme nagy, automatiz\u00e1lt gy\u00e1rakra t\u00e1maszkodik, amelyek hatalmas mennyis\u00e9g\u0171 fosszilis t\u00fczel\u0151anyagot fogyasztanak. A val\u00f3di sz\u0151rme ruhadarabok azonban \u00e1ltal\u00e1ban tehets\u00e9ges, szenved\u00e9lyes k\u00e9zm\u0171vesek munk\u00e1ja. Ez a k\u00e9zm\u0171ves megk\u00f6zel\u00edt\u00e9s l\u00e9nyegesen kevesebb energi\u00e1t ig\u00e9nyel. Az A&amp;A Vesa-n\u00e1l a k\u00e9zzel k\u00e9sz\u00edtett folyamat biztos\u00edtja, hogy minden egyes term\u00e9szetes sz\u0151rmebunda a min\u0151s\u00e9g \u00e9s az alacsonyabb k\u00e1rosanyag-kibocs\u00e1t\u00e1s ir\u00e1nti elk\u00f6telezetts\u00e9get t\u00fckr\u00f6zze.   <\/p>\n<h2 data-path-to-node=\"20\">Az \u0151slakos k\u00f6z\u00f6ss\u00e9gek \u00e9s \u00f6kosziszt\u00e9m\u00e1k t\u00e1mogat\u00e1sa<\/h2>\n<p data-path-to-node=\"21\">A sz\u0151rmekereskedelem vil\u00e1gszerte alapvet\u0151 t\u00e1mogat\u00e1st ny\u00fajt az \u0151slakosok sz\u00e1m\u00e1ra. Ezek a k\u00f6z\u00f6ss\u00e9gek a f\u00f6ld \u0151rz\u0151ik\u00e9nt m\u0171k\u00f6dnek. Ha nem tudn\u00e1nak sz\u0151rm\u00e9vel kereskedni, sokan olyan puszt\u00edt\u00f3 ipar\u00e1gak fel\u00e9 forduln\u00e1nak, mint a b\u00e1ny\u00e1szat vagy az olajf\u00far\u00e1s. A sz\u0151rmekereskedelem t\u00e1mogat\u00e1sa seg\u00edt meg\u00f3vni ezeket a ter\u00fcleteket az ipari kizs\u00e1km\u00e1nyol\u00e1st\u00f3l.   <\/p>\n<p data-path-to-node=\"22\">A mai kifut\u00f3k tele vannak fantasztikus val\u00f3di sz\u0151rm\u00e9vel, amely melegs\u00e9get \u00e9s luxust k\u00edn\u00e1l. Az \u00f6kol\u00f3giai el\u0151ny\u00f6ket figyelembe v\u00e9ve egyszer\u0171 a k\u00e9rd\u00e9s: mi\u00e9rt v\u00e1lasztan\u00e1nk m\u0171anyag m\u0171sz\u0151rm\u00e9t? V\u00e1lasszon felel\u0151sen ebben a szezonban, \u00e9s fektessen be egy olyan ruhadarabba, amely tiszteletben tartja a F\u00f6ldet.  <\/p>\n<hr data-path-to-node=\"23\">\n<h3 data-path-to-node=\"24\"><b data-path-to-node=\"24\" data-index-in-node=\"0\">Gyakran ism\u00e9telt k\u00e9rd\u00e9sek (GYIK)<\/b><\/h3>\n<p data-path-to-node=\"25\"><b data-path-to-node=\"25\" data-index-in-node=\"0\">1. Jobb a k\u00f6rnyezetnek a term\u00e9szetes sz\u0151rmebunda, mint a m\u0171sz\u0151rme?<\/b>  Igen. A term\u00e9szetes sz\u0151rme biol\u00f3giailag leboml\u00f3 \u00e9s meg\u00fajul\u00f3, m\u00edg a m\u0171sz\u0151rme k\u0151olajb\u00f3l k\u00e9sz\u00fcl, \u00e9s hozz\u00e1j\u00e1rul a mikrom\u0171anyag-szennyez\u00e9shez. <\/p>\n<p data-path-to-node=\"26\"><b data-path-to-node=\"26\" data-index-in-node=\"0\">2. Hogyan seg\u00edt a val\u00f3di sz\u0151rme visel\u00e9se a bolyg\u00f3 megment\u00e9s\u00e9ben?<\/b>  A val\u00f3di sz\u0151rme cs\u00f6kkenti a m\u0171anyag alap\u00fa divat ir\u00e1nti keresletet, \u00e9s t\u00e1mogatja a fenntarthat\u00f3 vadgazd\u00e1lkod\u00e1st \u00e9s az \u0151slakosok f\u00f6ldjeinek v\u00e9delm\u00e9t.<\/p>\n<p data-path-to-node=\"27\"><b data-path-to-node=\"27\" data-index-in-node=\"0\">3. K\u00f6veti-e a sz\u0151rmeipar az etikai ir\u00e1nyelveket?<\/b>  Az \u00e1gazatnak szigor\u00fa nemzetk\u00f6zi el\u0151\u00edr\u00e1sokat (p\u00e9ld\u00e1ul a CITES \u00e9s a WELFUR) kell k\u00f6vetnie az \u00e1llatj\u00f3l\u00e9t \u00e9s a fajmeg\u0151rz\u00e9s biztos\u00edt\u00e1sa \u00e9rdek\u00e9ben.<\/p>\n<p data-path-to-node=\"28\"><b data-path-to-node=\"28\" data-index-in-node=\"0\">4. Mennyi ideig tart a term\u00e9szetes sz\u0151rmebunda?<\/b>  Egy j\u00f3l \u00e1polt bunda 30 \u00e9vig vagy m\u00e9g tov\u00e1bb is eltarthat. Ez a hossz\u00fa \u00e9lettartam sokkal fenntarthat\u00f3bb\u00e1 teszi, mint a &#8222;fast fashion&#8221;. <\/p>\n<p data-path-to-node=\"29\"><b data-path-to-node=\"29\" data-index-in-node=\"0\">5. Biol\u00f3giailag leboml\u00f3ak-e a m\u0171sz\u0151rme kab\u00e1tok?<\/b>  Nem. A m\u0171sz\u0151rme szintetikus polimerekb\u0151l, p\u00e9ld\u00e1ul poli\u00e9szterb\u0151l \u00e9s akrilb\u00f3l k\u00e9sz\u00fcl, amelyeknek \u00e9vsz\u00e1zadokig eltarthat, am\u00edg lebomlanak. <\/p>\n<p data-path-to-node=\"30\"><b data-path-to-node=\"30\" data-index-in-node=\"0\">6. \u00dajra lehet-e hasznos\u00edtani a term\u00e9szetes sz\u0151rm\u00e9t?<\/b>  Abszol\u00fat. A r\u00e9gi sz\u0151rm\u00e9t \u00faj ruhadarabokk\u00e1, kieg\u00e9sz\u00edt\u0151kk\u00e9 vagy ak\u00e1r lakberendez\u00e9si t\u00e1rgyakk\u00e1 is \u00e1talak\u00edthatja, \u00edgy \u00e9vtizedekkel meghosszabb\u00edthatja az \u00e9letciklus\u00e1t. <\/p>\n","protected":false},"excerpt":{"rendered":"<p>Az elm\u00falt \u00e9vekben a k\u00f6rnyezetv\u00e9delmi aggodalmak a hi\u00e1nyp\u00f3tl\u00f3 \u00e9rdekl\u0151d\u00e9sb\u0151l glob\u00e1lis priorit\u00e1ss\u00e1 v\u00e1ltak. A modern v\u00e1s\u00e1rl\u00f3k gyakran haszn\u00e1lj\u00e1k az olyan kifejez\u00e9seket, mint a &#8222;bio&#8221;, &#8222;fenntarthat\u00f3&#8221; \u00e9s &#8222;meg\u00fajul\u00f3&#8221;, amikor divatv\u00e1laszt\u00e1st hoznak. Sokan azonban m\u00e9g mindig a szintetikus alternat\u00edv\u00e1kat v\u00e1lasztj\u00e1k an\u00e9lk\u00fcl, hogy felismern\u00e9k az \u00f6kol\u00f3giai k\u00f6lts\u00e9geket. A term\u00e9szetes sz\u0151rmebunda v\u00e1laszt\u00e1sa az egyik leghat\u00e9konyabb m\u00f3dja annak, hogy megments\u00fck a [&hellip;]<\/p>\n","protected":false},"author":11,"featured_media":95986,"comment_status":"closed","ping_status":"open","sticky":false,"template":"","format":"standard","meta":{"_acf_changed":false,"om_disable_all_campaigns":false,"inline_featured_image":false,"_monsterinsights_skip_tracking":false,"_monsterinsights_sitenote_active":false,"_monsterinsights_sitenote_note":"","_monsterinsights_sitenote_category":0,"footnotes":""},"categories":[917],"tags":[],"class_list":["post-97886","post","type-post","status-publish","format-standard","has-post-thumbnail","hentry","category-blog-hu"],"acf":[],"aioseo_notices":[],"_links":{"self":[{"href":"https:\/\/aavesa.com\/hu\/wp-json\/wp\/v2\/posts\/97886","targetHints":{"allow":["GET"]}}],"collection":[{"href":"https:\/\/aavesa.com\/hu\/wp-json\/wp\/v2\/posts"}],"about":[{"href":"https:\/\/aavesa.com\/hu\/wp-json\/wp\/v2\/types\/post"}],"author":[{"embeddable":true,"href":"https:\/\/aavesa.com\/hu\/wp-json\/wp\/v2\/users\/11"}],"replies":[{"embeddable":true,"href":"https:\/\/aavesa.com\/hu\/wp-json\/wp\/v2\/comments?post=97886"}],"version-history":[{"count":1,"href":"https:\/\/aavesa.com\/hu\/wp-json\/wp\/v2\/posts\/97886\/revisions"}],"predecessor-version":[{"id":98974,"href":"https:\/\/aavesa.com\/hu\/wp-json\/wp\/v2\/posts\/97886\/revisions\/98974"}],"wp:featuredmedia":[{"embeddable":true,"href":"https:\/\/aavesa.com\/hu\/wp-json\/wp\/v2\/media\/95986"}],"wp:attachment":[{"href":"https:\/\/aavesa.com\/hu\/wp-json\/wp\/v2\/media?parent=97886"}],"wp:term":[{"taxonomy":"category","embeddable":true,"href":"https:\/\/aavesa.com\/hu\/wp-json\/wp\/v2\/categories?post=97886"},{"taxonomy":"post_tag","embeddable":true,"href":"https:\/\/aavesa.com\/hu\/wp-json\/wp\/v2\/tags?post=97886"}],"curies":[{"name":"wp","href":"https:\/\/api.w.org\/{rel}","templated":true}]}}