

{"id":97889,"date":"2017-08-07T12:43:49","date_gmt":"2017-08-07T14:43:49","guid":{"rendered":"https:\/\/aavesa.com\/a-szormebundak-rovid-tortenete\/"},"modified":"2026-04-22T04:14:45","modified_gmt":"2026-04-22T06:14:45","slug":"a-szormebundak-rovid-tortenete","status":"publish","type":"post","link":"https:\/\/aavesa.com\/hu\/a-szormebundak-rovid-tortenete\/","title":{"rendered":"A sz\u0151rmebund\u00e1k r\u00f6vid t\u00f6rt\u00e9nete"},"content":{"rendered":"<p data-path-to-node=\"9\">Az ember a legkor\u00e1bbi id\u0151k \u00f3ta az \u00e1llati b\u0151r\u00f6kre t\u00e1maszkodik a t\u00fal\u00e9l\u00e9s \u00e9rdek\u00e9ben. A <a href=\"https:\/\/aavesa.com\/hu\/nok\/bundas-kabatok-es-bundas-dzsekik-noknek\/\">sz\u0151rmebund\u00e1k<\/a> t\u00f6rt\u00e9nete az\u00e9rt kezd\u0151d\u00f6tt, mert ezek ny\u00fajtott\u00e1k a leghat\u00e9konyabb v\u00e9delmet a brut\u00e1lis t\u00e9li hideg ellen. A term\u00e9szetes sz\u0151rme m\u00e9g ma is p\u00e1ratlan a melegs\u00e9ge, hihetetlen tart\u00f3ss\u00e1ga \u00e9s id\u0151tlen luxusa miatt.  <\/p>\n<p><img fetchpriority=\"high\" decoding=\"async\" class=\"aligncenter wp-image-5724 size-large\" title=\"Modern n\u0151i ny\u00edrbunda, amely kort\u00e1rs szab\u00e1ssal \u00e9s term\u00e9szetes text\u00far\u00e1val rendelkezik.\" src=\"https:\/\/aavesa.com\/wp-content\/uploads\/2017\/06\/D-_work_arhive_2016_vesa_haine-de-blana_new_com_Fur-2017-collection-1-1024x405.jpg\" alt=\"Modern n\u0151i ny\u00edrbunda, amely kort\u00e1rs szab\u00e1ssal \u00e9s term\u00e9szetes text\u00far\u00e1val rendelkezik.\" width=\"800\" height=\"316\" srcset=\"https:\/\/aavesa.com\/wp-content\/uploads\/2017\/06\/D-_work_arhive_2016_vesa_haine-de-blana_new_com_Fur-2017-collection-1-1024x405.jpg 1024w, https:\/\/aavesa.com\/wp-content\/uploads\/2017\/06\/D-_work_arhive_2016_vesa_haine-de-blana_new_com_Fur-2017-collection-1-64x25.jpg 64w, https:\/\/aavesa.com\/wp-content\/uploads\/2017\/06\/D-_work_arhive_2016_vesa_haine-de-blana_new_com_Fur-2017-collection-1-300x119.jpg 300w, https:\/\/aavesa.com\/wp-content\/uploads\/2017\/06\/D-_work_arhive_2016_vesa_haine-de-blana_new_com_Fur-2017-collection-1-768x304.jpg 768w, https:\/\/aavesa.com\/wp-content\/uploads\/2017\/06\/D-_work_arhive_2016_vesa_haine-de-blana_new_com_Fur-2017-collection-1-1536x607.jpg 1536w, https:\/\/aavesa.com\/wp-content\/uploads\/2017\/06\/D-_work_arhive_2016_vesa_haine-de-blana_new_com_Fur-2017-collection-1.jpg 1920w\" sizes=\"(max-width: 800px) 100vw, 800px\" \/><\/p>\n<h2 data-path-to-node=\"10\">T\u00fal\u00e9l\u00e9s \u00e9s m\u00e1gia: A term\u00e9szetes sz\u0151rme eredete<\/h2>\n<p data-path-to-node=\"11\">A korai t\u00e1rsadalmakban a vad\u00e1szok a sz\u0151rm\u00e9t nem csak ruh\u00e1zatnak tekintett\u00e9k. Harris Johnston 1971-ben megjelent, &#8222;F\u00fcggel\u00e9k a t\u00f6rt\u00e9nelemben&#8221; c\u00edm\u0171 k\u00f6nyve szerint a vad\u00e1szok hittek a &#8222;rag\u00e1lyos var\u00e1zslatban&#8221;. K\u00f6vetkez\u00e9sk\u00e9ppen \u00fagy gondolt\u00e1k, hogy a ragadoz\u00f3k ereje \u00e9s b\u00e1tors\u00e1ga \u00e1tragadhat az emberre. A farkas- vagy medveb\u0151r visel\u00e9s\u00e9vel a vad\u00e1sz elnyerte az \u00e1llat b\u00e1tors\u00e1g\u00e1t.   <\/p>\n<h2 data-path-to-node=\"12\">A st\u00e1tusz fejl\u0151d\u00e9se: A sz\u0151rme az \u00f3kori \u00e9s k\u00f6z\u00e9pkori t\u00e1rsadalmakban<\/h2>\n<p data-path-to-node=\"13\">Id\u0151vel a sz\u0151rme t\u00fal\u00e9l\u00e9si eszk\u00f6zb\u0151l a hatalom jelk\u00e9p\u00e9v\u00e9 v\u00e1lt. Az \u00f3kori Egyiptomban csak a kir\u00e1lyok \u00e9s a f\u0151papok viseltek sz\u0151rm\u00e9t a szent szertart\u00e1sokon. A 11. sz\u00e1zadra Nyugat-Eur\u00f3p\u00e1ban szigor\u00fa t\u00f6rv\u00e9nyek szab\u00e1lyozt\u00e1k, hogy ki viselhette ezeket a luxusruh\u00e1kat. A sz\u0151rme a t\u00e1rsadalmi r\u00e9tegz\u0151d\u00e9s \u00e9s a nemesi sz\u00e1rmaz\u00e1s v\u00e9gs\u0151 jelz\u0151je lett.   <\/p>\n<h3 data-path-to-node=\"14\">Kir\u00e1lyi monop\u00f3liumok \u00e9s t\u00e1rsadalmi r\u00e9tegz\u0151d\u00e9s<\/h3>\n<p data-path-to-node=\"15\">A nemesek gyakran a v\u00e9gletekig mentek a ritka pr\u00e9mek megszerz\u00e9s\u00e9\u00e9rt. Will Durant t\u00f6rt\u00e9n\u00e9sz megjegyezte, hogy egyes b\u00e1r\u00f3k m\u00e9g a f\u00f6ldjeiket is jelz\u00e1loggal terhelt\u00e9k, hogy hermelinbund\u00e1t v\u00e1s\u00e1roljanak a feles\u00e9geiknek. R\u00e1ad\u00e1sul a k\u00f6z\u00e9poszt\u00e1lybeli polg\u00e1roknak gyakran t\u00f6rv\u00e9nyesen megtiltott\u00e1k, hogy bizonyos sz\u0151rm\u00e9ket viseljenek. Ez a kiz\u00e1r\u00f3lagoss\u00e1g \u00e9vsz\u00e1zadokra megszil\u00e1rd\u00edtotta a sz\u0151rme \u00e9s az uralkod\u00f3 arisztokr\u00e1cia k\u00f6z\u00f6tti kapcsolatot.   <\/p>\n<p data-path-to-node=\"16\"><a href=\"https:\/\/aavesa.com\/hu\/nok\/noi-shearling-kabatok\/\">Fedezze fel pr\u00e9mium kateg\u00f3ri\u00e1s kollekci\u00f3nk n\u0151i ny\u00edrkab\u00e1t st\u00edlusait<\/a>, hogy megtal\u00e1lja a saj\u00e1t modern klasszikus\u00e1t.<\/p>\n<h2 data-path-to-node=\"17\">A sz\u0151rmekereskedelem \u00e9s a glob\u00e1lis kereskedelem felemelked\u00e9se<\/h2>\n<p data-path-to-node=\"18\">A divat ir\u00e1nti n\u00f6vekv\u0151 kereslet a nagy nemzetk\u00f6zi kereskedelmi \u00fatvonalak megnyit\u00e1s\u00e1hoz vezetett. A 20. sz\u00e1zad elej\u00e9re a n\u00e9met keresked\u0151k uralt\u00e1k a piacot a finom orosz sz\u0151rm\u00e9khez val\u00f3 hozz\u00e1f\u00e9r\u00e9s\u00fck r\u00e9v\u00e9n. A &#8222;sz\u0151rmekereskedelem eme urai&#8221; olyan monop\u00f3liumokat hoztak l\u00e9tre, amelyek a glob\u00e1lis gazdas\u00e1gokat alak\u00edtott\u00e1k. Ez a korszak v\u00e9g\u00fcl a luxust el\u00e9rhet\u0151bb\u00e9 tette a felt\u00f6rekv\u0151 keresked\u0151 oszt\u00e1lyok sz\u00e1m\u00e1ra.   <\/p>\n<h2 data-path-to-node=\"19\">A modern korszak: A f\u00e9rfi ny\u00edrb\u0151rkab\u00e1tt\u00f3l a High-Fashion kifut\u00f3kig<\/h2>\n<p data-path-to-node=\"20\">A technol\u00f3giai fejl\u0151d\u00e9s a m\u00falt sz\u00e1zadban forradalmas\u00edtotta az ipar\u00e1gat. A tervez\u0151k elkezdt\u00e9k a sz\u0151rm\u00e9t a gall\u00e9rok \u00e9s mandzsett\u00e1k kifinomult d\u00edsz\u00edt\u00e9sek\u00e9nt haszn\u00e1lni. Ez az \u00faj\u00edt\u00e1s olyan sokoldal\u00fa darabok megjelen\u00e9s\u00e9hez vezetett, mint a <b data-path-to-node=\"20\" data-index-in-node=\"208\">f\u00e9rfi bunda<\/b>, amely a robusztus haszn\u00e1lhat\u00f3s\u00e1got a divatos vonzer\u0151vel kombin\u00e1lta.  <\/p>\n<h3 data-path-to-node=\"21\">Hozz\u00e1f\u00e9rhet\u0151s\u00e9g \u00e9s technol\u00f3giai innov\u00e1ci\u00f3<\/h3>\n<p data-path-to-node=\"22\">Ma a kifinomult gy\u00e1rt\u00e1s k\u00f6nnyebb, k\u00e9nyelmesebb kialak\u00edt\u00e1st tesz lehet\u0151v\u00e9. A modern t\u00f6megm\u00e9dia \u00e9s a gyors kommunik\u00e1ci\u00f3 biztos\u00edtja, hogy a trendek azonnal elterjednek az eg\u00e9sz vil\u00e1gon. Ennek k\u00f6vetkezt\u00e9ben a <b data-path-to-node=\"22\" data-index-in-node=\"195\">n\u0151i ny\u00edrbunda<\/b> \u00e9s m\u00e1s sz\u0151rme ruhadarabok tov\u00e1bbra is minden \u00e9vben uralj\u00e1k a t\u00e9li kifut\u00f3kat.  <\/p>\n<p data-path-to-node=\"23\"><a href=\"https:\/\/aavesa.com\/hu\/ferfiak\/shearling-kabatok-ferfiaknak-ferfiak\/\">B\u00f6ng\u00e9sszen leg\u00fajabb f\u00e9rfi ny\u00edrb\u0151r kab\u00e1tjaink k\u00f6z\u00f6tt<\/a>, hogy olyan megjelen\u00e9st tal\u00e1ljon, amely \u00f6tv\u00f6zi a t\u00f6rt\u00e9nelmet a kort\u00e1rs st\u00edlussal.<\/p>\n<h2 data-path-to-node=\"24\">Mi\u00e9rt marad a sz\u0151rme id\u0151t\u00e1ll\u00f3an fontos<\/h2>\n<p data-path-to-node=\"25\">A sz\u0151rmebund\u00e1k nem csup\u00e1n egy trend, hanem az emberi tal\u00e1l\u00e9konys\u00e1g \u00f6r\u00f6ks\u00e9ge. A kollekt\u00edv \u00edzl\u00e9s \u00e9s a t\u00e1rsadalmi k\u00f6rnyezet azt sugallja, hogy a sz\u0151rme mindig is k\u00edv\u00e1natos ruhadarab marad. A bunda az \u00f6r\u00f6ks\u00e9g, a tart\u00f3ss\u00e1g \u00e9s a term\u00e9szeti vil\u00e1ggal val\u00f3 m\u00e9ly kapcsolat egyed\u00fcl\u00e1ll\u00f3 kever\u00e9k\u00e9t k\u00e9pviseli.  <\/p>\n<hr data-path-to-node=\"26\">\n<h3 data-path-to-node=\"27\"><b data-path-to-node=\"27\" data-index-in-node=\"0\">Gyakran ism\u00e9telt k\u00e9rd\u00e9sek (GYIK)<\/b><\/h3>\n<p data-path-to-node=\"28\"><b data-path-to-node=\"28\" data-index-in-node=\"0\">1. Mi a sz\u0151rmebund\u00e1k legkor\u00e1bbi t\u00f6rt\u00e9nete?<\/b>  A sz\u0151rmebund\u00e1k a t\u00f6rt\u00e9nelem el\u0151tti id\u0151kig ny\u00falnak vissza, amikor a t\u00fal\u00e9l\u00e9s \u00e9s a &#8222;rag\u00e1lyos var\u00e1zslat&#8221; \u00e9rdek\u00e9ben haszn\u00e1lt\u00e1k \u0151ket, hogy \u00e1llati er\u0151t nyerjenek.<\/p>\n<p data-path-to-node=\"29\"><b data-path-to-node=\"29\" data-index-in-node=\"0\">2. Mi\u00e9rt csak a kir\u00e1lyi csal\u00e1dok viselhettek sz\u0151rm\u00e9t a m\u00faltban?<\/b>  A k\u00f6z\u00e9pkori Eur\u00f3p\u00e1ban az egy\u00e9rtelm\u0171 t\u00e1rsadalmi hierarchia fenntart\u00e1sa \u00e9rdek\u00e9ben a k\u00f6z\u00e9poszt\u00e1ly sz\u00e1m\u00e1ra a sz\u0151rm\u00e9k visel\u00e9s\u00e9nek tilalma a k\u00f6z\u00e9pkori t\u00f6rv\u00e9nyek miatt nem volt megengedett.<\/p>\n<p data-path-to-node=\"30\"><b data-path-to-node=\"30\" data-index-in-node=\"0\">3. Mikor v\u00e1lt a sz\u0151rmekereskedelem glob\u00e1lis ipar\u00e1gg\u00e1?<\/b>  A sz\u0151rmekereskedelem a 11. \u00e9s a 20. sz\u00e1zad k\u00f6z\u00f6tt jelent\u0151sen b\u0151v\u00fclt, \u00e9s a n\u00e9met keresked\u0151k egykor glob\u00e1lis monop\u00f3liummal rendelkeztek.<\/p>\n<p data-path-to-node=\"31\"><b data-path-to-node=\"31\" data-index-in-node=\"0\">4. Term\u00e9szetes sz\u0151rme term\u00e9knek min\u0151s\u00fcl-e a n\u0151i ny\u00edrbunda?<\/b>  Igen, a shearling term\u00e9szetes juhb\u0151r, amelyet \u00fagy cserzettek, hogy a gyapj\u00fa m\u00e9g mindig rajta van, \u00e9s kiv\u00e9teles meleget biztos\u00edt.<\/p>\n<p data-path-to-node=\"32\"><b data-path-to-node=\"32\" data-index-in-node=\"0\">5. Hogyan v\u00e1ltoztatta meg a technol\u00f3gia a bund\u00e1k t\u00f6rt\u00e9net\u00e9t?<\/b>  A modern technol\u00f3gia lehet\u0151v\u00e9 teszi a v\u00e9konyabb, k\u00f6nnyebb \u00e9s sokoldal\u00fabb kialak\u00edt\u00e1st, \u00edgy a sz\u0151rme a mindennapi viselet sz\u00e1m\u00e1ra is el\u00e9rhet\u0151v\u00e9 v\u00e1lik.<\/p>\n<p data-path-to-node=\"33\"><b data-path-to-node=\"33\" data-index-in-node=\"0\">6. Mi\u00e9rt olyan n\u00e9pszer\u0171 a f\u00e9rfi ny\u00edrbunda a t\u00f6rt\u00e9nelemben?<\/b>  Tart\u00f3ss\u00e1ga \u00e9s melegs\u00e9ge miatt v\u00e1lt n\u00e9pszer\u0171v\u00e9, k\u00fcl\u00f6n\u00f6sen a pil\u00f3t\u00e1k \u00e9s a term\u00e9szetj\u00e1r\u00f3k k\u00f6r\u00e9ben a 20. sz\u00e1zad elej\u00e9n.<\/p>\n","protected":false},"excerpt":{"rendered":"<p>Az ember a legkor\u00e1bbi id\u0151k \u00f3ta az \u00e1llati b\u0151r\u00f6kre t\u00e1maszkodik a t\u00fal\u00e9l\u00e9s \u00e9rdek\u00e9ben. A sz\u0151rmebund\u00e1k t\u00f6rt\u00e9nete az\u00e9rt kezd\u0151d\u00f6tt, mert ezek ny\u00fajtott\u00e1k a leghat\u00e9konyabb v\u00e9delmet a brut\u00e1lis t\u00e9li hideg ellen. A term\u00e9szetes sz\u0151rme m\u00e9g ma is p\u00e1ratlan a melegs\u00e9ge, hihetetlen tart\u00f3ss\u00e1ga \u00e9s id\u0151tlen luxusa miatt. T\u00fal\u00e9l\u00e9s \u00e9s m\u00e1gia: A term\u00e9szetes sz\u0151rme eredete A korai t\u00e1rsadalmakban a [&hellip;]<\/p>\n","protected":false},"author":11,"featured_media":95984,"comment_status":"closed","ping_status":"open","sticky":false,"template":"","format":"standard","meta":{"_acf_changed":false,"om_disable_all_campaigns":false,"inline_featured_image":false,"_monsterinsights_skip_tracking":false,"_monsterinsights_sitenote_active":false,"_monsterinsights_sitenote_note":"","_monsterinsights_sitenote_category":0,"footnotes":""},"categories":[917],"tags":[],"class_list":["post-97889","post","type-post","status-publish","format-standard","has-post-thumbnail","hentry","category-blog-hu"],"acf":[],"aioseo_notices":[],"_links":{"self":[{"href":"https:\/\/aavesa.com\/hu\/wp-json\/wp\/v2\/posts\/97889","targetHints":{"allow":["GET"]}}],"collection":[{"href":"https:\/\/aavesa.com\/hu\/wp-json\/wp\/v2\/posts"}],"about":[{"href":"https:\/\/aavesa.com\/hu\/wp-json\/wp\/v2\/types\/post"}],"author":[{"embeddable":true,"href":"https:\/\/aavesa.com\/hu\/wp-json\/wp\/v2\/users\/11"}],"replies":[{"embeddable":true,"href":"https:\/\/aavesa.com\/hu\/wp-json\/wp\/v2\/comments?post=97889"}],"version-history":[{"count":1,"href":"https:\/\/aavesa.com\/hu\/wp-json\/wp\/v2\/posts\/97889\/revisions"}],"predecessor-version":[{"id":98968,"href":"https:\/\/aavesa.com\/hu\/wp-json\/wp\/v2\/posts\/97889\/revisions\/98968"}],"wp:featuredmedia":[{"embeddable":true,"href":"https:\/\/aavesa.com\/hu\/wp-json\/wp\/v2\/media\/95984"}],"wp:attachment":[{"href":"https:\/\/aavesa.com\/hu\/wp-json\/wp\/v2\/media?parent=97889"}],"wp:term":[{"taxonomy":"category","embeddable":true,"href":"https:\/\/aavesa.com\/hu\/wp-json\/wp\/v2\/categories?post=97889"},{"taxonomy":"post_tag","embeddable":true,"href":"https:\/\/aavesa.com\/hu\/wp-json\/wp\/v2\/tags?post=97889"}],"curies":[{"name":"wp","href":"https:\/\/api.w.org\/{rel}","templated":true}]}}