

{"id":97903,"date":"2017-01-08T18:37:26","date_gmt":"2017-01-08T20:37:26","guid":{"rendered":"https:\/\/aavesa.com\/szormet-viselni-vagy-nem-viselni-ez-a-kerdes\/"},"modified":"2026-05-01T08:55:49","modified_gmt":"2026-05-01T10:55:49","slug":"szormet-viselni-vagy-nem-viselni-ez-a-kerdes","status":"publish","type":"post","link":"https:\/\/aavesa.com\/hu\/szormet-viselni-vagy-nem-viselni-ez-a-kerdes\/","title":{"rendered":"Sz\u0151rm\u00e9t viselni vagy nem viselni? Ez a k\u00e9rd\u00e9s"},"content":{"rendered":"<p data-path-to-node=\"10\">A legt\u00f6bb n\u0151 el\u0151bb-ut\u00f3bb szembes\u00fcl a klasszikus divatdilemm\u00e1val: viselj\u00fcnk vagy ne viselj\u00fcnk sz\u0151rm\u00e9t? Mi az A&amp;A Vesa-n\u00e1l \u00fagy gondoljuk, hogy a v\u00e1lasz mindig egy hat\u00e1rozott &#8222;igen&#8221;. Ha a sz\u0151rme visel\u00e9se mellett d\u00f6nt, az nem csup\u00e1n melegs\u00e9get biztos\u00edt; p\u00e1ratlan magabiztoss\u00e1got \u00e9s professzion\u00e1lis, j\u00f3l \u00f6lt\u00f6z\u00f6tt k\u00fcls\u0151t k\u00f6lcs\u00f6n\u00f6z \u00d6nnek.  <\/p>\n<p><img fetchpriority=\"high\" decoding=\"async\" class=\"aligncenter wp-image-5524 size-full\" title=\"Profi n\u0151 term\u00e9szetes sz\u0151rme birkabund\u00e1t visel\" src=\"https:\/\/aavesa.com\/wp-content\/uploads\/2017\/01\/professional-woman-wearing-a-natural-fur-sheepskin-coat-1.jpg\" alt=\"Profi n\u0151 term\u00e9szetes sz\u0151rme birkabund\u00e1t visel\" width=\"890\" height=\"333\" srcset=\"https:\/\/aavesa.com\/wp-content\/uploads\/2017\/01\/professional-woman-wearing-a-natural-fur-sheepskin-coat-1.jpg 890w, https:\/\/aavesa.com\/wp-content\/uploads\/2017\/01\/professional-woman-wearing-a-natural-fur-sheepskin-coat-1-300x112.jpg 300w, https:\/\/aavesa.com\/wp-content\/uploads\/2017\/01\/professional-woman-wearing-a-natural-fur-sheepskin-coat-1-768x287.jpg 768w, https:\/\/aavesa.com\/wp-content\/uploads\/2017\/01\/professional-woman-wearing-a-natural-fur-sheepskin-coat-1-64x24.jpg 64w\" sizes=\"(max-width: 890px) 100vw, 890px\" \/><\/p>\n<h3 data-path-to-node=\"11\">A professzion\u00e1lis megjelen\u00e9s emel\u00e9se: Sz\u0151rme a munkahelyen<\/h3>\n<p data-path-to-node=\"12\">A term\u00e9szetes sz\u0151rme visel\u00e9se az irod\u00e1ban kiv\u00e9teles v\u00e1laszt\u00e1s a modern karrierista n\u0151k sz\u00e1m\u00e1ra. Ak\u00e1r egy bankban, ak\u00e1r egy kreat\u00edv \u00fcgyn\u00f6ks\u00e9gn\u00e9l dolgozik, egy sz\u0151rm\u00e9s darab megalapozza tekint\u00e9ly\u00e9t. Egy <a class=\"ng-star-inserted\" href=\"https:\/\/aavesa.com\/hu\/\" target=\"_blank\" rel=\"noopener\">A&amp;A Vesa sz\u0151rmekab\u00e1t vagy -dzseki<\/a> seg\u00edt ragyogni a munkahely\u00e9n. K\u00f6vetkez\u00e9sk\u00e9ppen koll\u00e9g\u00e1i \u00e9szreveszik majd a min\u0151s\u00e9g \u00e9s a kifinomult st\u00edlus ir\u00e1nti elk\u00f6telezetts\u00e9g\u00e9t.   <\/p>\n<h3 data-path-to-node=\"13\">A &#8222;Wow&#8221; hat\u00e1s: Term\u00e9szetes sz\u0151rme st\u00edlusa alkalmi kir\u00e1ndul\u00e1sokhoz<\/h3>\n<p data-path-to-node=\"14\">Ugyanilyen fontos, hogy a mindennapi \u00e9letben is st\u00edlusos legy\u00e9l. Ha bar\u00e1tokkal tal\u00e1lkozik vagy egy luxus bev\u00e1s\u00e1rl\u00f3k\u00f6zpontba l\u00e1togat, maradand\u00f3 benyom\u00e1st akar hagyni. K\u00f6nnyen el\u00e9rheti a &#8222;wow&#8221; hat\u00e1st, ha sz\u0171k b\u0151rleggingset p\u00e1ros\u00edt egy ropog\u00f3s feh\u00e9r inggel \u00e9s t\u0171sark\u00fa cip\u0151vel. Ehhez a kombin\u00e1ci\u00f3hoz egyszer\u0171en adjon hozz\u00e1 egy <a class=\"ng-star-inserted\" href=\"https:\/\/aavesa.com\/hu\/nok\/shearling-mellenyek-es-bundas-mellenyek-noknek\/\" target=\"_blank\" rel=\"noopener\">eleg\u00e1ns sz\u0151rmemell\u00e9nyt<\/a>, hogy eleg\u00e1ns, divatos \u00e9s k\u00e9nyelmes maradjon.   <\/p>\n<h3 data-path-to-node=\"15\">Kifinomults\u00e1g az \u00e9let nagy pillanataihoz<\/h3>\n<p data-path-to-node=\"16\">Az \u00e9let tele van olyan esem\u00e9nyekkel, amelyekhez egy kis el\u0151kel\u0151s\u00e9gre van sz\u00fcks\u00e9g. A nemzetk\u00f6zi konferenci\u00e1kt\u00f3l a meghitt csal\u00e1di \u00f6sszej\u00f6vetelekig a sz\u0151rm\u00e9k arisztokratikus eleganci\u00e1t \u00e1rasztanak. <\/p>\n<h4 data-path-to-node=\"17\">Arisztokratikus elegancia esk\u00fcv\u0151kre \u00e9s g\u00e1l\u00e1kra<\/h4>\n<p data-path-to-node=\"18\">Term\u00e9keinket eleg\u00e1ns est\u00e9lyi ruh\u00e1kkal p\u00e1ros\u00edtva \u00fagy \u00e9rezheti mag\u00e1t, mint egy szt\u00e1r a v\u00f6r\u00f6s sz\u0151nyegen. Nemcsak csod\u00e1l\u00f3kat fog gy\u0171jteni, hanem a csal\u00e1dja \u00e9s a t\u00e1rsai sz\u00e1m\u00e1ra is siker\u00e9lm\u00e9nyt fog sug\u00e1rozni. <\/p>\n<h4 data-path-to-node=\"19\">Maradand\u00f3 benyom\u00e1st kelteni az els\u0151 randin<\/h4>\n<p data-path-to-node=\"20\">Az els\u0151 benyom\u00e1s l\u00e9tfontoss\u00e1g\u00fa, k\u00fcl\u00f6n\u00f6sen a romantik\u00e1ban. Nemt\u0151l f\u00fcggetlen\u00fcl, egy kiv\u00e1l\u00f3 min\u0151s\u00e9g\u0171 sz\u0151rm\u00e9s darab kiv\u00e1l\u00f3 \u00edzl\u00e9sr\u0151l \u00e9s nyitotts\u00e1gr\u00f3l tan\u00faskodik. Azt mutatja a partnerednek, hogy \u00e9rt\u00e9keled a k\u00e9zm\u0171vess\u00e9get \u00e9s a luxust. R\u00e1ad\u00e1sul megv\u00e9di \u00d6nt az esti leh\u0171l\u00e9st\u0151l egy romantikus s\u00e9ta sor\u00e1n a holdf\u00e9nyben.   <\/p>\n<h3 data-path-to-node=\"21\">Mi\u00e9rt \u00e9rdemes minden nap a term\u00e9szetes sz\u0151rm\u00e9t v\u00e1lasztani<\/h3>\n<p data-path-to-node=\"22\">Minden alkalomnak megvan a maga &#8222;parf\u00fcmje&#8221;, a sz\u0151rme azonban szinte minden kontextusban haszn\u00e1lhat\u00f3. A kih\u00edv\u00e1s abban rejlik, hogy a t\u00f6k\u00e9letes megjelen\u00e9s megteremt\u00e9se \u00e9rdek\u00e9ben hogyan illeszted hozz\u00e1 a kieg\u00e9sz\u00edt\u0151ket. Az A&amp;A Vesa lehet\u0151s\u00e9get ad arra, hogy minden egyes reggel \u00e1t\u00f6lelje a luxust. Ez\u00e9rt ne habozzon, ha a sz\u0151rm\u00e9k sz\u00e9ps\u00e9g\u00e9t \u00e9s tart\u00f3ss\u00e1g\u00e1t v\u00e1lasztja \u00e1lland\u00f3 ruhat\u00e1r\u00e1ba.   <\/p>\n","protected":false},"excerpt":{"rendered":"<p>A legt\u00f6bb n\u0151 el\u0151bb-ut\u00f3bb szembes\u00fcl a klasszikus divatdilemm\u00e1val: viselj\u00fcnk vagy ne viselj\u00fcnk sz\u0151rm\u00e9t? Mi az A&amp;A Vesa-n\u00e1l \u00fagy gondoljuk, hogy a v\u00e1lasz mindig egy hat\u00e1rozott &#8222;igen&#8221;. Ha a sz\u0151rme visel\u00e9se mellett d\u00f6nt, az nem csup\u00e1n melegs\u00e9get biztos\u00edt; p\u00e1ratlan magabiztoss\u00e1got \u00e9s professzion\u00e1lis, j\u00f3l \u00f6lt\u00f6z\u00f6tt k\u00fcls\u0151t k\u00f6lcs\u00f6n\u00f6z \u00d6nnek. A professzion\u00e1lis megjelen\u00e9s emel\u00e9se: Sz\u0151rme a munkahelyen A term\u00e9szetes [&hellip;]<\/p>\n","protected":false},"author":11,"featured_media":95977,"comment_status":"closed","ping_status":"open","sticky":false,"template":"","format":"standard","meta":{"_acf_changed":false,"om_disable_all_campaigns":false,"inline_featured_image":false,"_monsterinsights_skip_tracking":false,"_monsterinsights_sitenote_active":false,"_monsterinsights_sitenote_note":"","_monsterinsights_sitenote_category":0,"footnotes":""},"categories":[887],"tags":[],"class_list":["post-97903","post","type-post","status-publish","format-standard","has-post-thumbnail","hentry","category-blog"],"acf":[],"aioseo_notices":[],"_links":{"self":[{"href":"https:\/\/aavesa.com\/hu\/wp-json\/wp\/v2\/posts\/97903","targetHints":{"allow":["GET"]}}],"collection":[{"href":"https:\/\/aavesa.com\/hu\/wp-json\/wp\/v2\/posts"}],"about":[{"href":"https:\/\/aavesa.com\/hu\/wp-json\/wp\/v2\/types\/post"}],"author":[{"embeddable":true,"href":"https:\/\/aavesa.com\/hu\/wp-json\/wp\/v2\/users\/11"}],"replies":[{"embeddable":true,"href":"https:\/\/aavesa.com\/hu\/wp-json\/wp\/v2\/comments?post=97903"}],"version-history":[{"count":5,"href":"https:\/\/aavesa.com\/hu\/wp-json\/wp\/v2\/posts\/97903\/revisions"}],"predecessor-version":[{"id":99053,"href":"https:\/\/aavesa.com\/hu\/wp-json\/wp\/v2\/posts\/97903\/revisions\/99053"}],"wp:featuredmedia":[{"embeddable":true,"href":"https:\/\/aavesa.com\/hu\/wp-json\/wp\/v2\/media\/95977"}],"wp:attachment":[{"href":"https:\/\/aavesa.com\/hu\/wp-json\/wp\/v2\/media?parent=97903"}],"wp:term":[{"taxonomy":"category","embeddable":true,"href":"https:\/\/aavesa.com\/hu\/wp-json\/wp\/v2\/categories?post=97903"},{"taxonomy":"post_tag","embeddable":true,"href":"https:\/\/aavesa.com\/hu\/wp-json\/wp\/v2\/tags?post=97903"}],"curies":[{"name":"wp","href":"https:\/\/api.w.org\/{rel}","templated":true}]}}