

{"id":97914,"date":"2015-08-22T23:04:30","date_gmt":"2015-08-23T01:04:30","guid":{"rendered":"https:\/\/aavesa.com\/uj-termekek-elinditottuk-a-2015-2016-os-szorme-ruhakollekcionkat\/"},"modified":"2026-04-11T08:10:12","modified_gmt":"2026-04-11T10:10:12","slug":"uj-termekek-elinditottuk-a-2015-2016-os-szorme-ruhakollekcionkat","status":"publish","type":"post","link":"https:\/\/aavesa.com\/hu\/uj-termekek-elinditottuk-a-2015-2016-os-szorme-ruhakollekcionkat\/","title":{"rendered":"\u00daJ TERM\u00c9KEK! Elind\u00edtottuk a 2015-2016-os sz\u0151rme ruhakollekci\u00f3nkat"},"content":{"rendered":"<p data-path-to-node=\"8\">A hideg \u00e9vszak k\u00f6zeledt\u00e9vel az A&amp;A Vesa b\u00fcszk\u00e9n mutatja be leg\u00fajabb, kiv\u00e1l\u00f3 min\u0151s\u00e9g\u0171 term\u00e9keit. Folyamatosan fejl\u0151d\u00fcnk, hogy l\u00e9p\u00e9st tartsunk a glob\u00e1lis divattrendekkel. Ez\u00e9rt megh\u00edvjuk \u00d6nt, hogy fedezze fel pr\u00e9mium <b data-path-to-node=\"8\" data-index-in-node=\"202\">sz\u0151rme ruhakollekci\u00f3nkat<\/b>, amelyet azok sz\u00e1m\u00e1ra tervezt\u00fcnk, akiknek fontos az elegancia \u00e9s a kiv\u00e1l\u00f3 melegs\u00e9g.  <\/p>\n<p><img fetchpriority=\"high\" decoding=\"async\" class=\"aligncenter wp-image-4528 size-large\" title=\"Egy modell az A&amp;A Vesa 2015-2016-os sz\u0151rmekollekci\u00f3j\u00e1nak luxus r\u00f6vid kab\u00e1tj\u00e1t mutatja be.\" src=\"https:\/\/aavesa.com\/wp-content\/uploads\/2016\/02\/1_-fur_coats-banner-1024x405.jpg\" alt=\"Egy modell az A&amp;A Vesa 2015-2016-os sz\u0151rmekollekci\u00f3j\u00e1nak luxus r\u00f6vid kab\u00e1tj\u00e1t mutatja be.\" width=\"800\" height=\"316\" srcset=\"https:\/\/aavesa.com\/wp-content\/uploads\/2016\/02\/1_-fur_coats-banner-1024x405.jpg 1024w, https:\/\/aavesa.com\/wp-content\/uploads\/2016\/02\/1_-fur_coats-banner-64x25.jpg 64w, https:\/\/aavesa.com\/wp-content\/uploads\/2016\/02\/1_-fur_coats-banner-300x119.jpg 300w, https:\/\/aavesa.com\/wp-content\/uploads\/2016\/02\/1_-fur_coats-banner-768x304.jpg 768w, https:\/\/aavesa.com\/wp-content\/uploads\/2016\/02\/1_-fur_coats-banner-1536x607.jpg 1536w, https:\/\/aavesa.com\/wp-content\/uploads\/2016\/02\/1_-fur_coats-banner.jpg 1920w\" sizes=\"(max-width: 800px) 100vw, 800px\" \/><\/p>\n<h2 data-path-to-node=\"9\">A t\u00e9li st\u00edlus felemel\u00e9se az \u00faj kollekci\u00f3nkkal<\/h2>\n<p data-path-to-node=\"10\">M\u00e1rk\u00e1nk minden \u00e9vben meger\u0151s\u00edti a luxus \u00e9s a tart\u00f3ss\u00e1g ir\u00e1nti elk\u00f6telezetts\u00e9g\u00e9t. Ez az <b data-path-to-node=\"10\" data-index-in-node=\"78\">\u00faj kollekci\u00f3<\/b> a kifinomult sziluettek \u00e9s a kifog\u00e1stalan kivitelez\u00e9s ir\u00e1nti szenved\u00e9ly\u00fcnket mutatja be. Hissz\u00fck, hogy egy <a href=\"https:\/\/aavesa.com\/hu\/\">t\u00e9likab\u00e1tnak<\/a> t\u00f6bbnek kell lennie, mint puszt\u00e1n funkcion\u00e1lisnak. K\u00f6vetkez\u00e9sk\u00e9ppen biztos\u00edtjuk, hogy minden egyes darab aktu\u00e1lis, kifinomult megjelen\u00e9st biztos\u00edtson a modern fogyaszt\u00f3 sz\u00e1m\u00e1ra.   <\/p>\n<h3 data-path-to-node=\"11\">A pr\u00e9mium k\u00e9zm\u0171vess\u00e9g tal\u00e1lkozik a modern trendekkel<\/h3>\n<p data-path-to-node=\"12\">Tervez\u0151ink a <b data-path-to-node=\"12\" data-index-in-node=\"64\">2015-2016-os <a href=\"https:\/\/aavesa.com\/hu\/nok\/bundas-kabatok-es-bundas-dzsekik-noknek\/\">sz\u0151rmekollekci\u00f3<\/a><\/b> bevezet\u00e9se el\u0151tt elemezt\u00e9k a meghat\u00e1roz\u00f3 elemeket. A cs\u00facskateg\u00f3ri\u00e1s anyagok term\u00e9szetes melegs\u00e9g\u00e9t \u00f6tv\u00f6zz\u00fck a kort\u00e1rs diz\u00e1jn r\u00e9szleteivel. Ennek eredm\u00e9nyek\u00e9nt szakembereink minden apr\u00f3 r\u00e9szletre \u00f6sszpontos\u00edtanak, az \u00e9l\u00e9nk sz\u00ednekt\u0151l az egyedi form\u00e1kig.  <\/p>\n<h2 data-path-to-node=\"13\">A 2015-2016-os sz\u0151rmekollekci\u00f3 meghat\u00e1roz\u00f3 elemei<\/h2>\n<p data-path-to-node=\"14\">Mi\u00e9rt v\u00e1lassza <b data-path-to-node=\"14\" data-index-in-node=\"15\">\u00faj kollekci\u00f3nkat<\/b>? Minden term\u00e9k\u00fcnkben, amelyet piacra dobunk, a hasznoss\u00e1got \u00e9s az \u00e9lvezetet \u00f6tv\u00f6zz\u00fck. Tervez\u0151ink figyelembe veszik a leg\u00fajabb nemzetk\u00f6zi trendeket, hogy id\u0151t\u00e1ll\u00f3 eszt\u00e9tik\u00e1t garant\u00e1ljanak. Emellett a visel\u0151 k\u00e9nyelm\u00e9t is el\u0151t\u00e9rbe helyezz\u00fck, hogy darabjainkat val\u00f3di \u00f6r\u00f6mmel viselj\u00e9k.   <\/p>\n<h2 data-path-to-node=\"16\">Hol tal\u00e1lja meg az A&amp;A Vesa luxus fels\u0151ruh\u00e1zatot?<\/h2>\n<p data-path-to-node=\"17\">A <b data-path-to-node=\"17\" data-index-in-node=\"19\">2015-2016-os sz\u0151rmekollekci\u00f3t<\/b> hivatalos weboldalunkon a &#8222;Term\u00e9kek&#8221; men\u00fcpontban csod\u00e1lhatja meg. Ezen k\u00edv\u00fcl szeretettel v\u00e1rjuk \u00d6nt fizikai \u00fczleteinkben Aradon, Bukarestben, Temesv\u00e1ron, Galatiban \u00e9s Konstanc\u00e1n. M\u00e1rk\u00e1nk gyakran vesz r\u00e9szt rangos ki\u00e1ll\u00edt\u00e1sokon Rom\u00e1ni\u00e1ban \u00e9s Eur\u00f3p\u00e1ban. Ezeken az esem\u00e9nyeken kifinomults\u00e1gunk \u00e9s innovat\u00edv formatervez\u00e9s\u00fcnk mindig kit\u0171nik.   <\/p>\n<h3 data-path-to-node=\"18\">L\u00e1togasson el \u00fczleteinkbe \u00e9s eur\u00f3pai ki\u00e1ll\u00edt\u00e1sainkra<\/h3>\n<p data-path-to-node=\"19\">V\u00e1rosi bemutat\u00f3termeink mellett Arad megy\u00e9ben tal\u00e1lhat\u00f3 a sz\u00e9khely\u00fcnk. A DN793-as sz\u00e1m\u00fa \u00faton, pontosabban Szeben \u00e9s Buteni k\u00f6z\u00f6tt tal\u00e1l minket. Ak\u00e1r sz\u0151rmemell\u00e9nyt, kab\u00e1tot vagy sapk\u00e1t keres, szak\u00e9rt\u0151ink k\u00e9szs\u00e9ggel \u00e1llnak rendelkez\u00e9s\u00e9re.  <\/p>\n<h2 data-path-to-node=\"21\">Etikai norm\u00e1k: Val\u00f3di sz\u0151rme az Eur\u00f3pai Uni\u00f3b\u00f3l<\/h2>\n<p data-path-to-node=\"22\">Az A&amp;A Vesa szigor\u00fa etikai norm\u00e1kat tart be minden term\u00e9k\u00fcnkkel kapcsolatban. Kab\u00e1tjainkat kiz\u00e1r\u00f3lag az Eur\u00f3pai Uni\u00f3b\u00f3l sz\u00e1rmaz\u00f3 val\u00f3di sz\u0151rm\u00e9b\u0151l k\u00e9sz\u00edtj\u00fck. A legfontosabb, hogy soha nem haszn\u00e1lunk vesz\u00e9lyeztetett fajokb\u00f3l sz\u00e1rmaz\u00f3 sz\u0151rm\u00e9t. Saj\u00e1t cserz\u0151\u00fczem\u00fcnk ellen\u0151rz\u00e9s\u00e9vel fenntarthat\u00f3 \u00e9s \u00e1tl\u00e1that\u00f3 gy\u00e1rt\u00e1si folyamatot garant\u00e1lunk.   <\/p>\n<hr data-path-to-node=\"23\">\n<h2 data-path-to-node=\"24\">Gyakran ism\u00e9telt k\u00e9rd\u00e9sek (GYIK)<\/h2>\n<p data-path-to-node=\"25\"><b data-path-to-node=\"25\" data-index-in-node=\"0\">1. Hol lehet megv\u00e1s\u00e1rolni a 2015-2016-os sz\u0151rmekollekci\u00f3t?<\/b>  A kollekci\u00f3t k\u00f6zvetlen\u00fcl a weboldalunkon vagy a nagyobb rom\u00e1niai v\u00e1rosokban tal\u00e1lhat\u00f3 bemutat\u00f3termeinkben v\u00e1s\u00e1rolhatja meg.<\/p>\n<p data-path-to-node=\"26\"><b data-path-to-node=\"26\" data-index-in-node=\"0\">2. Az A&amp;A Vesa \u00e1ltal haszn\u00e1lt sz\u0151rme etikusan sz\u00e1rmazik?<\/b>  Igen, az Eur\u00f3pai Uni\u00f3ban el\u0151\u00e1ll\u00edtott val\u00f3di sz\u0151rm\u00e9t haszn\u00e1lunk, betartva az \u00f6sszes k\u00f6rnyezetv\u00e9delmi \u00e9s \u00e1llatj\u00f3l\u00e9ti el\u0151\u00edr\u00e1st.<\/p>\n<p data-path-to-node=\"27\"><b data-path-to-node=\"27\" data-index-in-node=\"0\">3. Ez az \u00faj kollekci\u00f3 tartalmaz sz\u0151rm\u00e9s mell\u00e9nyeket \u00e9s sapk\u00e1kat?<\/b>  Abszol\u00fat. Kollekci\u00f3nkban sz\u0151rmebund\u00e1k, eleg\u00e1ns mell\u00e9nyek \u00e9s meleg sapk\u00e1k sz\u00e9les v\u00e1laszt\u00e9k\u00e1t k\u00edn\u00e1ljuk a t\u00e9li szezonra. <\/p>\n<p data-path-to-node=\"28\"><b data-path-to-node=\"28\" data-index-in-node=\"0\">4. Az A&amp;A Vesa term\u00e9keket Rom\u00e1ni\u00e1n k\u00edv\u00fcl is megtal\u00e1lom?<\/b>  Igen, rendszeresen bemutatjuk kollekci\u00f3inkat a luxus divatki\u00e1ll\u00edt\u00e1sokon Eur\u00f3pa-szerte.<\/p>\n<p data-path-to-node=\"29\"><b data-path-to-node=\"29\" data-index-in-node=\"0\">5. Hogyan tart l\u00e9p\u00e9st az A&amp;A Vesa a t\u00e9li divattrendekkel?<\/b>  Tervez\u0151ink \u00e9vente figyelemmel k\u00eds\u00e9rik a glob\u00e1lis diz\u00e1jn trendeket, hogy modern sz\u00edneket \u00e9s form\u00e1kat \u00e9p\u00edtsenek be klasszikus sz\u0151rme ruhadarabjainkba.<\/p>\n<p data-path-to-node=\"30\"><b data-path-to-node=\"30\" data-index-in-node=\"0\">6. Hol tal\u00e1lhat\u00f3 az A&amp;A Vesa f\u0151 gy\u00e1rt\u00f3\u00fczeme?<\/b>  F\u0151 l\u00e9tes\u00edtm\u00e9ny\u00fcnk \u00e9s bemutat\u00f3term\u00fcnk Arad megy\u00e9ben tal\u00e1lhat\u00f3, a DN793-as \u00faton, Szeben \u00e9s Buteni v\u00e1rosok k\u00f6z\u00f6tt.<\/p>\n","protected":false},"excerpt":{"rendered":"<p>A hideg \u00e9vszak k\u00f6zeledt\u00e9vel az A&amp;A Vesa b\u00fcszk\u00e9n mutatja be leg\u00fajabb, kiv\u00e1l\u00f3 min\u0151s\u00e9g\u0171 term\u00e9keit. Folyamatosan fejl\u0151d\u00fcnk, hogy l\u00e9p\u00e9st tartsunk a glob\u00e1lis divattrendekkel. Ez\u00e9rt megh\u00edvjuk \u00d6nt, hogy fedezze fel pr\u00e9mium sz\u0151rme ruhakollekci\u00f3nkat, amelyet azok sz\u00e1m\u00e1ra tervezt\u00fcnk, akiknek fontos az elegancia \u00e9s a kiv\u00e1l\u00f3 melegs\u00e9g. A t\u00e9li st\u00edlus felemel\u00e9se az \u00faj kollekci\u00f3nkkal M\u00e1rk\u00e1nk minden \u00e9vben meger\u0151s\u00edti a [&hellip;]<\/p>\n","protected":false},"author":11,"featured_media":95943,"comment_status":"closed","ping_status":"open","sticky":false,"template":"","format":"image","meta":{"_acf_changed":false,"om_disable_all_campaigns":false,"inline_featured_image":false,"_monsterinsights_skip_tracking":false,"_monsterinsights_sitenote_active":false,"_monsterinsights_sitenote_note":"","_monsterinsights_sitenote_category":0,"footnotes":""},"categories":[917],"tags":[],"class_list":["post-97914","post","type-post","status-publish","format-image","has-post-thumbnail","hentry","category-blog-hu","post_format-post-format-image"],"acf":[],"aioseo_notices":[],"_links":{"self":[{"href":"https:\/\/aavesa.com\/hu\/wp-json\/wp\/v2\/posts\/97914","targetHints":{"allow":["GET"]}}],"collection":[{"href":"https:\/\/aavesa.com\/hu\/wp-json\/wp\/v2\/posts"}],"about":[{"href":"https:\/\/aavesa.com\/hu\/wp-json\/wp\/v2\/types\/post"}],"author":[{"embeddable":true,"href":"https:\/\/aavesa.com\/hu\/wp-json\/wp\/v2\/users\/11"}],"replies":[{"embeddable":true,"href":"https:\/\/aavesa.com\/hu\/wp-json\/wp\/v2\/comments?post=97914"}],"version-history":[{"count":1,"href":"https:\/\/aavesa.com\/hu\/wp-json\/wp\/v2\/posts\/97914\/revisions"}],"predecessor-version":[{"id":98542,"href":"https:\/\/aavesa.com\/hu\/wp-json\/wp\/v2\/posts\/97914\/revisions\/98542"}],"wp:featuredmedia":[{"embeddable":true,"href":"https:\/\/aavesa.com\/hu\/wp-json\/wp\/v2\/media\/95943"}],"wp:attachment":[{"href":"https:\/\/aavesa.com\/hu\/wp-json\/wp\/v2\/media?parent=97914"}],"wp:term":[{"taxonomy":"category","embeddable":true,"href":"https:\/\/aavesa.com\/hu\/wp-json\/wp\/v2\/categories?post=97914"},{"taxonomy":"post_tag","embeddable":true,"href":"https:\/\/aavesa.com\/hu\/wp-json\/wp\/v2\/tags?post=97914"}],"curies":[{"name":"wp","href":"https:\/\/api.w.org\/{rel}","templated":true}]}}