

{"id":98212,"date":"2026-02-18T12:33:41","date_gmt":"2026-02-18T14:33:41","guid":{"rendered":"https:\/\/aavesa.com\/egy-rendkivuli-ev-4-nemzetkozi-csucskiallitas-tovabbviszi-markankat-ciff-premiere-vision-the-one-white\/"},"modified":"2026-04-22T04:14:27","modified_gmt":"2026-04-22T06:14:27","slug":"egy-rendkivuli-ev-4-nemzetkozi-csucskiallitas-tovabbviszi-markankat-ciff-premiere-vision-the-one-white","status":"publish","type":"post","link":"https:\/\/aavesa.com\/hu\/egy-rendkivuli-ev-4-nemzetkozi-csucskiallitas-tovabbviszi-markankat-ciff-premiere-vision-the-one-white\/","title":{"rendered":"Egy rendk\u00edv\u00fcli \u00e9v &#8211; 4 nemzetk\u00f6zi cs\u00facski\u00e1ll\u00edt\u00e1s tov\u00e1bbviszi m\u00e1rk\u00e1nkat: CIFF, Premi\u00e8re Vision, The One, White"},"content":{"rendered":"<p data-start=\"0\" data-end=\"431\">Az idei, 2026-os \u00e9v energikusan, ambici\u00f3zusan \u00e9s a jelenl\u00e9t\u00fcnk glob\u00e1lis kiterjeszt\u00e9s\u00e9nek egy\u00e9rtelm\u0171 v\u00e1gy\u00e1val kezd\u0151d\u00f6tt. Az \u00e9v elej\u00e9n n\u00e9gy neves nemzetk\u00f6zi ki\u00e1ll\u00edt\u00e1son vesz\u00fcnk r\u00e9szt: CIFF Koppenh\u00e1ga, Premi\u00e8re Vision P\u00e1rizs, The One Milano \u00e9s White Milano. Ez fontos l\u00e9p\u00e9s a fejleszt\u00e9si strat\u00e9gi\u00e1nkban, \u00e9s meger\u0151s\u00edti az \u00e1ltalunk k\u00f6vetett ir\u00e1nyt: innov\u00e1ci\u00f3, fenntarthat\u00f3s\u00e1g \u00e9s kiv\u00e1l\u00f3s\u00e1g a tervez\u00e9sben.  <\/p>\n<p data-start=\"433\" data-end=\"682\">Ezeken az esem\u00e9nyeken bemutatjuk \u00faj kollekci\u00f3inkat, k\u00f6zt\u00fck a <a href=\"https:\/\/aavesa.com\/hu\/\">sz\u0151rme- \u00e9s b\u0151rruh\u00e1zatot<\/a> &#8211; a hagyom\u00e1nyt, a k\u00e9zm\u0171ves mesters\u00e9get \u00e9s a kort\u00e1rs diz\u00e1jnt \u00f6tv\u00f6z\u0151 darabokat, amelyek a nemzetk\u00f6zi piac aktu\u00e1lis ig\u00e9nyeihez igazodnak.<\/p>\n<p data-start=\"684\" data-end=\"892\">Az ezeken az esem\u00e9nyeken val\u00f3 r\u00e9szv\u00e9tel\u00fcnk nem csak nemzetk\u00f6zi ismerts\u00e9get biztos\u00edt, hanem lehet\u0151s\u00e9get ad a partners\u00e9gek meger\u0151s\u00edt\u00e9s\u00e9re, \u00faj trendek felfedez\u00e9s\u00e9re \u00e9s a vil\u00e1g minden t\u00e1j\u00e1r\u00f3l \u00e9rkez\u0151 szakemberekkel val\u00f3 kapcsolatteremt\u00e9sre is.<\/p>\n<p><img fetchpriority=\"high\" decoding=\"async\" class=\"wp-image-98209 size-full\" title=\"CIFF Copenhaga, Premi\u00e8re Vision P\u00e1rizs, The One Milano \u00e9s White Milano\" src=\"https:\/\/aavesa.com\/wp-content\/uploads\/2026\/02\/WhatsApp-Image-2026-02-18-at-13.51.32.jpeg\" alt=\"CIFF Copenhaga, Premi\u00e8re Vision P\u00e1rizs, The One Milano \u00e9s White Milano\" width=\"1600\" height=\"494\" srcset=\"https:\/\/aavesa.com\/wp-content\/uploads\/2026\/02\/WhatsApp-Image-2026-02-18-at-13.51.32.jpeg 1600w, https:\/\/aavesa.com\/wp-content\/uploads\/2026\/02\/WhatsApp-Image-2026-02-18-at-13.51.32-300x93.jpeg 300w, https:\/\/aavesa.com\/wp-content\/uploads\/2026\/02\/WhatsApp-Image-2026-02-18-at-13.51.32-1024x316.jpeg 1024w, https:\/\/aavesa.com\/wp-content\/uploads\/2026\/02\/WhatsApp-Image-2026-02-18-at-13.51.32-768x237.jpeg 768w, https:\/\/aavesa.com\/wp-content\/uploads\/2026\/02\/WhatsApp-Image-2026-02-18-at-13.51.32-1536x474.jpeg 1536w, https:\/\/aavesa.com\/wp-content\/uploads\/2026\/02\/WhatsApp-Image-2026-02-18-at-13.51.32-64x20.jpeg 64w\" sizes=\"(max-width: 1600px) 100vw, 1600px\" \/><\/p>\n<h2 data-start=\"894\" data-end=\"932\">Mi\u00e9rt 2026 a strat\u00e9giai \u00e9v sz\u00e1munkra<\/h2>\n<p data-start=\"934\" data-end=\"1058\">A 2026-os \u00e9v t\u00f6bb mint egy \u00fajabb szakasz a napt\u00e1runkban. Ez egy olyan pillanat, amikor \u00fajra meger\u0151s\u00edthetj\u00fck azokat az \u00e9rt\u00e9keket, amelyek meghat\u00e1roznak benn\u00fcnket: <\/p>\n<p data-start=\"1060\" data-end=\"1194\">Kompromisszumok n\u00e9lk\u00fcli min\u0151s\u00e9g<br data-start=\"1086\" data-end=\"1089\">Hiteles \u00e9s innovat\u00edv formatervez\u00e9s<br data-start=\"1120\" data-end=\"1123\">Alkalmazkod\u00f3k\u00e9pess\u00e9g a glob\u00e1lis trendekhez<br data-start=\"1152\" data-end=\"1155\">Felel\u0151ss\u00e9g a k\u00f6rnyezet ir\u00e1nt<\/p>\n<p data-start=\"1196\" data-end=\"1446\">A n\u00e9gy nemzetk\u00f6zi ki\u00e1ll\u00edt\u00e1son val\u00f3 r\u00e9szv\u00e9tellel az eur\u00f3pai divatipar legfontosabb k\u00f6zpontjaiban poz\u00edcion\u00e1ljuk magunkat. Mindegyik esem\u00e9nynek saj\u00e1tos identit\u00e1sa van, \u00e9s jelenl\u00e9t\u00fcnk t\u00fckr\u00f6zi kollekci\u00f3ink soksz\u00edn\u0171s\u00e9g\u00e9t \u00e9s sokoldal\u00fas\u00e1g\u00e1t. <\/p>\n<h2 data-start=\"1448\" data-end=\"1507\">CIFF Koppenh\u00e1ga &#8211; Innov\u00e1ci\u00f3 \u00e9s skandin\u00e1v eszt\u00e9tika<\/h2>\n<h3 data-start=\"1508\" data-end=\"1525\">Mi a CIFF?<\/h3>\n<p data-start=\"1527\" data-end=\"1768\">A CIFF (Koppenh\u00e1gai Nemzetk\u00f6zi Divatv\u00e1s\u00e1r) \u00c9szak-Eur\u00f3pa egyik legfontosabb divatki\u00e1ll\u00edt\u00e1sa. A vibr\u00e1l\u00f3 Koppenh\u00e1g\u00e1ban megrendezett esem\u00e9nyen pr\u00e9mium m\u00e1rk\u00e1k, felt\u00f6rekv\u0151 tervez\u0151k \u00e9s nemzetk\u00f6zi v\u00e1s\u00e1rl\u00f3k tal\u00e1lkoznak. <\/p>\n<h3 data-start=\"1770\" data-end=\"1811\">Mi\u00e9rt vesz\u00fcnk r\u00e9szt a CIFF 2026-on?<\/h3>\n<p data-start=\"1813\" data-end=\"1844\">A CIFF arr\u00f3l ismert, hogy a k\u00f6vetkez\u0151kre \u00f6sszpontos\u00edt:<\/p>\n<ul>\n<li data-start=\"1846\" data-end=\"1934\">Minimalista design<\/li>\n<li data-start=\"1846\" data-end=\"1934\">Fenntarthat\u00f3s\u00e1g<\/li>\n<li data-start=\"1846\" data-end=\"1934\">Innov\u00e1ci\u00f3 az anyagok ter\u00e9n<\/li>\n<li data-start=\"1846\" data-end=\"1934\">Kreat\u00edv egy\u00fcttm\u0171k\u00f6d\u00e9sek<\/li>\n<\/ul>\n<p data-start=\"1936\" data-end=\"2220\">A 2026-os kollekci\u00f3ink t\u00f6k\u00e9letesen illeszkednek ehhez a skandin\u00e1v eszt\u00e9tik\u00e1hoz &#8211; letisztult, modern \u00e9s k\u00f6rnyezettudatos. A CIFF-en val\u00f3 r\u00e9szv\u00e9tel hozz\u00e1f\u00e9r\u00e9st biztos\u00edt sz\u00e1munkra a skandin\u00e1v piacokhoz, \u00e9s lehet\u0151v\u00e9 teszi sz\u00e1munkra, hogy \u00e9rt\u00e9kes kapcsolatokat alak\u00edtsunk ki a skandin\u00e1v, n\u00e9met \u00e9s holland kiskeresked\u0151kkel. <\/p>\n<h2 data-start=\"2222\" data-end=\"2296\">Premi\u00e8re Vision Paris &#8211; Az anyagok \u00e9s a textilipari innov\u00e1ci\u00f3 f\u0151v\u00e1rosa<\/h2>\n<h3 data-start=\"2297\" data-end=\"2325\">Glob\u00e1lis referenciaesem\u00e9ny<\/h3>\n<p data-start=\"2327\" data-end=\"2543\">A Premi\u00e8re Vision Paris a glob\u00e1lis textilipar egyik legbefoly\u00e1sosabb ki\u00e1ll\u00edt\u00e1sa. A P\u00e1rizs sz\u00edv\u00e9ben megrendez\u00e9sre ker\u00fcl\u0151 ki\u00e1ll\u00edt\u00e1son az anyagsz\u00e1ll\u00edt\u00f3k, a tervez\u0151k \u00e9s a vezet\u0151 m\u00e1rk\u00e1k tal\u00e1lkoznak. <\/p>\n<h3 data-start=\"2545\" data-end=\"2587\">C\u00e9ljaink a Premi\u00e8re Vision 2026-ban<\/h3>\n<p data-start=\"2589\" data-end=\"2620\">A 2026-os kiad\u00e1son a k\u00f6vetkez\u0151 c\u00e9lokat t\u0171zt\u00fck ki:<\/p>\n<ul>\n<li data-start=\"2622\" data-end=\"2809\">\u00daj kreat\u00edv ir\u00e1nyaink bemutat\u00e1sa<\/li>\n<li data-start=\"2622\" data-end=\"2809\">Innovat\u00edv anyagok azonos\u00edt\u00e1sa a j\u00f6v\u0151beli gy\u0171jtem\u00e9nyek sz\u00e1m\u00e1ra<\/li>\n<li data-start=\"2622\" data-end=\"2809\">A megl\u00e9v\u0151 partners\u00e9gek meger\u0151s\u00edt\u00e9se<\/li>\n<li data-start=\"2622\" data-end=\"2809\">Fenntarthat\u00f3 megold\u00e1sok felt\u00e1r\u00e1sa a termel\u00e9si l\u00e1ncon bel\u00fcl<\/li>\n<\/ul>\n<p data-start=\"2811\" data-end=\"2964\">A Premi\u00e8re Vision az a hely, ahol a trendek sz\u00fcletnek. R\u00e9szv\u00e9tel\u00fcnk versenyel\u0151nyh\u00f6z juttat minket, \u00e9s seg\u00edt el\u0151re l\u00e1tni az ipar\u00e1gon bel\u00fcli v\u00e1ltoz\u00e1sokat. <\/p>\n<h2 data-start=\"2966\" data-end=\"3016\">The One Milano &#8211; Elegancia \u00e9s olasz hagyom\u00e1nyok<\/h2>\n<h3 data-start=\"3017\" data-end=\"3050\">Platform pr\u00e9mium m\u00e1rk\u00e1k sz\u00e1m\u00e1ra<\/h3>\n<p data-start=\"3052\" data-end=\"3226\">A One Milano a kort\u00e1rs m\u00e1rk\u00e1knak \u00e9s a pr\u00e9mium szegmensnek szentelt esem\u00e9ny. A dinamikus Mil\u00e1n\u00f3ban megrendezett v\u00e1s\u00e1r a min\u0151s\u00e9gre, az eleganci\u00e1ra \u00e9s a kifinomults\u00e1gra \u00f6sszpontos\u00edt. <\/p>\n<h3 data-start=\"3228\" data-end=\"3270\">Mi\u00e9rt fontos sz\u00e1munkra a The One Milano<\/h3>\n<p data-start=\"3272\" data-end=\"3350\">Olaszorsz\u00e1g a divat egyik etalonja. A The One Milano rendezv\u00e9nyen val\u00f3 r\u00e9szv\u00e9tel lehet\u0151v\u00e9 teszi sz\u00e1munkra, hogy: <\/p>\n<ul>\n<li data-start=\"3352\" data-end=\"3507\">Pozicion\u00e1ljuk magunkat a nemzetk\u00f6zi pr\u00e9mium szegmensben<\/li>\n<li data-start=\"3352\" data-end=\"3507\">Kapcsolattart\u00e1s az olasz forgalmaz\u00f3kkal \u00e9s kiskeresked\u0151kkel<\/li>\n<li data-start=\"3352\" data-end=\"3507\">M\u00e1rk\u00e1nk eszt\u00e9tikai ir\u00e1nyvonal\u00e1nak \u00e9rv\u00e9nyes\u00edt\u00e9se<\/li>\n<\/ul>\n<p data-start=\"3509\" data-end=\"3638\">2026-ban kollekci\u00f3ink a hagyom\u00e1ny \u00e9s a modernit\u00e1s harmonikus kombin\u00e1ci\u00f3j\u00e1t t\u00fckr\u00f6zik &#8211; pontosan azt, amit a mil\u00e1n\u00f3i k\u00f6z\u00f6ns\u00e9g \u00e9rt\u00e9kel.<\/p>\n<h2 data-start=\"3640\" data-end=\"3684\">Feh\u00e9r Mil\u00e1n\u00f3 &#8211; Avantg\u00e1rd \u00e9s kreativit\u00e1s<\/h2>\n<h3 data-start=\"3685\" data-end=\"3720\">F\u00fcggetlen tervez\u0151k k\u00f6zpontja<\/h3>\n<p data-start=\"3722\" data-end=\"3902\">A White Milano elismert az innovat\u00edv m\u00e1rk\u00e1k \u00e9s f\u00fcggetlen tervez\u0151k t\u00e1mogat\u00e1s\u00e1\u00e9rt. A szint\u00e9n Mil\u00e1n\u00f3ban megrendezett esem\u00e9ny a k\u00eds\u00e9rletez\u00e9snek \u00e9s a kreat\u00edv kifejez\u00e9snek szentelt t\u00e9r. <\/p>\n<h3 data-start=\"3904\" data-end=\"3941\">Jelenl\u00e9t\u00fcnk a White Milano 2026-on<\/h3>\n<p data-start=\"3943\" data-end=\"3983\">A White Milan\u00f3ban val\u00f3 r\u00e9szv\u00e9tel a k\u00f6vetkez\u0151ket k\u00edn\u00e1lja sz\u00e1munkra:<\/p>\n<ul>\n<li data-start=\"3985\" data-end=\"4119\">L\u00e1that\u00f3s\u00e1g a nemzetk\u00f6zi vev\u0151k k\u00f6r\u00e9ben<\/li>\n<li data-start=\"3985\" data-end=\"4119\">A kreat\u00edv koncepci\u00f3k bemutat\u00e1s\u00e1nak platformja<\/li>\n<li data-start=\"3985\" data-end=\"4119\">Lehet\u0151s\u00e9g a szaksajt\u00f3val val\u00f3 kapcsolattart\u00e1sra<\/li>\n<\/ul>\n<p data-start=\"4121\" data-end=\"4246\">A White Milano az a hely, ahol a kreativit\u00e1s \u00e9letre kel, \u00e9s sz\u00e1munkra ez egy lehet\u0151s\u00e9g arra, hogy megmutassuk m\u00e1rk\u00e1nk hiteless\u00e9g\u00e9t.<\/p>\n<h2 data-start=\"4248\" data-end=\"4279\">Kreat\u00edv ir\u00e1nyok 2026-ra<\/h2>\n<p data-start=\"4281\" data-end=\"4368\">A 2026 elej\u00e9n bemutatott kollekci\u00f3k h\u00e1rom f\u0151 pill\u00e9r k\u00f6r\u00e9 \u00e9p\u00fclnek:<\/p>\n<ul>\n<li data-start=\"4370\" data-end=\"4543\">Val\u00f3di fenntarthat\u00f3s\u00e1g &#8211; tan\u00fas\u00edtott anyagok \u00e9s felel\u0151s elj\u00e1r\u00e1sok<\/li>\n<li data-start=\"4370\" data-end=\"4543\">Kort\u00e1rs design &#8211; tiszta vonalak \u00e9s modern v\u00e1g\u00e1sok<\/li>\n<li data-start=\"4370\" data-end=\"4543\">Intelligens funkcionalit\u00e1s &#8211; sokoldal\u00fa, adapt\u00e1lhat\u00f3 darabok<\/li>\n<\/ul>\n<p data-start=\"4545\" data-end=\"4687\">Az eur\u00f3pai v\u00e1rosok dinamik\u00e1j\u00e1b\u00f3l, a v\u00e1rosi kult\u00far\u00e1b\u00f3l, valamint az eszt\u00e9tikum \u00e9s a praktikum k\u00f6z\u00f6tti egyens\u00faly ir\u00e1nti jelenlegi ig\u00e9nyb\u0151l mer\u00edt\u00fcnk ihletet.<\/p>\n<h2 data-start=\"4689\" data-end=\"4724\">Mit jelent ez partnereink sz\u00e1m\u00e1ra<\/h2>\n<p data-start=\"4726\" data-end=\"4834\">Partnereink \u00e9s munkat\u00e1rsaink sz\u00e1m\u00e1ra a 2026-os n\u00e9gy nemzetk\u00f6zi ki\u00e1ll\u00edt\u00e1son val\u00f3 r\u00e9szv\u00e9tel\u00fcnk a k\u00f6vetkez\u0151ket jelenti:<\/p>\n<ul>\n<li data-start=\"4836\" data-end=\"4965\">K\u00f6zvetlen hozz\u00e1f\u00e9r\u00e9s az \u00faj gy\u0171jtem\u00e9nyekhez<\/li>\n<li data-start=\"4836\" data-end=\"4965\">Lehet\u0151s\u00e9g a forgalmaz\u00e1si strat\u00e9gi\u00e1k megvitat\u00e1s\u00e1ra<\/li>\n<li data-start=\"4836\" data-end=\"4965\">Vil\u00e1gos elk\u00e9pzel\u00e9s a m\u00e1rka ir\u00e1ny\u00e1r\u00f3l<\/li>\n<\/ul>\n<p data-start=\"4967\" data-end=\"5038\">C\u00e9lunk, hogy hossz\u00fa t\u00e1v\u00fa, bizalmon \u00e9s teljes\u00edtm\u00e9nyen alapul\u00f3 kapcsolatokat \u00e9p\u00edts\u00fcnk ki.<\/p>\n<h2 data-start=\"5040\" data-end=\"5063\">\u00daj fejezet kezd\u0151dik<\/h2>\n<p data-start=\"5065\" data-end=\"5270\">A 2026-os \u00e9v nagy l\u00e9p\u00e9sekkel \u00e9s vil\u00e1gos c\u00e9lkit\u0171z\u00e9sekkel kezd\u0151dik. A koppenh\u00e1gai CIFF, a p\u00e1rizsi Premi\u00e8re Vision, a The One Milano \u00e9s a White Milano rendezv\u00e9nyeken val\u00f3 r\u00e9szv\u00e9tel\u00fcnk \u00faj fejezetet jelent nemzetk\u00f6zi fejl\u0151d\u00e9s\u00fcnkben. <\/p>\n<p data-start=\"5272\" data-end=\"5434\">K\u00e9szen \u00e1llunk arra, hogy inspir\u00e1l\u00f3 kollekci\u00f3kat mutassunk be, er\u0151s partners\u00e9geket \u00e9p\u00edts\u00fcnk ki, \u00e9s megmutassuk, hogy siker\u00fcnk alapja a szenved\u00e9ly, a min\u0151s\u00e9g \u00e9s az innov\u00e1ci\u00f3.<\/p>\n<p data-start=\"5436\" data-end=\"5612\" data-is-last-node=\"\" data-is-only-node=\"\">Ez az \u00e9v eleje nem csup\u00e1n egy nemzetk\u00f6zi ki\u00e1ll\u00edt\u00e1ssorozat. Ez egy sz\u00e1nd\u00e9knyilatkozat: itt vagyunk, k\u00e9szen \u00e1llunk, \u00e9s bizakodva tekint\u00fcnk a j\u00f6v\u0151be. <\/p>\n","protected":false},"excerpt":{"rendered":"<p>Az idei, 2026-os \u00e9v energikusan, ambici\u00f3zusan \u00e9s a jelenl\u00e9t\u00fcnk glob\u00e1lis kiterjeszt\u00e9s\u00e9nek egy\u00e9rtelm\u0171 v\u00e1gy\u00e1val kezd\u0151d\u00f6tt. Az \u00e9v elej\u00e9n n\u00e9gy neves nemzetk\u00f6zi ki\u00e1ll\u00edt\u00e1son vesz\u00fcnk r\u00e9szt: CIFF Koppenh\u00e1ga, Premi\u00e8re Vision P\u00e1rizs, The One Milano \u00e9s White Milano. Ez fontos l\u00e9p\u00e9s a fejleszt\u00e9si strat\u00e9gi\u00e1nkban, \u00e9s meger\u0151s\u00edti az \u00e1ltalunk k\u00f6vetett ir\u00e1nyt: innov\u00e1ci\u00f3, fenntarthat\u00f3s\u00e1g \u00e9s kiv\u00e1l\u00f3s\u00e1g a tervez\u00e9sben. Ezeken az esem\u00e9nyeken [&hellip;]<\/p>\n","protected":false},"author":1,"featured_media":98210,"comment_status":"closed","ping_status":"closed","sticky":false,"template":"","format":"standard","meta":{"_acf_changed":false,"om_disable_all_campaigns":false,"inline_featured_image":false,"_monsterinsights_skip_tracking":false,"_monsterinsights_sitenote_active":false,"_monsterinsights_sitenote_note":"","_monsterinsights_sitenote_category":0,"footnotes":""},"categories":[917],"tags":[],"class_list":["post-98212","post","type-post","status-publish","format-standard","has-post-thumbnail","hentry","category-blog-hu"],"acf":[],"aioseo_notices":[],"_links":{"self":[{"href":"https:\/\/aavesa.com\/hu\/wp-json\/wp\/v2\/posts\/98212","targetHints":{"allow":["GET"]}}],"collection":[{"href":"https:\/\/aavesa.com\/hu\/wp-json\/wp\/v2\/posts"}],"about":[{"href":"https:\/\/aavesa.com\/hu\/wp-json\/wp\/v2\/types\/post"}],"author":[{"embeddable":true,"href":"https:\/\/aavesa.com\/hu\/wp-json\/wp\/v2\/users\/1"}],"replies":[{"embeddable":true,"href":"https:\/\/aavesa.com\/hu\/wp-json\/wp\/v2\/comments?post=98212"}],"version-history":[{"count":2,"href":"https:\/\/aavesa.com\/hu\/wp-json\/wp\/v2\/posts\/98212\/revisions"}],"predecessor-version":[{"id":98959,"href":"https:\/\/aavesa.com\/hu\/wp-json\/wp\/v2\/posts\/98212\/revisions\/98959"}],"wp:featuredmedia":[{"embeddable":true,"href":"https:\/\/aavesa.com\/hu\/wp-json\/wp\/v2\/media\/98210"}],"wp:attachment":[{"href":"https:\/\/aavesa.com\/hu\/wp-json\/wp\/v2\/media?parent=98212"}],"wp:term":[{"taxonomy":"category","embeddable":true,"href":"https:\/\/aavesa.com\/hu\/wp-json\/wp\/v2\/categories?post=98212"},{"taxonomy":"post_tag","embeddable":true,"href":"https:\/\/aavesa.com\/hu\/wp-json\/wp\/v2\/tags?post=98212"}],"curies":[{"name":"wp","href":"https:\/\/api.w.org\/{rel}","templated":true}]}}