

{"id":726,"count":15,"description":"<p class=\"text-center gogp\" style=\"text-align: left\">Emeld a ruhat\u00e1radat pr\u00e9mium b\u0151r\u00f6vek f\u00e9rfiaknak kollekci\u00f3nkkal, amely a st\u00edlust \u00e9s a funkcionalit\u00e1st egyes\u00edti. Ak\u00e1r mindennapi viselethez keresel sokoldal\u00fa kieg\u00e9sz\u00edt\u0151t, ak\u00e1r eleg\u00e1ns \u00e9rint\u00e9st a form\u00e1lis \u00f6lt\u00f6z\u00e9khez, borj\u00fab\u0151r, marhab\u0151r, fekete \u00e9s barna \u00f6vek sz\u00e9les v\u00e1laszt\u00e9ka k\u00edn\u00e1l megold\u00e1st minden alkalomra. <span id=\"dots\"><\/span><\/p> <div id=\"more\"> <h2 style=\"text-align: center\">Borj\u00fab\u0151r \u00d6vek F\u00e9rfiaknak<\/h2> <p class=\"text-center gogp\" style=\"text-align: left\">Borj\u00fab\u0151r \u00f6veink a legfinomabb borj\u00fab\u0151rb\u0151l k\u00e9sz\u00fclnek, amely sima text\u00far\u00e1j\u00e1r\u00f3l \u00e9s luxus \u00e9rzet\u00e9r\u0151l ismert. A borj\u00fab\u0151r puh\u00e1bb \u00e9s rugalmasabb, mint m\u00e1s b\u0151rt\u00edpusok, \u00edgy kiv\u00e1l\u00f3 v\u00e1laszt\u00e1s azok sz\u00e1m\u00e1ra, akik a k\u00e9nyelmet \u00e9s a kifinomults\u00e1got \u00e9rt\u00e9kelik. Ezek az \u00f6vek t\u00f6k\u00e9letesek form\u00e1lis alkalmakra vagy professzion\u00e1lis k\u00f6rnyezetbe, ahol a finom megjelen\u00e9s elengedhetetlen. A kiv\u00e1l\u00f3 min\u0151s\u00e9g\u0171 borj\u00fab\u0151r biztos\u00edtja, hogy az \u00f6ved sz\u00e9pen \u00f6regedjen, id\u0151vel gy\u00f6ny\u00f6r\u0171 patin\u00e1t fejlesztve.<\/p> <h2 style=\"text-align: center\">Marhab\u0151r \u00d6vek<\/h2> Azok sz\u00e1m\u00e1ra, akik a tart\u00f3ss\u00e1got \u00e9s a robusztus st\u00edlust helyezik el\u0151t\u00e9rbe, marhab\u0151r \u00f6veink ide\u00e1lis v\u00e1laszt\u00e1s. A feln\u0151tt marh\u00e1k strapab\u00edr\u00f3 b\u0151r\u00e9b\u0151l k\u00e9sz\u00fclt \u00f6vek vastagabbak \u00e9s robusztusabbak, kiv\u00e1l\u00f3 ellen\u00e1ll\u00e1st biztos\u00edtanak a kop\u00e1ssal szemben. Ezek az \u00f6vek sokoldal\u00faak \u00e9s alkalmasak mind laza, mind f\u00e9lig form\u00e1lis \u00f6lt\u00f6z\u00e9kekhez. Ak\u00e1r farmerrel \u00f6lt\u00f6z\u00f6l fel, ak\u00e1r a business casual \u00f6lt\u00f6zetedhez adsz egy befejez\u00e9st, a marhab\u0151r \u00f6v megb\u00edzhat\u00f3 \u00e9s st\u00edlusos v\u00e1laszt\u00e1s. <h2 style=\"text-align: center\">Fekete B\u0151r \u00d6v<\/h2> A fekete b\u0151r \u00f6v minden f\u00e9rfi ruhat\u00e1r\u00e1nak alapdarabja, p\u00e1ratlan sokoldal\u00fas\u00e1got \u00e9s kifinomults\u00e1got k\u00edn\u00e1l. Fekete \u00f6veink kollekci\u00f3ja borj\u00fa- \u00e9s marhab\u0151r opci\u00f3kat is tartalmaz, \u00edgy megtal\u00e1lhatod a t\u00f6k\u00e9letes \u00f6vet b\u00e1rmely \u00f6lt\u00f6zethez. A fekete \u00f6v k\u00f6nnyed\u00e9n p\u00e1ros\u00edthat\u00f3 \u00f6lt\u00f6nynadr\u00e1gokkal, zak\u00f3kkal \u00e9s ak\u00e1r laza farmerrel is, \u00edgy elengedhetetlen kieg\u00e9sz\u00edt\u0151 a divatra \u00e9rz\u00e9keny f\u00e9rfiak sz\u00e1m\u00e1ra. A fekete b\u0151r \u00f6v sima, f\u00e9nyes megjelen\u00e9se eleganci\u00e1t ad b\u00e1rmely \u00f6ssze\u00e1ll\u00edt\u00e1shoz, \u00edgy k\u00f6telez\u0151 darab a mindennapi viselethez \u00e9s k\u00fcl\u00f6nleges alkalmakhoz is. <h2 style=\"text-align: center\">Barna B\u0151r \u00d6v<\/h2> Hasonl\u00f3an elengedhetetlen egy kiv\u00e1l\u00f3 min\u0151s\u00e9g\u0171 barna b\u0151r \u00f6v, amely melegs\u00e9get \u00e9s gazdags\u00e1got ad a ruhat\u00e1radhoz. Barna \u00f6veink k\u00fcl\u00f6nb\u00f6z\u0151 \u00e1rnyalatokban kaphat\u00f3k, a vil\u00e1gos barn\u00e1t\u00f3l a s\u00f6t\u00e9t csokol\u00e1d\u00e9ig, lehet\u0151v\u00e9 t\u00e9ve, hogy megtal\u00e1ld a t\u00f6k\u00e9letes sz\u00ednt, amely kieg\u00e9sz\u00edti a st\u00edlusodat. A barna \u00f6v k\u00fcl\u00f6n\u00f6sen sokoldal\u00fa, j\u00f3l m\u0171k\u00f6dik laza \u00e9s form\u00e1lis \u00f6lt\u00f6z\u00e9kekkel egyar\u00e1nt. P\u00e1ros\u00edthatod khaki nadr\u00e1gokkal, chino nadr\u00e1gokkal vagy ak\u00e1r \u00f6lt\u00f6nnyel is, hogy st\u00edlusos \u00e9s koordin\u00e1lt megjelen\u00e9st \u00e9rj el. Mint fekete \u00f6veink, barna \u00f6veink is el\u00e9rhet\u0151k borj\u00fa- \u00e9s marhab\u0151rb\u0151l, lehet\u0151s\u00e9geket k\u00edn\u00e1lva minden preferenci\u00e1hoz. <h3 style=\"text-align: center\">Id\u0151tlen St\u00edlus \u00e9s Tart\u00f3ss\u00e1g<\/h3> Kollekci\u00f3nk minden \u00f6v\u00e9t gondos figyelemmel k\u00e9sz\u00edtett\u00e9k, hogy a legmagasabb min\u0151s\u00e9gi \u00e9s tart\u00f3ss\u00e1gi norm\u00e1knak megfeleljen. B\u0151r \u00f6veink strapab\u00edr\u00f3 csatokat \u00e9s meger\u0151s\u00edtett varr\u00e1sokat tartalmaznak, amelyek a mindennapi haszn\u00e1lat sor\u00e1n is meg\u0151rzik eleg\u00e1ns megjelen\u00e9s\u00fcket. Az \u00f6vek kivitelez\u00e9s\u00e9ben a r\u00e9szletekre val\u00f3 odafigyel\u00e9s biztos\u00edtja, hogy ne csak j\u00f3l n\u00e9zzenek ki, hanem tart\u00f3s teljes\u00edtm\u00e9nyt is ny\u00fajtsanak. <h2 style=\"text-align: center\">Sokoldal\u00fas\u00e1g \u00e9s Funkcionalit\u00e1s<\/h2> Eszt\u00e9tikai vonzerej\u00fck mellett b\u0151r \u00f6veink praktikusak is. A szab\u00e1lyozhat\u00f3 lyukak \u00e9s robusztus csatok biztos\u00edtj\u00e1k a k\u00e9nyelmes \u00e9s biztons\u00e1gos illeszked\u00e9st, m\u00edg a kiv\u00e1l\u00f3 min\u0151s\u00e9g\u0171 b\u0151r rugalmass\u00e1got \u00e9s ellen\u00e1ll\u00e1st ny\u00fajt. Ak\u00e1r \u00fczleti megbesz\u00e9l\u00e9sre, ak\u00e1r laza programra, ak\u00e1r form\u00e1lis esem\u00e9nyre k\u00e9sz\u00fclsz, \u00f6veink a st\u00edlus \u00e9s a funkcionalit\u00e1s t\u00f6k\u00e9letes kombin\u00e1ci\u00f3j\u00e1t k\u00edn\u00e1lj\u00e1k. <h2 style=\"text-align: center\">Befektet\u00e9s a Min\u0151s\u00e9gbe<\/h2> A pr\u00e9mium b\u0151r \u00f6vbe val\u00f3 befektet\u00e9s b\u00f6lcs d\u00f6nt\u00e9s minden f\u00e9rfi sz\u00e1m\u00e1ra, aki \u00e9rt\u00e9keli a min\u0151s\u00e9get \u00e9s a st\u00edlust. \u00d6veink tart\u00f3san k\u00e9sz\u00fclnek, id\u0151tlen vonzer\u0151t k\u00edn\u00e1lva, amely t\u00falmutat a szezon\u00e1lis divattrendeken. Az\u00e1ltal, hogy kollekci\u00f3nkb\u00f3l v\u00e1lasztasz, nemcsak a ruhat\u00e1radat fejleszted, hanem okos befektet\u00e9st is eszk\u00f6z\u00f6lsz egy tart\u00f3s \u00e9s st\u00edlusos kieg\u00e9sz\u00edt\u0151be.\r\n\u00d6sszess\u00e9g\u00e9ben f\u00e9rfi b\u0151r\u00f6vek kateg\u00f3ri\u00e1nk sz\u00e9les v\u00e1laszt\u00e9kot k\u00edn\u00e1l a kiv\u00e1l\u00f3 min\u0151s\u00e9g\u0171 borj\u00fab\u0151r, marhab\u0151r, fekete \u00e9s barna \u00f6vekb\u0151l. Minden \u00f6v gondos figyelemmel k\u00e9sz\u00fclt, biztos\u00edtva a tart\u00f3ss\u00e1got, k\u00e9nyelmet \u00e9s st\u00edlust. Fedezd fel kollekci\u00f3nkat m\u00e9g ma, \u00e9s tal\u00e1ld meg a t\u00f6k\u00e9letes b\u0151r \u00f6vet, amely emeli a ruhat\u00e1radat \u00e9s tart\u00f3s benyom\u00e1st kelt.\r\n\r\n<\/div> <div class=\"gogclass text-center\"><button id=\"myBtn\" class=\"gogbtn\">Read more<\/button><\/div>","link":"https:\/\/aavesa.com\/hu\/ferfiak\/borovek-ferfiaknak\/","name":"B\u0151r\u00f6vek F\u00e9rfiaknak","slug":"borovek-ferfiaknak","taxonomy":"product_cat","parent":725,"meta":[],"acf":[],"_links":{"self":[{"href":"https:\/\/aavesa.com\/hu\/wp-json\/wp\/v2\/product_cat\/726","targetHints":{"allow":["GET"]}}],"collection":[{"href":"https:\/\/aavesa.com\/hu\/wp-json\/wp\/v2\/product_cat"}],"about":[{"href":"https:\/\/aavesa.com\/hu\/wp-json\/wp\/v2\/taxonomies\/product_cat"}],"up":[{"embeddable":true,"href":"https:\/\/aavesa.com\/hu\/wp-json\/wp\/v2\/product_cat\/725"}],"wp:post_type":[{"href":"https:\/\/aavesa.com\/hu\/wp-json\/wp\/v2\/product?product_cat=726"}],"curies":[{"name":"wp","href":"https:\/\/api.w.org\/{rel}","templated":true}]}}