

{"id":743,"count":14,"description":"<p class=\"text-center gogp\">N\u0151i b\u0151rm\u0171keszty\u0171k\r\n\r\nFedezze fel v\u00e1logatott n\u0151i term\u00e9szetes b\u0151rm\u0171keszty\u0171inket, amelyek a kifinomults\u00e1got, funkcionalit\u00e1st \u00e9s id\u0151tlen st\u00edlust \u00f6tv\u00f6zik. Ide\u00e1lis a megfontolt n\u0151k sz\u00e1m\u00e1ra, akik \u00e9rt\u00e9kelik a st\u00edlust, valamint a hideg h\u00f3napokban sz\u00fcks\u00e9ges meleget \u00e9s k\u00e9nyelmet. Fedezze fel v\u00e1ltozatos v\u00e1laszt\u00e9kunkat hat k\u00fcl\u00f6nb\u00f6z\u0151 kateg\u00f3ri\u00e1ban: hossz\u00fa b\u0151rm\u0171keszty\u0171k, n\u0151i keszty\u0171k, legmelegebb keszty\u0171k, t\u00e9li keszty\u0171k, legjobb b\u0151rm\u0171keszty\u0171k \u00e9s fekete b\u0151rm\u0171keszty\u0171k. <span id=\"dots\"><\/span><\/p>\r\n\r\n<div id=\"more\">\r\n<p class=\"text-center gogp\">Hossz\u00fa B\u0151rm\u0171keszty\u0171k\r\n\r\nEmelje a divatot a k\u00f6vetkez\u0151 szintre hossz\u00fa b\u0151rm\u0171keszty\u0171inkkel. Ezek a keszty\u0171k a csukl\u00f3n t\u00fal ny\u00falnak, el\u00e9rve a k\u00f6ny\u00f6k\u00f6t vagy m\u00e9g magasabbra, \u00edgy ide\u00e1lisak form\u00e1lis esem\u00e9nyekre vagy st\u00edlusos kieg\u00e9sz\u00edt\u0151k\u00e9nt r\u00f6videbb ujj\u00fa kab\u00e1tokhoz. A hossz\u00fa b\u0151rm\u0171keszty\u0171k eleganci\u00e1t adnak, \u00e9s dr\u00e1mai m\u00f3don \u00e1talak\u00edthatj\u00e1k b\u00e1rmilyen ruh\u00e1t, nemcsak st\u00edlust, hanem extra meleget is biztos\u00edtva h\u0171v\u00f6s napokon.<\/p>\r\n\r\n<p class=\"text-center gogp\">N\u0151i Keszty\u0171k\r\n\r\nN\u0151i keszty\u0171ink v\u00e1laszt\u00e9ka a sokoldal\u00fas\u00e1gra \u00e9s st\u00edlusra \u00f6sszpontos\u00edt. A kezek kont\u00farj\u00e1hoz t\u00f6k\u00e9letesen illeszked\u0151 keszty\u0171ink k\u00fcl\u00f6nb\u00f6z\u0151 diz\u00e1jnokban \u00e9s sz\u00ednekben kaphat\u00f3k. Legyen sz\u00f3 vezet\u00e9sr\u0151l, k\u00fcl\u00f6nleges esem\u00e9nyr\u0151l vagy egyszer\u0171 s\u00e9t\u00e1r\u00f3l a friss id\u0151ben, n\u0151i keszty\u0171ink a praktikumot \u00e9s a divatos megjelen\u00e9st \u00f6tv\u00f6zik, \u00edgy elengedhetetlen kieg\u00e9sz\u00edt\u0151k minden ruhat\u00e1rban.<\/p>\r\n\r\n<p class=\"text-center gogp\">Legmelegebb Keszty\u0171k\r\n\r\nHa a legnagyobb meleget keresed an\u00e9lk\u00fcl, hogy a st\u00edlus \u00e1ldozatul esne, akkor a legmelegebb keszty\u0171ink ide\u00e1lisak sz\u00e1modra. B\u00e9l\u00e9se szigetel\u0151 anyagokkal, p\u00e9ld\u00e1ul pol\u00e1r anyaggal vagy h\u0151szigetel\u0151 sz\u00f6vetekkel van ell\u00e1tva, \u00edgy kezed melegen tartj\u00e1k m\u00e9g a leghidegebb k\u00f6r\u00fclm\u00e9nyek k\u00f6z\u00f6tt is. T\u00e9li kalandokhoz vagy fagyos id\u0151j\u00e1r\u00e1s\u00fa rutin tev\u00e9kenys\u00e9gekhez t\u00f6k\u00e9letesek, k\u00e9nyelmet \u00e9s v\u00e9delmet ny\u00fajtva az elemek ellen.<\/p>\r\n\r\n<p class=\"text-center gogp\">T\u00e9li Keszty\u0171k\r\n\r\nT\u00e9li keszty\u0171inket kifejezetten a hideg id\u0151j\u00e1r\u00e1s kem\u00e9ny val\u00f3s\u00e1g\u00e1nak kezel\u00e9s\u00e9re tervezt\u00fck. Kiv\u00e1l\u00f3 min\u0151s\u00e9g\u0171 term\u00e9szetes b\u0151rb\u0151l k\u00e9sz\u00fclnek, tart\u00f3sak \u00e9s ellen\u00e1llnak a sz\u00e9lnek \u00e9s a nedvess\u00e9gnek, \u00edgy alapvet\u0151 r\u00e9szei t\u00e9li ruh\u00e1zat\u00e1nak. K\u00fcl\u00f6nb\u00f6z\u0151 illeszked\u00e9sekben \u00e9s st\u00edlusokban el\u00e9rhet\u0151k, melegen tartanak, mik\u00f6zben l\u00e9legz\u0151k \u00e9s k\u00e9nyelmesek maradnak.<\/p>\r\n\r\n<p class=\"text-center gogp\">Legjobb B\u0151rm\u0171keszty\u0171k\r\n\r\nFedezze fel a legjobb b\u0151rm\u0171keszty\u0171inket, amelyek a min\u0151s\u00e9g\u00fckr\u0151l, k\u00e9zm\u0171vess\u00e9g\u00fckr\u0151l \u00e9s tart\u00f3ss\u00e1gukr\u00f3l h\u00edresek. Minden p\u00e1r pr\u00e9mium term\u00e9szetes b\u0151rb\u0151l k\u00e9sz\u00fcl, amely id\u0151vel gy\u00f6ny\u00f6r\u0171en \u00f6regszik. Ezek a keszty\u0171k nemcsak praktikusak \u00e9s tart\u00f3sak, hanem kifinomults\u00e1got is sug\u00e1roznak, alkalmasak mind a h\u00e9tk\u00f6znapi, mind a form\u00e1lis viseletekhez.<\/p>\r\n\r\n<p class=\"text-center gogp\">Fekete B\u0151rm\u0171keszty\u0171k\r\n\r\nA klasszikus alapdarab, fekete b\u0151rm\u0171keszty\u0171ink kifinomult kieg\u00e9sz\u00edt\u0151k, amelyek szinte b\u00e1rmilyen ruh\u00e1hoz illenek. Sokoldal\u00fas\u00e1guk miatt k\u00f6nnyed\u00e9n \u00e1t tudnak menni a nappali \u00e9s esti viseletek k\u00f6z\u00f6tt. Prec\u00edzen k\u00e9sz\u00fclnek \u00e9s tart\u00f3sak, fekete b\u0151rm\u0171keszty\u0171ink elengedhetetlen r\u00e9szei a kieg\u00e9sz\u00edt\u0151 gy\u0171jtem\u00e9nyednek, st\u00edlust, meleget \u00e9s sima illeszked\u00e9st biztos\u00edtva.<\/p>\r\n\r\nTerm\u00e9szetes b\u0151rb\u0151l k\u00e9sz\u00fclt n\u0151i keszty\u0171ink v\u00e1laszt\u00e9ka \u00fagy van kialak\u00edtva, hogy kiel\u00e9g\u00edtse a k\u00fcl\u00f6nb\u00f6z\u0151 ig\u00e9nyeket \u00e9s preferenci\u00e1kat, biztos\u00edtva, hogy minden p\u00e1r a divatot, funkci\u00f3t \u00e9s k\u00e9nyelmet \u00f6tv\u00f6zze. K\u00e9sz\u00fclj fel az \u00e9vszakra kifinomult v\u00e1laszt\u00e9kunkkal, \u00e9s tapasztald meg a b\u0151rm\u0171keszty\u0171ink p\u00e1ratlan min\u0151s\u00e9g\u00e9t \u00e9s st\u00edlus\u00e1t.<\/p>\r\n\r\n<\/div>\r\n<div class=\"gogclass text-center\"><button id=\"myBtn\" class=\"gogbtn\">Tov\u00e1bb olvasom<\/button><\/div>\r\n","link":"https:\/\/aavesa.com\/hu\/nok\/borkesztyu-noi\/","name":"B\u0151rkeszty\u0171 n\u0151i","slug":"borkesztyu-noi","taxonomy":"product_cat","parent":741,"meta":[],"acf":[],"_links":{"self":[{"href":"https:\/\/aavesa.com\/hu\/wp-json\/wp\/v2\/product_cat\/743","targetHints":{"allow":["GET"]}}],"collection":[{"href":"https:\/\/aavesa.com\/hu\/wp-json\/wp\/v2\/product_cat"}],"about":[{"href":"https:\/\/aavesa.com\/hu\/wp-json\/wp\/v2\/taxonomies\/product_cat"}],"up":[{"embeddable":true,"href":"https:\/\/aavesa.com\/hu\/wp-json\/wp\/v2\/product_cat\/741"}],"wp:post_type":[{"href":"https:\/\/aavesa.com\/hu\/wp-json\/wp\/v2\/product?product_cat=743"}],"curies":[{"name":"wp","href":"https:\/\/api.w.org\/{rel}","templated":true}]}}