

{"id":823,"count":10,"description":"<p class=\"text-center gogp\">A f\u00e9rfi b\u0151rkab\u00e1t az egyik legismertebb \u00e9s legkedveltebb ruhadarab a divat t\u00f6rt\u00e9net\u00e9ben. Ez a 'Moto' t\u00edpus\u00fa diz\u00e1jn el\u0151sz\u00f6r 1928-ban k\u00e9sz\u00fclt, \u00e9s az\u00f3ta sz\u00e1mos v\u00e1ltoz\u00e1son \u00e9s st\u00edluson ment kereszt\u00fcl, a motorosokt\u00f3l, rep\u00fcl\u0151kt\u0151l, katonai \u00e9s m\u00e1sodik vil\u00e1gh\u00e1bor\u00fas id\u0151szakokt\u00f3l kezdve, eg\u00e9szen a legismertebb divath\u00e1zakig \u00e9s tervez\u0151ikig. <span id=\"dots\"><\/span><\/p>\r\n\r\n<div id=\"more\">\r\n<p class=\"text-center gogp\">A kab\u00e1t extra hozz\u00e1\u00e1ll\u00e1st \u00e9s magabiztoss\u00e1got ad azoknak, akik viselni v\u00e1lasztj\u00e1k. A gy\u00e1runkban k\u00e9sz\u00fclt kab\u00e1tok juh b\u0151r nappa b\u0151rb\u0151l k\u00e9sz\u00fclnek, a legmagasabb min\u0151s\u00e9g\u0171ek, \u00e9s 0,7 mm vastags\u00e1g\u00faak. Ez a t\u00edpus\u00fa kab\u00e1t elengedhetetlen a ruhat\u00e1radb\u00f3l, mert, ahogy Jason Schott, az eredeti modell feltal\u00e1l\u00f3inak negyedik gener\u00e1ci\u00f3ja mondja: 'Amikor r\u00e1n\u00e9zel a kab\u00e1tra, elkapod a visel\u0151je \u00e9rzelmeit. M\u00e9g ha felpr\u00f3b\u00e1lod is, vagy csak n\u00e9zel valakit, aki viseli, olyan benyom\u00e1st kelt, mintha egy kem\u00e9ny attit\u0171ddel rendelkez\u0151 szem\u00e9ly lenn\u00e9l. Ez valami, ami gener\u00e1ci\u00f3kon kereszt\u00fcl er\u0151s\u00f6d\u00f6tt. Ez az embl\u00e9m\u00e1s r\u00f6vid b\u0151rkab\u00e1t modell t\u00f6bb diz\u00e1jnban \u00e9s sz\u00ednben, r\u00e9szletekkel \u00e9s k\u00fcl\u00f6nleges varr\u00e1sokkal, cipz\u00e1rokkal \u00e9s csavarokkal pontosan elhelyezve megtal\u00e1lhat\u00f3 az A&amp;A Vesa f\u00e9rfi kollekci\u00f3j\u00e1ban. A kab\u00e1t k\u00fcls\u0151 r\u00e9sze nappa b\u0151r, belseje pedig poli\u00e9szter sz\u00f6vet anyaggal van b\u00e9lelve. Egy kab\u00e1t, amely t\u00f6bb mint h\u00e1romnegyed \u00e9vsz\u00e1zad t\u00f6rt\u00e9net\u00e9vel rendelkezik, \u00e9s amely m\u00e9lt\u00e1n helyet \u00e9rdemel a ruhat\u00e1radban.<\/p>\r\n<\/div>\r\n<div class=\"gogclass text-center\"><button id=\"myBtn\" class=\"gogbtn\">Tov\u00e1bb olvasom<\/button><\/div>\r\n","link":"https:\/\/aavesa.com\/hu\/bor-ruhak-ferfiaknak\/","name":"B\u0151r ruh\u00e1k f\u00e9rfiaknak","slug":"bor-ruhak-ferfiaknak","taxonomy":"product_cat","parent":0,"meta":[],"acf":[],"_links":{"self":[{"href":"https:\/\/aavesa.com\/hu\/wp-json\/wp\/v2\/product_cat\/823","targetHints":{"allow":["GET"]}}],"collection":[{"href":"https:\/\/aavesa.com\/hu\/wp-json\/wp\/v2\/product_cat"}],"about":[{"href":"https:\/\/aavesa.com\/hu\/wp-json\/wp\/v2\/taxonomies\/product_cat"}],"wp:post_type":[{"href":"https:\/\/aavesa.com\/hu\/wp-json\/wp\/v2\/product?product_cat=823"}],"curies":[{"name":"wp","href":"https:\/\/api.w.org\/{rel}","templated":true}]}}