

{"id":883,"count":12,"description":"Fedezd fel exkluz\u00edv n\u0151i b\u0151rtrench kab\u00e1tjaink \u00e9s kab\u00e1tjaink v\u00e1laszt\u00e9k\u00e1t, egy olyan kollekci\u00f3t, amely az eleganci\u00e1t, a kifinomults\u00e1got \u00e9s a praktikuss\u00e1got \u00f6tv\u00f6zi. Ez a kateg\u00f3ria a klasszikus n\u0151i b\u0151rkab\u00e1t diz\u00e1jnokat modern \u00e9rtelmez\u00e9sekkel kombin\u00e1lja, v\u00e1ltozatos st\u00edlusokat k\u00edn\u00e1lva, amelyek minden ruhat\u00e1rhoz illenek. <span id=\"dots\"><\/span>\r\n\r\n<div id=\"more\"> <h2 style=\"text-align: center\">N\u0151i b\u0151rkab\u00e1t<\/h2> Kollekci\u00f3nk minden n\u0151i b\u0151rkab\u00e1tja \u00fagy van tervezve, hogy ne csak melegs\u00e9get \u00e9s k\u00e9nyelmet ny\u00fajtson, hanem egy\u00e9rtelm\u0171 st\u00edlust is biztos\u00edtson. A magas min\u0151s\u00e9g\u0171 b\u0151r, amelyet ezeknek a kab\u00e1toknak a k\u00e9sz\u00edt\u00e9s\u00e9hez haszn\u00e1lnak, tart\u00f3ss\u00e1got \u00e9s figyelemfelkelt\u0151 megjelen\u00e9st garant\u00e1l, legyen sz\u00f3 klasszikus vagy avantg\u00e1rd modellr\u0151l. <h2 style=\"text-align: center\">N\u0151i kab\u00e1tok<\/h2> A n\u0151i kab\u00e1tok v\u00e1ltozatos modellekb\u0151l \u00e1llnak, a hossz\u00fa \u00e9s l\u00e9gies darabokt\u00f3l a r\u00f6videbb, struktur\u00e1lt kab\u00e1tokig, mind pr\u00e9mium anyagokb\u00f3l k\u00e9sz\u00fclve. Minden kab\u00e1tot apr\u00f3l\u00e9kosan dolgoznak ki, hogy kiv\u00e1l\u00f3 min\u0151s\u00e9get \u00e9s t\u00f6k\u00e9letes illeszked\u00e9st biztos\u00edtson. <h2 style=\"text-align: center\">T\u00e9li n\u0151i kab\u00e1t<\/h2> A n\u0151i t\u00e9li kab\u00e1tok elengedhetetlenek a hideg h\u00f3napokra tervezett kollekci\u00f3kban. \u00dagy vannak tervezve, hogy ellen\u00e1lljanak a hidegnek, mik\u00f6zben nem kompromitt\u00e1lj\u00e1k a st\u00edlust; ezek a kab\u00e1tok k\u00fcl\u00f6nb\u00f6z\u0151 sz\u00ednekben \u00e9s szab\u00e1sokban kaphat\u00f3k, biztos\u00edtva, hogy megtal\u00e1ld a t\u00f6k\u00e9letes modellt az \u00f6lt\u00f6z\u00e9kedhez. <h2 style=\"text-align: center\">R\u00f6vid n\u0151i kab\u00e1t<\/h2> A r\u00f6vid n\u0151i kab\u00e1t t\u00f6k\u00e9letes az \u0151szi napokra vagy enyh\u00e9bb telekre. Ezek a modellek sokoldal\u00faak, \u00e9s k\u00f6nnyen p\u00e1ros\u00edthat\u00f3k k\u00fcl\u00f6nb\u00f6z\u0151 \u00f6lt\u00f6z\u00e9kekkel, ak\u00e1r az irod\u00e1ba m\u00e9sz, ak\u00e1r a v\u00e1rosban s\u00e9t\u00e1lsz. <h2 style=\"text-align: center\">Eleg\u00e1ns n\u0151i kab\u00e1tok<\/h2> Eleg\u00e1ns n\u0151i kab\u00e1tjaink ide\u00e1lisak form\u00e1lis esem\u00e9nyekhez vagy olyan napokhoz, amikor extra kifinomults\u00e1got szeretn\u00e9l csemp\u00e9szni a megjelen\u00e9sedbe. A magas min\u0151s\u00e9g\u0171 anyagok \u00e9s a kifinomult szab\u00e1sok minden kab\u00e1tot igaz\u00e1n st\u00edlusos darabb\u00e1 var\u00e1zsolnak. <h2 style=\"text-align: center\">Fekete n\u0151i kab\u00e1t<\/h2> A fekete n\u0151i kab\u00e1t minden ruhat\u00e1r alapdarabja, k\u00f6sz\u00f6nhet\u0151en sokoldal\u00fas\u00e1g\u00e1nak \u00e9s eleganci\u00e1j\u00e1nak. Szinte b\u00e1rmivel p\u00e1ros\u00edthat\u00f3, finom \u00e9rint\u00e9st adva minden \u00f6ssze\u00e1ll\u00edt\u00e1shoz. <h2 style=\"text-align: center\">B\u0151rtrench kab\u00e1t<\/h2> A b\u0151rtrench kab\u00e1tok st\u00edlusos \u00fajra\u00e9rtelmez\u00e9sei az id\u0151tlen klasszikusoknak. Ezek a darabok nemcsak praktikusak \u00e9s k\u00e9nyelmesek, hanem egy csipetnyi eleganci\u00e1t is adnak b\u00e1rmilyen \u00f6lt\u00f6z\u00e9khez. Trench kab\u00e1tjaink tart\u00f3sak, \u00f6tv\u00f6zve a funkcionalit\u00e1st a modern eszt\u00e9tik\u00e1val. Ez a v\u00e1ltozatos kollekci\u00f3 boltjainkban is el\u00e9rhet\u0151 Aradon, Bukarestben, Temesv\u00e1ron \u00e9s Galacon, ahol felpr\u00f3b\u00e1lhatod \u00e9s v\u00e1laszthatsz a leny\u0171g\u00f6z\u0151 n\u0151i b\u0151rkab\u00e1tok \u00e9s trench kab\u00e1tok sz\u00e9les v\u00e1laszt\u00e9k\u00e1b\u00f3l. Minden darab a kiv\u00e1l\u00f3 min\u0151s\u00e9g \u00e9s diz\u00e1jn ir\u00e1nti elk\u00f6telezetts\u00e9g\u00fcnket t\u00fckr\u00f6zi, biztos\u00edtva, hogy minden v\u00e1laszt\u00e1s t\u00f6k\u00e9letesen illeszkedjen ig\u00e9nyeidhez \u00e9s preferenci\u00e1idhoz. L\u00e1togass el hozz\u00e1nk, hogy t\u00f6bbet felfedezhess, \u00e9s friss\u00edtsd ruhat\u00e1radat olyan kiv\u00e9teles darabokkal, amelyek eleganci\u00e1t \u00e9s kifinomults\u00e1got adnak szem\u00e9lyes st\u00edlusodhoz. <\/div> <div class=\"gogclass text-center\"><button id=\"myBtn\" class=\"gogbtn\">Read more<\/button><\/div>","link":"https:\/\/aavesa.com\/hu\/nok\/borkabatok-es-borkabatok\/","name":"B\u0151rkab\u00e1tok &amp; B\u0151rtrench Kab\u00e1tok","slug":"borkabatok-es-borkabatok","taxonomy":"product_cat","parent":741,"meta":[],"acf":[],"_links":{"self":[{"href":"https:\/\/aavesa.com\/hu\/wp-json\/wp\/v2\/product_cat\/883","targetHints":{"allow":["GET"]}}],"collection":[{"href":"https:\/\/aavesa.com\/hu\/wp-json\/wp\/v2\/product_cat"}],"about":[{"href":"https:\/\/aavesa.com\/hu\/wp-json\/wp\/v2\/taxonomies\/product_cat"}],"up":[{"embeddable":true,"href":"https:\/\/aavesa.com\/hu\/wp-json\/wp\/v2\/product_cat\/741"}],"wp:post_type":[{"href":"https:\/\/aavesa.com\/hu\/wp-json\/wp\/v2\/product?product_cat=883"}],"curies":[{"name":"wp","href":"https:\/\/api.w.org\/{rel}","templated":true}]}}